{"id":6830,"date":"2024-07-11T09:09:46","date_gmt":"2024-07-11T07:09:46","guid":{"rendered":"https:\/\/serbenidorm.daliisolutions.com\/index.php\/2024\/07\/11\/asi-celebro-benidorm-el-pase-de-la-roja-a-la-final-de-la-eurocopa\/"},"modified":"2024-07-11T09:09:46","modified_gmt":"2024-07-11T07:09:46","slug":"asi-celebro-benidorm-el-pase-de-la-roja-a-la-final-de-la-eurocopa","status":"publish","type":"post","link":"https:\/\/serbenidorm.daliisolutions.com\/index.php\/2024\/07\/11\/asi-celebro-benidorm-el-pase-de-la-roja-a-la-final-de-la-eurocopa\/","title":{"rendered":"As\u00ed celebr\u00f3 Benidorm el pase de La Roja a la final de la Eurocopa"},"content":{"rendered":"  <p>Benidorm<\/p>   <p>M\u00e1s de medio millar de personas se unieron en la tarde de este martes en el auditorio \u00d3scar Espl\u00e0 de Benidorm para disfrutar de <a href=\"https:\/\/cadenaser.com\/nacional\/2024\/07\/09\/espana-lo-ha-vuelto-a-hacer-si-cabe-con-mas-emocion-que-en-otras-ocasiones-manu-carreno-arranca-asi-el-larguero-tras-el-espana-2-1-francia-cadena-ser\/\" target=\"_blank\" rel=\"noopener\">la victoria de Espa\u00f1a ante Francia en la semifinal de la Eurocopa 2024<\/a> y de la gran fiesta que para la ocasi\u00f3n organizaron la Comissi\u00f3 de les Festes Majors Patronals y <a href=\"https:\/\/cadenaser.com\/radio-benidorm\/ser-deportivos-benidorm\/\" target=\"_blank\" rel=\"noopener\">Radio Benidorm-SER<\/a>.<\/p>   <p>Dos horas antes de que el bal\u00f3n comenzara a rodar en el Allianz Arena de M\u00fanich, Aitor Belda fue el encargado de poner a todo Benidorm a bailar y cantar con una sesi\u00f3n que culmin\u00f3, apenas unos minutos antes del pitido inicial, con una de las grandes sorpresas de la noche: el v\u00eddeo del m\u00e1ximo goleador hist\u00f3rico de La Roja, David Villa, saludando a la afici\u00f3n benidormense y deseando suerte a la Selecci\u00f3n.<\/p>   <p><b>David Villa, m\u00e1ximo goleador hist\u00f3rico de La Roja<\/b><\/p>   <p><div id=\"video_1720604278330\"><img loading=\"lazy\" decoding=\"async\" src=\"https:\/\/cadenaser.com\/resizer\/v2\/https%3A%2F%2Fsdmedia.playser.cadenaser.com%2Fmcv%2Fplayser%2Fmultimedia%2F20240710%2F977303_093810_still.0000001.jpg?auth=cb98e31a2809db17efdff835a293f3e154b92324e7fd7d5fb4396a8d3d7cd528&amp;quality=70&amp;width=655&amp;height=368&amp;smart=true\" width=\"16\" height=\"9\" \/><\/div><\/p>   <p>Ni siquiera el tempranero gol de Randal Kolo que pon\u00eda por delante a los franceses consigui\u00f3 enfriar los \u00e1nimos de un auditorio y de una ciudad que estallaron de j\u00fabilo en <a href=\"https:\/\/cadenaser.com\/nacional\/2024\/07\/09\/lamine-yamal-pone-en-jaque-a-francia-y-espana-buscara-la-cuarta-eurocopa-en-berlin-cadena-ser\/\" target=\"_blank\" rel=\"noopener\">los cuatro minutos m\u00e1gicos de Espa\u00f1a con los goles de Lamine Yamal y Dani Olmo<\/a> que pon\u00edan el 2-1 definitivo en el marcador.<\/p>   <p>Ya en la segunda mitad y, sobre todo, tras el pitido final, los c\u00e1nticos futboleros m\u00e1s cl\u00e1sicos y la m\u00fasica de Aitor Belda no dejaron de sonar a coro para poner el broche de oro a la noche m\u00e1gica de La Roja.<\/p>   <p>     .c-w{         max-width:444px;         width:100%;         margin:16px auto;      background:#00755E;         border-radius:4px;         display:flex;         align-items:center;         justify-content:center;     }     .c-w a{         display:flex;         align-items:center;         justify-content:center;         padding:4px 24px;     }     .c-w img{         width:24px;         margin-right:12px;     }     .c-w p{         font:18px\/25px Poppins;         text-align:center;         color:#fff;         margin:0;     }     @media (max-width:444px){         .c-w a{             padding:4px 12px;         }         .c-w img{             width:24px;             margin-right:8px;         }         .c-w p{             font:14px\/25px Poppins;         }     }     @media (max-width:335px){         .c-w p{             font:13px\/25px Poppins;         }     }  <div class=\"c-w\">     <a href=\"https:\/\/www.whatsapp.com\/channel\/0029Va633PF9WtC4l7XUzh1e\" target=\"_blank\" rel=\"noopener\">         <img decoding=\"async\" src=\"https:\/\/cadenaser.com\/estaticos\/recursosgraficos\/responsive\/img\/ico-whatsapp.svg\" alt=\"Whatsapp\">         <p>\u00danete al <b>canal de WhatsApp<\/b> de la SER<\/p>     <\/a> <\/div><\/p>   <p><div id=\"video_1720604431445\"><img loading=\"lazy\" decoding=\"async\" src=\"https:\/\/cadenaser.com\/resizer\/v2\/https%3A%2F%2Fsdmedia.playser.cadenaser.com%2Fmcv%2Fplayser%2Fmultimedia%2F20240710%2F977304_094036_still.0000001.jpg?auth=5c97994c073525eebbcd2ccd589a365452717a92a78cbad70f0c5d9e938bb825&amp;quality=70&amp;width=655&amp;height=368&amp;smart=true\" width=\"16\" height=\"9\" \/><\/div><\/p>   <p><b>El domingo, la final en el Julio Iglesias<\/b><\/p>   <p><a href=\"https:\/\/cadenaser.com\/nacional\/2024\/07\/09\/si-si-si-nos-vamos-a-berlin-asi-sono-en-carrusel-deportivo-la-emocionante-clasificacion-de-la-seleccion-para-la-final-de-la-eurocopa-cadena-ser\/\" target=\"_blank\" rel=\"noopener\">Despu\u00e9s de que los de Luis De la Fuente consiguieran su pasaporte a Berl\u00edn<\/a>, la Comissi\u00f3 de les Festes Majors Patronals y <a href=\"https:\/\/cadenaser.com\/radio-benidorm\/\" target=\"_blank\" rel=\"noopener\">Radio Benidorm-SER<\/a> trabajan ya para organizar una fiesta todav\u00eda mayor con motivo de esa final en la que Espa\u00f1a puede convertirse en la primera selecci\u00f3n en hacerse con cuatro t\u00edtulos continentales.<\/p>   <p>A la espera de conocer el rival en esa final (que podr\u00eda deparar un \u2018derbi local\u2019 entre La Roja e Inglaterra), los festeros benidormenses y la SER ya han citado a todos los que quieran vivir la locura del f\u00fatbol <b>a partir de las 19:00 horas del domingo en el auditorio Julio Iglesias del Parc de l\u2019Aig\u00fcera<\/b>.<\/p>   <p><b>As\u00ed hemos vivido la Semifinal<\/b><\/p>  <p><figure><img loading=\"lazy\" decoding=\"async\" src=\"https:\/\/cadenaser.com\/resizer\/v2\/UWQYDZWBSJDYFGR7EAXGMSGLX4.jpeg?auth=da94fec02f27098b9fd1314cbe0e681405ba05551b52f7567d65c758705f8174&amp;quality=70&amp;width=650&amp;height=487&amp;smart=true\" width=\"4\" height=\"3\" \/><\/figure><button class=\"bt-am\">Ampliar<\/button><\/p>  <p><figure><img loading=\"lazy\" decoding=\"async\" src=\"https:\/\/cadenaser.com\/resizer\/v2\/3FMBGNA6XVAITDPYX7GXIG3VLI.jpeg?auth=b217678d4757e61b6f2fc9d6ffc91784ffd10399232a062d039668e8bcbb74a0&amp;quality=70&amp;width=650&amp;height=365&amp;smart=true\" width=\"16\" height=\"9\" \/><\/figure><button class=\"bt-am\">Ampliar<\/button><\/p>  <p><figure><img loading=\"lazy\" decoding=\"async\" src=\"https:\/\/cadenaser.com\/resizer\/v2\/IETTLWWGFVHQLAHCJUWNOJXIMA.jpeg?auth=bbaae7fd654c8ba0cd6fd1638dbe7ea5b21f23310b3cb927c3f4592e6f869d9e&amp;quality=70&amp;width=650&amp;height=487&amp;smart=true\" width=\"4\" height=\"3\" \/><\/figure><button class=\"bt-am\">Ampliar<\/button><\/p>  <p><figure><img loading=\"lazy\" decoding=\"async\" src=\"https:\/\/cadenaser.com\/resizer\/v2\/ZTPH2VW53BAARC6ITQTXHANI5I.jpeg?auth=aa46043595b9cb2f093ba555fbe90eb9e46f49449282c83227ea662a541f2ab9&amp;quality=70&amp;width=650&amp;height=487&amp;smart=true\" width=\"4\" height=\"3\" \/><\/figure><button class=\"bt-am\">Ampliar<\/button><\/p>  <p><figure><img loading=\"lazy\" decoding=\"async\" src=\"https:\/\/cadenaser.com\/resizer\/v2\/QOUNPONJXZBLFCC4AIQBHCCRTU.jpeg?auth=38eac2e223031d08ddaeb95afe544f323c01a74ec7629ff636eabf34a0a925a6&amp;quality=70&amp;width=650&amp;height=487&amp;smart=true\" width=\"4\" height=\"3\" \/><\/figure><button class=\"bt-am\">Ampliar<\/button><\/p>  <p><figure><img loading=\"lazy\" decoding=\"async\" src=\"https:\/\/cadenaser.com\/resizer\/v2\/ANLSW2PJXRGRZD4L32ZFAKDL24.jpeg?auth=dda6a80390e99cf4a4fdebd35f8792c1f4d91e222a80662819f575f2edd7b316&amp;quality=70&amp;width=650&amp;height=487&amp;smart=true\" width=\"4\" height=\"3\" \/><\/figure><button class=\"bt-am\">Ampliar<\/button><\/p>  <p><figure><img loading=\"lazy\" decoding=\"async\" src=\"https:\/\/cadenaser.com\/resizer\/v2\/R6AXDMIB5NG57NR5E5SCX7EJOY.jpeg?auth=8394a91488b28bab9b43dde3f25dfbeb9884ad6dc3d2022d170caeb4d2ec781a&amp;quality=70&amp;width=650&amp;height=487&amp;smart=true\" width=\"4\" height=\"3\" \/><\/figure><button class=\"bt-am\">Ampliar<\/button><\/p> ","protected":false},"excerpt":{"rendered":"<p>La Comisi\u00f3n de Fiestas y Radio Benidorm-SER llenaron hasta la bandera el auditorio \u00d3scar Espl\u00e1<\/p>\n","protected":false},"author":0,"featured_media":6831,"comment_status":"open","ping_status":"open","sticky":false,"template":"","format":"standard","meta":{"_acf_changed":false,"footnotes":""},"categories":[1],"tags":[],"class_list":["post-6830","post","type-post","status-publish","format-standard","has-post-thumbnail","hentry","category-sin-categoria"],"acf":{"ser_id":"L5TUG6Y3HBA6ZA3XMNM576SEXA","ser_url":"https:\/\/cadenaser.com\/comunitat-valenciana\/2024\/07\/10\/asi-celebro-benidorm-la-victoria-de-la-roja-a-la-final-de-la-eurocopa-radio-benidorm\/"},"_links":{"self":[{"href":"https:\/\/serbenidorm.daliisolutions.com\/index.php\/wp-json\/wp\/v2\/posts\/6830","targetHints":{"allow":["GET"]}}],"collection":[{"href":"https:\/\/serbenidorm.daliisolutions.com\/index.php\/wp-json\/wp\/v2\/posts"}],"about":[{"href":"https:\/\/serbenidorm.daliisolutions.com\/index.php\/wp-json\/wp\/v2\/types\/post"}],"replies":[{"embeddable":true,"href":"https:\/\/serbenidorm.daliisolutions.com\/index.php\/wp-json\/wp\/v2\/comments?post=6830"}],"version-history":[{"count":0,"href":"https:\/\/serbenidorm.daliisolutions.com\/index.php\/wp-json\/wp\/v2\/posts\/6830\/revisions"}],"wp:featuredmedia":[{"embeddable":true,"href":"https:\/\/serbenidorm.daliisolutions.com\/index.php\/wp-json\/wp\/v2\/media\/6831"}],"wp:attachment":[{"href":"https:\/\/serbenidorm.daliisolutions.com\/index.php\/wp-json\/wp\/v2\/media?parent=6830"}],"wp:term":[{"taxonomy":"category","embeddable":true,"href":"https:\/\/serbenidorm.daliisolutions.com\/index.php\/wp-json\/wp\/v2\/categories?post=6830"},{"taxonomy":"post_tag","embeddable":true,"href":"https:\/\/serbenidorm.daliisolutions.com\/index.php\/wp-json\/wp\/v2\/tags?post=6830"}],"curies":[{"name":"wp","href":"https:\/\/api.w.org\/{rel}","templated":true}]}}