{"id":6834,"date":"2024-07-11T09:09:48","date_gmt":"2024-07-11T07:09:48","guid":{"rendered":"https:\/\/serbenidorm.daliisolutions.com\/index.php\/2024\/07\/11\/el-consorci-mare-mejora-su-recuperacion-de-los-residuos-organicos-con-un-proyecto-subvencionado-por-europa\/"},"modified":"2024-07-11T09:09:48","modified_gmt":"2024-07-11T07:09:48","slug":"el-consorci-mare-mejora-su-recuperacion-de-los-residuos-organicos-con-un-proyecto-subvencionado-por-europa","status":"publish","type":"post","link":"https:\/\/serbenidorm.daliisolutions.com\/index.php\/2024\/07\/11\/el-consorci-mare-mejora-su-recuperacion-de-los-residuos-organicos-con-un-proyecto-subvencionado-por-europa\/","title":{"rendered":"El Consorci Mare mejora su recuperaci\u00f3n de los residuos org\u00e1nicos con un proyecto subvencionado por Europa"},"content":{"rendered":"  <p>Benidorm<\/p>   <p>El Consorci Mare fue beneficiario por la resoluci\u00f3n de 20 de enero de 2023 emitida por el secretario auton\u00f3mico de Emergencia Clim\u00e1tica y Transici\u00f3n Ecol\u00f3gica de la Generalitat Valenciana de las ayudas para instalaciones de tratamiento de residuos, financiadas por el Plan de Recuperaci\u00f3n, Transformaci\u00f3n y Resiliencia.<\/p>   <p>Este proyecto, ya finalizado, ha incluido actuaciones en la planta de pretratamiento y <a href=\"https:\/\/cadenaser.com\/tag\/benidorm\/a\/\" target=\"_blank\" rel=\"noopener\">clasificaci\u00f3n de residuos y las naves de compostaje del Complejo Ambiental de El Campello<\/a>. <\/p>   <p>Desde 2009, estas instalaciones convierten los residuos org\u00e1nicos en nuevos recursos a trav\u00e9s de dos procesos: la biometanizaci\u00f3n, que permite la extracci\u00f3n del combustible biog\u00e1s, y el compostaje, que transforma los restos org\u00e1nicos en un abono natural. <\/p>  <p><p>M\u00e1s informaci\u00f3n<\/p><figure><img loading=\"lazy\" decoding=\"async\" src=\"https:\/\/cadenaser.com\/resizer\/v2\/WPBPE4YUQNAEVMG26SS6SEXGB4.jpg?auth=11dab24150a2f9bb069ea1179014c1c742addea4e8583aefca53705dc27934cb&amp;quality=70&amp;width=360&amp;height=202&amp;smart=true\" width=\"820\" height=\"621\" \/><\/figure><ul><li><a href=\"https:\/\/cadenaser.com\/comunitat-valenciana\/2024\/07\/10\/benidorm-quiere-unir-la-depuradora-con-todos-los-barrios-con-un-plan-de-agua-regenerada-radio-benidorm\/\"><span>Benidorm quiere unir la depuradora con todos los barrios con un plan de agua regenerada<\/span><\/a><\/li><\/ul><\/p>   <p>En aquel entonces, se utilizaba una tecnolog\u00eda basada en el compostaje aerobio que permit\u00eda un control parcial de los par\u00e1metros: ahora, gracias a este proyecto ya ejecutado, se ha optimizado este proceso clave para la reducci\u00f3n de nuestros residuos.<\/p>   <p>\u201cCon este proyecto, hemos podido optimizar y mejorar nuestros procesos de recuperaci\u00f3n de residuos, como el compostaje,\u201d ha explicado el presidente del Consorci Mare Jos\u00e9 Ram\u00f3n Gonz\u00e1lez de Z\u00e1rate. \u201cGracias a las mejoras implementadas, podemos seguir mejorando nuestra eficiencia en la gesti\u00f3n de los residuos y avanzar hacia la sostenibilidad integral.\u201d<\/p>   <p>     .c-w{         max-width:444px;         width:100%;         margin:16px auto;      background:#00755E;         border-radius:4px;         display:flex;         align-items:center;         justify-content:center;     }     .c-w a{         display:flex;         align-items:center;         justify-content:center;         padding:4px 24px;     }     .c-w img{         width:24px;         margin-right:12px;     }     .c-w p{         font:18px\/25px Poppins;         text-align:center;         color:#fff;         margin:0;     }     @media (max-width:444px){         .c-w a{             padding:4px 12px;         }         .c-w img{             width:24px;             margin-right:8px;         }         .c-w p{             font:14px\/25px Poppins;         }     }     @media (max-width:335px){         .c-w p{             font:13px\/25px Poppins;         }     }  <div class=\"c-w\">     <a href=\"https:\/\/www.whatsapp.com\/channel\/0029Va633PF9WtC4l7XUzh1e\" target=\"_blank\" rel=\"noopener\">         <img decoding=\"async\" src=\"https:\/\/cadenaser.com\/estaticos\/recursosgraficos\/responsive\/img\/ico-whatsapp.svg\" alt=\"Whatsapp\">         <p>\u00danete al <b>canal de WhatsApp<\/b> de la SER<\/p>     <\/a> <\/div><\/p>   <p>El proyecto, financiado con fondos del Plan de Recuperaci\u00f3n, Transformaci\u00f3n y Resiliencia, incluye un sistema de compostaje en reactores automatizados para los residuos org\u00e1nicos que se recogen de forma separada en los municipios. A diferencia del antiguo, este sistema se basa en un recinto rectangular con paredes de acero inoxidable que contiene un puente gestor que remueve los residuos con volteos diarios que permiten la degradaci\u00f3n biol\u00f3gica y la maduraci\u00f3n de la materia org\u00e1nica.<\/p>   <p>\u201cLa recuperaci\u00f3n de la materia org\u00e1nica, que ha aumentado en casi un 7% respecto al a\u00f1o pasado, es crucial para cumplir los objetivos de reducci\u00f3n de rechazo y hacer realidad la econom\u00eda circular,\u201d ha recordado el presidente Gonz\u00e1lez de Z\u00e1rate.<\/p>   <p>La subvenci\u00f3n, enmarcada en la L\u00cdNEA A de las ayudas, est\u00e1 dirigida a la construcci\u00f3n, adaptaci\u00f3n o mejora de instalaciones espec\u00edficas para el tratamiento de los biorresiduos recogidos separadamente, y forma parte del Plan de Recuperaci\u00f3n, Transformaci\u00f3n y Resiliencia, financiado por la Uni\u00f3n Europea. Este apoyo ha permitido al Consorcio llevar a cabo mejoras significativas en las instalaciones de compostaje y digesti\u00f3n anaerobia existentes, con el objetivo de optimizar el tratamiento de los biorresiduos.<\/p> ","protected":false},"excerpt":{"rendered":"<p>Ha aumentado un 7 % en el \u00faltimo a\u00f1o<\/p>\n","protected":false},"author":0,"featured_media":6835,"comment_status":"open","ping_status":"open","sticky":false,"template":"","format":"standard","meta":{"_acf_changed":false,"footnotes":""},"categories":[1],"tags":[],"class_list":["post-6834","post","type-post","status-publish","format-standard","has-post-thumbnail","hentry","category-sin-categoria"],"acf":{"ser_id":"C6AHQNZSBNCFDNAUG7H6GTSNU4","ser_url":"https:\/\/cadenaser.com\/comunitat-valenciana\/2024\/07\/10\/el-consorci-mare-mejora-su-recuperacion-de-los-residuos-organicos-con-un-proyecto-subvencionado-por-europa-radio-benidorm\/"},"_links":{"self":[{"href":"https:\/\/serbenidorm.daliisolutions.com\/index.php\/wp-json\/wp\/v2\/posts\/6834","targetHints":{"allow":["GET"]}}],"collection":[{"href":"https:\/\/serbenidorm.daliisolutions.com\/index.php\/wp-json\/wp\/v2\/posts"}],"about":[{"href":"https:\/\/serbenidorm.daliisolutions.com\/index.php\/wp-json\/wp\/v2\/types\/post"}],"replies":[{"embeddable":true,"href":"https:\/\/serbenidorm.daliisolutions.com\/index.php\/wp-json\/wp\/v2\/comments?post=6834"}],"version-history":[{"count":0,"href":"https:\/\/serbenidorm.daliisolutions.com\/index.php\/wp-json\/wp\/v2\/posts\/6834\/revisions"}],"wp:featuredmedia":[{"embeddable":true,"href":"https:\/\/serbenidorm.daliisolutions.com\/index.php\/wp-json\/wp\/v2\/media\/6835"}],"wp:attachment":[{"href":"https:\/\/serbenidorm.daliisolutions.com\/index.php\/wp-json\/wp\/v2\/media?parent=6834"}],"wp:term":[{"taxonomy":"category","embeddable":true,"href":"https:\/\/serbenidorm.daliisolutions.com\/index.php\/wp-json\/wp\/v2\/categories?post=6834"},{"taxonomy":"post_tag","embeddable":true,"href":"https:\/\/serbenidorm.daliisolutions.com\/index.php\/wp-json\/wp\/v2\/tags?post=6834"}],"curies":[{"name":"wp","href":"https:\/\/api.w.org\/{rel}","templated":true}]}}