{"id":6836,"date":"2024-07-11T09:09:51","date_gmt":"2024-07-11T07:09:51","guid":{"rendered":"https:\/\/serbenidorm.daliisolutions.com\/index.php\/2024\/07\/11\/benidorm-quiere-unir-la-depuradora-con-todos-los-barrios-con-un-plan-de-agua-regenerada\/"},"modified":"2024-07-11T09:09:51","modified_gmt":"2024-07-11T07:09:51","slug":"benidorm-quiere-unir-la-depuradora-con-todos-los-barrios-con-un-plan-de-agua-regenerada","status":"publish","type":"post","link":"https:\/\/serbenidorm.daliisolutions.com\/index.php\/2024\/07\/11\/benidorm-quiere-unir-la-depuradora-con-todos-los-barrios-con-un-plan-de-agua-regenerada\/","title":{"rendered":"Benidorm quiere unir la depuradora con todos los barrios con un plan de agua regenerada"},"content":{"rendered":"  <p>Benidorm<\/p>   <p>El Ayuntamiento de Benidorm ha aprobado la redacci\u00f3n del Plan Director de Agua Regenerada, que ha encargado a la empresa concesionaria de la gesti\u00f3n del ciclo integral h\u00eddrico en el municipio, Hidraqua, lo que permitir\u00e1 llevar este recurso desde la planta de tratamiento terciario de la EDAR a todos los barrios de la ciudad.<\/p>   <p><a href=\"https:\/\/cadenaser.com\/tag\/benidorm\/a\/\" target=\"_blank\" rel=\"noopener\">El proyecto tiene como objetivo generalizar el uso de agua tratada y depurada en espacios p\u00fablicos y privados para limitar al m\u00e1ximo, en la medida de lo posible, la utilizaci\u00f3n de agua potable en baldeos y riegos<\/a>.<\/p>  <p><p class=\"tit\"><span>Hora 14 Benidorm (09\/07\/2024)<\/span><\/p> <p class=\"emb\"><iframe loading=\"lazy\" src=\"https:\/\/cadenaser.com\/embed\/audio\/460\/cadenaser_benidorm_hora14benidorm_20240709_141700_143000\/\" width=\"100%\" height=\"360\" frameborder=\"0\" allowfullscreen><\/iframe><\/p><\/p>   <p>Este plan, aprobado en junta de gobierno local, permitir\u00e1 desplegar la red de tuber\u00edas necesaria para \u201cllevar el agua regenerada desde la planta de tratamiento terciario de la Estaci\u00f3n Depuradora de Aguas Residuales (EDAR) a todos los barrios de la urbe y ampliar sus actuales usos\u201d, seg\u00fan han informado desde la Concejal\u00eda de Ciclo Integral del Agua.<\/p>   <p>El edil del \u00e1rea, Jos\u00e9 Ram\u00f3n Gonz\u00e1lez de Z\u00e1rate, ha anunciado que no solo van a ampliar el empleo de \u00abesa agua regenerada para los usos p\u00fablicos actuales, sino tambi\u00e9n ponerla a disposici\u00f3n de las comunidades de vecinos, urbanizaciones, hoteles, etc., para que dejen regar sus zonas verdes con agua potable\u201d.<\/p>   <p><div><a href=\"https:\/\/cadenaser.com\/comunitat-valenciana\/2024\/07\/08\/fechas-y-novedades-del-benidorm-fest-2025-radio-benidorm\/\">Fechas y novedades del Benidorm Fest 2025<\/a><p><\/p><\/div><\/p>   <p>De esta manera, seg\u00fan ha afirmado Gonz\u00e1lez de Z\u00e1rate, se obtiene \u00abun doble ahorro: de agua potable y de dinero, dado que el agua regenerada es m\u00e1s barata\u201d.<\/p>   <p>     .c-w{         max-width:444px;         width:100%;         margin:16px auto;      background:#00755E;         border-radius:4px;         display:flex;         align-items:center;         justify-content:center;     }     .c-w a{         display:flex;         align-items:center;         justify-content:center;         padding:4px 24px;     }     .c-w img{         width:24px;         margin-right:12px;     }     .c-w p{         font:18px\/25px Poppins;         text-align:center;         color:#fff;         margin:0;     }     @media (max-width:444px){         .c-w a{             padding:4px 12px;         }         .c-w img{             width:24px;             margin-right:8px;         }         .c-w p{             font:14px\/25px Poppins;         }     }     @media (max-width:335px){         .c-w p{             font:13px\/25px Poppins;         }     }  <div class=\"c-w\">     <a href=\"https:\/\/www.whatsapp.com\/channel\/0029Va633PF9WtC4l7XUzh1e\" target=\"_blank\" rel=\"noopener\">         <img decoding=\"async\" src=\"https:\/\/cadenaser.com\/estaticos\/recursosgraficos\/responsive\/img\/ico-whatsapp.svg\" alt=\"Whatsapp\">         <p>\u00danete al <b>canal de WhatsApp<\/b> de la SER<\/p>     <\/a> <\/div><\/p>   <p>Excedente de agua depurada<\/p>   <p>Ha rese\u00f1ado que la EDAR de Benidorm \u201ctiene actualmente un importante excedente de agua depurada que podr\u00eda ser utilizada en riegos de parques y jardines, baldeos de calles y zonas peatonales y otros usos compatibles\u00bb, lo que permitir\u00eda reducir el consumo de agua potable, pero ha advertido de que \u201cello no es posible por la carencia de infraestructuras adecuadas\u00bb a ese efecto.<\/p>   <p>El presupuesto estimado de la asistencia t\u00e9cnica para la redacci\u00f3n del citado plan director es de 50.000 euros, sin IVA, aunque la propuesta aprobada por la junta de gobierno establece que el servicio municipal de agua potable y alcantarillado dispone de recursos propios para acometer dicho trabajo sin cargo a las cuentas del consistorio.<\/p> ","protected":false},"excerpt":{"rendered":"<p>El Ayuntamiento encarga el proyecto a Hidraqua<\/p>\n","protected":false},"author":0,"featured_media":6837,"comment_status":"open","ping_status":"open","sticky":false,"template":"","format":"standard","meta":{"_acf_changed":false,"footnotes":""},"categories":[1],"tags":[],"class_list":["post-6836","post","type-post","status-publish","format-standard","has-post-thumbnail","hentry","category-sin-categoria"],"acf":{"ser_id":"EAB5OFTU3JHQTIF7NX6AN2EJTU","ser_url":"https:\/\/cadenaser.com\/comunitat-valenciana\/2024\/07\/10\/benidorm-quiere-unir-la-depuradora-con-todos-los-barrios-con-un-plan-de-agua-regenerada-radio-benidorm\/"},"_links":{"self":[{"href":"https:\/\/serbenidorm.daliisolutions.com\/index.php\/wp-json\/wp\/v2\/posts\/6836","targetHints":{"allow":["GET"]}}],"collection":[{"href":"https:\/\/serbenidorm.daliisolutions.com\/index.php\/wp-json\/wp\/v2\/posts"}],"about":[{"href":"https:\/\/serbenidorm.daliisolutions.com\/index.php\/wp-json\/wp\/v2\/types\/post"}],"replies":[{"embeddable":true,"href":"https:\/\/serbenidorm.daliisolutions.com\/index.php\/wp-json\/wp\/v2\/comments?post=6836"}],"version-history":[{"count":0,"href":"https:\/\/serbenidorm.daliisolutions.com\/index.php\/wp-json\/wp\/v2\/posts\/6836\/revisions"}],"wp:featuredmedia":[{"embeddable":true,"href":"https:\/\/serbenidorm.daliisolutions.com\/index.php\/wp-json\/wp\/v2\/media\/6837"}],"wp:attachment":[{"href":"https:\/\/serbenidorm.daliisolutions.com\/index.php\/wp-json\/wp\/v2\/media?parent=6836"}],"wp:term":[{"taxonomy":"category","embeddable":true,"href":"https:\/\/serbenidorm.daliisolutions.com\/index.php\/wp-json\/wp\/v2\/categories?post=6836"},{"taxonomy":"post_tag","embeddable":true,"href":"https:\/\/serbenidorm.daliisolutions.com\/index.php\/wp-json\/wp\/v2\/tags?post=6836"}],"curies":[{"name":"wp","href":"https:\/\/api.w.org\/{rel}","templated":true}]}}