{"id":6869,"date":"2024-07-11T11:12:38","date_gmt":"2024-07-11T09:12:38","guid":{"rendered":"https:\/\/serbenidorm.daliisolutions.com\/index.php\/2024\/07\/11\/una-patera-llega-a-la-playa-de-benidorm-con-17-adultos-y-dos-ninos-a-bordo\/"},"modified":"2024-07-11T11:12:38","modified_gmt":"2024-07-11T09:12:38","slug":"una-patera-llega-a-la-playa-de-benidorm-con-17-adultos-y-dos-ninos-a-bordo","status":"publish","type":"post","link":"https:\/\/serbenidorm.daliisolutions.com\/index.php\/2024\/07\/11\/una-patera-llega-a-la-playa-de-benidorm-con-17-adultos-y-dos-ninos-a-bordo\/","title":{"rendered":"Una patera llega a la playa de Benidorm con 17 adultos y dos ni\u00f1os a bordo"},"content":{"rendered":"  <p>Benidorm<\/p>   <p>Una patera ha llegado pasadas las seis de la ma\u00f1ana de este jueves al final de la playa de Poniente de Benidorm, en la zona del paseo de Tamarindos. <a href=\"https:\/\/cadenaser.com\/tag\/benidorm\/a\/\" target=\"_blank\" rel=\"noopener\">A bordo, seg\u00fan ha podido saber esta redacci\u00f3n, 17 adultos y dos menores de edad: uno de 3 a\u00f1os y otro de ocho meses<\/a>.<\/p>   <p>Se desconoce su nacionalidad y su estado de salud. A su llegada han sido atendidos por agentes de la Polic\u00eda Nacional y de la Polic\u00eda Local de la capital tur\u00edstica, as\u00ed como por efectivos de la Cruz Roja.<\/p>   <p>En este momento es Cruz Roja quien, como es habitual en estos casos, les est\u00e1 prestando asistencia socio sanitaria en el puerto de Alicante con un traductor.<\/p>   <p><i>Habr\u00e1 ampliaci\u00f3n<\/i><\/p>  <p><figure><img loading=\"lazy\" decoding=\"async\" src=\"https:\/\/cadenaser.com\/resizer\/v2\/BSPMG7YDDJCJTFNYZVSWXJ4MTQ.jpeg?auth=1d1a267941904bdf9b1b8e65cd971468b1a6b861d0f7f83a6be9cc88b4b45ae1&amp;quality=70&amp;width=650&amp;height=487&amp;smart=true\" width=\"4\" height=\"3\" \/><\/figure><button class=\"bt-am\">Ampliar<\/button><\/p> ","protected":false},"excerpt":{"rendered":"<p>En este momento est\u00e1n siendo atendidos por Cruz Roja en el puerto de Alicante<\/p>\n","protected":false},"author":0,"featured_media":6870,"comment_status":"open","ping_status":"open","sticky":false,"template":"","format":"standard","meta":{"_acf_changed":false,"footnotes":""},"categories":[1],"tags":[],"class_list":["post-6869","post","type-post","status-publish","format-standard","has-post-thumbnail","hentry","category-sin-categoria"],"acf":{"ser_id":"7REWDDXGAVHK5B7Z4G3VOQVPXU","ser_url":"https:\/\/cadenaser.com\/comunitat-valenciana\/2024\/07\/11\/una-patera-llega-a-la-playa-de-benidorm-con-17-adultos-y-dos-ninos-a-bordo-radio-benidorm\/"},"_links":{"self":[{"href":"https:\/\/serbenidorm.daliisolutions.com\/index.php\/wp-json\/wp\/v2\/posts\/6869","targetHints":{"allow":["GET"]}}],"collection":[{"href":"https:\/\/serbenidorm.daliisolutions.com\/index.php\/wp-json\/wp\/v2\/posts"}],"about":[{"href":"https:\/\/serbenidorm.daliisolutions.com\/index.php\/wp-json\/wp\/v2\/types\/post"}],"replies":[{"embeddable":true,"href":"https:\/\/serbenidorm.daliisolutions.com\/index.php\/wp-json\/wp\/v2\/comments?post=6869"}],"version-history":[{"count":0,"href":"https:\/\/serbenidorm.daliisolutions.com\/index.php\/wp-json\/wp\/v2\/posts\/6869\/revisions"}],"wp:featuredmedia":[{"embeddable":true,"href":"https:\/\/serbenidorm.daliisolutions.com\/index.php\/wp-json\/wp\/v2\/media\/6870"}],"wp:attachment":[{"href":"https:\/\/serbenidorm.daliisolutions.com\/index.php\/wp-json\/wp\/v2\/media?parent=6869"}],"wp:term":[{"taxonomy":"category","embeddable":true,"href":"https:\/\/serbenidorm.daliisolutions.com\/index.php\/wp-json\/wp\/v2\/categories?post=6869"},{"taxonomy":"post_tag","embeddable":true,"href":"https:\/\/serbenidorm.daliisolutions.com\/index.php\/wp-json\/wp\/v2\/tags?post=6869"}],"curies":[{"name":"wp","href":"https:\/\/api.w.org\/{rel}","templated":true}]}}