{"id":6872,"date":"2024-07-11T11:40:12","date_gmt":"2024-07-11T09:40:12","guid":{"rendered":"https:\/\/serbenidorm.daliisolutions.com\/index.php\/2024\/07\/11\/benidorm-convierte-sus-principales-espacios-turisticos-en-salas-de-eventos-consulta-la-programacion\/"},"modified":"2024-07-11T11:40:12","modified_gmt":"2024-07-11T09:40:12","slug":"benidorm-convierte-sus-principales-espacios-turisticos-en-salas-de-eventos-consulta-la-programacion","status":"publish","type":"post","link":"https:\/\/serbenidorm.daliisolutions.com\/index.php\/2024\/07\/11\/benidorm-convierte-sus-principales-espacios-turisticos-en-salas-de-eventos-consulta-la-programacion\/","title":{"rendered":"Benidorm convierte sus principales espacios tur\u00edsticos en salas de eventos: consulta la programaci\u00f3n"},"content":{"rendered":"  <p>Benidorm<\/p>   <p>El Ayuntamiento de Benidorm ha vuelto a convertir este verano dos de sus principales espacios tur\u00edsticos, como son las playas y El Castell, en salas de conciertos y de cine al aire libre con el objetivo de sacar la cultura a la calle con actividades gratuitas para todos los p\u00fablicos.<\/p>   <p>Por un lado,<a href=\"https:\/\/cadenaser.com\/tag\/benidorm\/a\/\" target=\"_blank\" rel=\"noopener\"> la c\u00e9ntrica Playa del Mal Pas acoger\u00e1 una vez m\u00e1s el ciclo &#8216;Cine en la Playa&#8217; <\/a>con dos pel\u00edculas de cine familiar. Este viernes, 12 de julio, se proyectar\u00e1 \u2018Ballerina\u2019, mientras que la siguiente cita ser\u00e1 el 2 de agosto, con el film tambi\u00e9n de animaci\u00f3n \u2018Red\u2019. Ambas sesiones empezar\u00e1n a las 21.30 horas.<\/p>   <p>A su vez, la Punta Canfali, conocida como<a href=\"https:\/\/cadenaser.com\/tag\/comarca_la_marina_baixa\/a\/\" target=\"_blank\" rel=\"noopener\"> El Castell, ser\u00e1 nuevamente escenario del evento &#8216;Concerts al Castell&#8217;<\/a>, que contar\u00e1 con tres actuaciones a lo largo de este mes de julio.<\/p>  <p><p>M\u00e1s informaci\u00f3n<\/p><figure><img loading=\"lazy\" decoding=\"async\" src=\"https:\/\/cadenaser.com\/resizer\/v2\/3FMBGNA6XVAITDPYX7GXIG3VLI.jpeg?auth=b217678d4757e61b6f2fc9d6ffc91784ffd10399232a062d039668e8bcbb74a0&amp;quality=70&amp;width=360&amp;height=202&amp;smart=true\" width=\"820\" height=\"621\" \/><\/figure><ul><li><a href=\"https:\/\/cadenaser.com\/comunitat-valenciana\/2024\/07\/10\/asi-celebro-benidorm-la-victoria-de-la-roja-a-la-final-de-la-eurocopa-radio-benidorm\/\"><span>As\u00ed celebr\u00f3 Benidorm el pase de La Roja a la final de la Eurocopa<\/span><\/a><\/li><\/ul><\/p>   <p>El primero de los conciertos tendr\u00e1 lugar hoy mismo a cargo de la Brass Band de la Societat Musical La Nova, que interpretar\u00e1 adaptaciones de bandas sonoras de \u00e9xitos cinematogr\u00e1ficos como \u2018Tit\u00e1nic\u2019 o de temas m\u00edticos de grupos como Queen o, Europe.<\/p>   <p>La siguiente cita musical la protagonizar\u00e1, el 17 de julio la Big Band de la Societat Musical l\u2019Illa, y cerrar\u00e1 el ciclo, el 31 de julio, la Brass Band de la Uni\u00f3n Musical. <\/p>   <p>     .c-w{         max-width:444px;         width:100%;         margin:16px auto;      background:#00755E;         border-radius:4px;         display:flex;         align-items:center;         justify-content:center;     }     .c-w a{         display:flex;         align-items:center;         justify-content:center;         padding:4px 24px;     }     .c-w img{         width:24px;         margin-right:12px;     }     .c-w p{         font:18px\/25px Poppins;         text-align:center;         color:#fff;         margin:0;     }     @media (max-width:444px){         .c-w a{             padding:4px 12px;         }         .c-w img{             width:24px;             margin-right:8px;         }         .c-w p{             font:14px\/25px Poppins;         }     }     @media (max-width:335px){         .c-w p{             font:13px\/25px Poppins;         }     }  <div class=\"c-w\">     <a href=\"https:\/\/www.whatsapp.com\/channel\/0029Va633PF9WtC4l7XUzh1e\" target=\"_blank\" rel=\"noopener\">         <img decoding=\"async\" src=\"https:\/\/cadenaser.com\/estaticos\/recursosgraficos\/responsive\/img\/ico-whatsapp.svg\" alt=\"Whatsapp\">         <p>\u00danete al <b>canal de WhatsApp<\/b> de la SER<\/p>     <\/a> <\/div><\/p>   <p>Verbenas en el mirador<\/p>   <p>Otro cl\u00e1sico del verano en la capital tur\u00edstica son las tradicionales verbenas que los s\u00e1bados por la noche organizan en El Castell la Comisi\u00f3n de Fiestas y la Asociaci\u00f3n de Pe\u00f1as con barras a precios populares y el objetivo de recaudar fondos para las Festes Majors Patronals que se celebran en noviembre. <\/p> ","protected":false},"excerpt":{"rendered":"<p>Cine y m\u00fasica en algunos de los enclaves m\u00e1s inc\u00f3nicos<\/p>\n","protected":false},"author":0,"featured_media":6873,"comment_status":"open","ping_status":"open","sticky":false,"template":"","format":"standard","meta":{"_acf_changed":false,"footnotes":""},"categories":[1],"tags":[],"class_list":["post-6872","post","type-post","status-publish","format-standard","has-post-thumbnail","hentry","category-sin-categoria"],"acf":{"ser_id":"BMBGPIJUNJD5RBS5NU4ZQ3TCMY","ser_url":"https:\/\/cadenaser.com\/comunitat-valenciana\/2024\/07\/11\/benidorm-convierte-sus-principales-espacios-turisticos-en-salas-de-eventos-consulta-la-programacion-radio-benidorm\/"},"_links":{"self":[{"href":"https:\/\/serbenidorm.daliisolutions.com\/index.php\/wp-json\/wp\/v2\/posts\/6872","targetHints":{"allow":["GET"]}}],"collection":[{"href":"https:\/\/serbenidorm.daliisolutions.com\/index.php\/wp-json\/wp\/v2\/posts"}],"about":[{"href":"https:\/\/serbenidorm.daliisolutions.com\/index.php\/wp-json\/wp\/v2\/types\/post"}],"replies":[{"embeddable":true,"href":"https:\/\/serbenidorm.daliisolutions.com\/index.php\/wp-json\/wp\/v2\/comments?post=6872"}],"version-history":[{"count":0,"href":"https:\/\/serbenidorm.daliisolutions.com\/index.php\/wp-json\/wp\/v2\/posts\/6872\/revisions"}],"wp:featuredmedia":[{"embeddable":true,"href":"https:\/\/serbenidorm.daliisolutions.com\/index.php\/wp-json\/wp\/v2\/media\/6873"}],"wp:attachment":[{"href":"https:\/\/serbenidorm.daliisolutions.com\/index.php\/wp-json\/wp\/v2\/media?parent=6872"}],"wp:term":[{"taxonomy":"category","embeddable":true,"href":"https:\/\/serbenidorm.daliisolutions.com\/index.php\/wp-json\/wp\/v2\/categories?post=6872"},{"taxonomy":"post_tag","embeddable":true,"href":"https:\/\/serbenidorm.daliisolutions.com\/index.php\/wp-json\/wp\/v2\/tags?post=6872"}],"curies":[{"name":"wp","href":"https:\/\/api.w.org\/{rel}","templated":true}]}}