{"id":6876,"date":"2024-07-11T13:30:20","date_gmt":"2024-07-11T11:30:20","guid":{"rendered":"https:\/\/serbenidorm.daliisolutions.com\/index.php\/2024\/07\/11\/nuevo-paso-en-el-centro-cultural-de-benidorm-la-generalitat-aprobara-este-viernes-la-redaccion-del-proyecto-para-su-fase-final\/"},"modified":"2024-07-11T13:30:20","modified_gmt":"2024-07-11T11:30:20","slug":"nuevo-paso-en-el-centro-cultural-de-benidorm-la-generalitat-aprobara-este-viernes-la-redaccion-del-proyecto-para-su-fase-final","status":"publish","type":"post","link":"https:\/\/serbenidorm.daliisolutions.com\/index.php\/2024\/07\/11\/nuevo-paso-en-el-centro-cultural-de-benidorm-la-generalitat-aprobara-este-viernes-la-redaccion-del-proyecto-para-su-fase-final\/","title":{"rendered":"Nuevo paso en el Centro Cultural de Benidorm: la Generalitat aprobar\u00e1 este viernes la redacci\u00f3n del proyecto para su fase final"},"content":{"rendered":"  <p>Benidorm<\/p>   <p>La Generalitat Valenciana aprobar\u00e1 este viernes la redacci\u00f3n de la segunda fase de las obras del Centro Cultural ubicado en la avenida Europa de Benidorm.<a href=\"https:\/\/cadenaser.com\/tag\/benidorm\/a\/\" target=\"_blank\" rel=\"noopener\"><b> <\/b>Anuncio que se produce tras el cruce de declaraciones entre PP y el PSOE de los \u00faltimos d\u00edas a cuenta de esta infraestructura con d\u00e9cadas de intrahistoria, promesas y retrasos durante gobiernos auton\u00f3micos de ambos colores pol\u00edticos<\/a>.<\/p>   <p>La Comisi\u00f3n Ejecutiva de la Sociedad de Proyectos para la Transformaci\u00f3n Digital va a dar as\u00ed luz verde a encargar la redacci\u00f3n de ese proyecto b\u00e1sico de ejecuci\u00f3n. Su responsable, la consellera de Turismo Nuria Montes, ha destacado que se trata de la fase final de la obra: \u00abEn este a\u00f1o hemos trabajado de forma intensa con el Ayuntamiento de Benidorm para avanzar en todos esos plazos y decisiones que el Bot\u00e1nic no tom\u00f3 durante sus ocho a\u00f1os de gobierno\u00bb, ha querido recriminar.<\/p>  <p><p>M\u00e1s informaci\u00f3n<\/p><figure><img loading=\"lazy\" decoding=\"async\" src=\"https:\/\/cadenaser.com\/resizer\/v2\/VPWXDWH7NJDG3MD3E6AZAFEIWM.jpg?auth=a75112c235278ef2c597d580bc3fa378fe22b98afc900c8b7dda6f2a474cfabe&amp;quality=70&amp;width=360&amp;height=202&amp;smart=true\" width=\"820\" height=\"621\" \/><\/figure><ul><li><a href=\"https:\/\/cadenaser.com\/comunitat-valenciana\/2024\/07\/11\/benidorm-convierte-sus-principales-espacios-turisticos-en-salas-de-eventos-consulta-la-programacion-radio-benidorm\/\"><span>Benidorm convierte sus principales espacios tur\u00edsticos en salas de eventos: consulta la programaci\u00f3n<\/span><\/a><\/li><\/ul><\/p>   <p>El<b> <\/b>contrato del proyecto est\u00e1 valorado en m\u00e1s de 932.000 euros sin IVA y su plazo de ejecuci\u00f3n es de seis meses. La obra a redactar, seg\u00fan ha apuntado Montes, est\u00e1 valorada en 25,6 millones.<\/p>   <p>Unas obras con historia<\/p>   <p><a href=\"https:\/\/cadenaser.com\/tag\/comarca_la_marina_baixa\/a\/\" target=\"_blank\" rel=\"noopener\">El proyecto b\u00e1sico y de ejecuci\u00f3n del Centro Cultural de Benidorm se subscribi\u00f3 en octubre de 1997<\/a>. Posteriormente, en 2005, la SPTD contrat\u00f3 con el mismo estudio de arquitectura la adecuaci\u00f3n del trabajo para que se adaptara a la nueva normativa en vigor, a las necesidades de uso previstos y actualizara los precios.<\/p>   <p>Las primeras obras se llevaron a cabo entre 2008 y 2009 y se reanudaron en 2017, con la ejecuci\u00f3n de la primera fase que inclu\u00eda la protecci\u00f3n y cerramiento provisional del edificio.<\/p>   <p>     .c-w{         max-width:444px;         width:100%;         margin:16px auto;      background:#00755E;         border-radius:4px;         display:flex;         align-items:center;         justify-content:center;     }     .c-w a{         display:flex;         align-items:center;         justify-content:center;         padding:4px 24px;     }     .c-w img{         width:24px;         margin-right:12px;     }     .c-w p{         font:18px\/25px Poppins;         text-align:center;         color:#fff;         margin:0;     }     @media (max-width:444px){         .c-w a{             padding:4px 12px;         }         .c-w img{             width:24px;             margin-right:8px;         }         .c-w p{             font:14px\/25px Poppins;         }     }     @media (max-width:335px){         .c-w p{             font:13px\/25px Poppins;         }     }  <div class=\"c-w\">     <a href=\"https:\/\/www.whatsapp.com\/channel\/0029Va633PF9WtC4l7XUzh1e\" target=\"_blank\" rel=\"noopener\">         <img decoding=\"async\" src=\"https:\/\/cadenaser.com\/estaticos\/recursosgraficos\/responsive\/img\/ico-whatsapp.svg\" alt=\"Whatsapp\">         <p>\u00danete al <b>canal de WhatsApp<\/b> de la SER<\/p>     <\/a> <\/div><\/p> ","protected":false},"excerpt":{"rendered":"<p>El contrato est\u00e1 valorado en 932.000 euros y su plazo de ejecuci\u00f3n es de seis meses <\/p>\n","protected":false},"author":0,"featured_media":6877,"comment_status":"open","ping_status":"open","sticky":false,"template":"","format":"standard","meta":{"_acf_changed":false,"footnotes":""},"categories":[1],"tags":[],"class_list":["post-6876","post","type-post","status-publish","format-standard","has-post-thumbnail","hentry","category-sin-categoria"],"acf":{"ser_id":"N2Y7K7AVCJA2PKNW7JC4QBM5IQ","ser_url":"https:\/\/cadenaser.com\/comunitat-valenciana\/2024\/07\/11\/nuevo-paso-en-el-centro-cultural-de-benidorm-la-generalitat-aprobara-este-viernes-la-redaccion-del-proyecto-para-su-fase-final-radio-benidorm\/"},"_links":{"self":[{"href":"https:\/\/serbenidorm.daliisolutions.com\/index.php\/wp-json\/wp\/v2\/posts\/6876","targetHints":{"allow":["GET"]}}],"collection":[{"href":"https:\/\/serbenidorm.daliisolutions.com\/index.php\/wp-json\/wp\/v2\/posts"}],"about":[{"href":"https:\/\/serbenidorm.daliisolutions.com\/index.php\/wp-json\/wp\/v2\/types\/post"}],"replies":[{"embeddable":true,"href":"https:\/\/serbenidorm.daliisolutions.com\/index.php\/wp-json\/wp\/v2\/comments?post=6876"}],"version-history":[{"count":0,"href":"https:\/\/serbenidorm.daliisolutions.com\/index.php\/wp-json\/wp\/v2\/posts\/6876\/revisions"}],"wp:featuredmedia":[{"embeddable":true,"href":"https:\/\/serbenidorm.daliisolutions.com\/index.php\/wp-json\/wp\/v2\/media\/6877"}],"wp:attachment":[{"href":"https:\/\/serbenidorm.daliisolutions.com\/index.php\/wp-json\/wp\/v2\/media?parent=6876"}],"wp:term":[{"taxonomy":"category","embeddable":true,"href":"https:\/\/serbenidorm.daliisolutions.com\/index.php\/wp-json\/wp\/v2\/categories?post=6876"},{"taxonomy":"post_tag","embeddable":true,"href":"https:\/\/serbenidorm.daliisolutions.com\/index.php\/wp-json\/wp\/v2\/tags?post=6876"}],"curies":[{"name":"wp","href":"https:\/\/api.w.org\/{rel}","templated":true}]}}