{"id":6881,"date":"2024-07-11T13:50:46","date_gmt":"2024-07-11T11:50:46","guid":{"rendered":"https:\/\/serbenidorm.daliisolutions.com\/index.php\/2024\/07\/11\/benidorm-se-blindara-el-domingo-para-la-final-de-la-eurocopa-entre-espana-e-inglaterra\/"},"modified":"2024-07-11T13:50:46","modified_gmt":"2024-07-11T11:50:46","slug":"benidorm-se-blindara-el-domingo-para-la-final-de-la-eurocopa-entre-espana-e-inglaterra","status":"publish","type":"post","link":"https:\/\/serbenidorm.daliisolutions.com\/index.php\/2024\/07\/11\/benidorm-se-blindara-el-domingo-para-la-final-de-la-eurocopa-entre-espana-e-inglaterra\/","title":{"rendered":"Benidorm se blindar\u00e1 el domingo para la final de la Eurocopa entre Espa\u00f1a e Inglaterra"},"content":{"rendered":"  <p>Benidorm<\/p>   <p>Benidorm era uno de los puntos de la geograf\u00eda nacional donde este mi\u00e9rcoles se viv\u00eda con mayor intensidad el pase de Inglaterra a la final de la Eurocopa 2024 en la que se va a enfrentar a la selecci\u00f3n espa\u00f1ola. <a href=\"https:\/\/cadenaser.com\/deportes\/futbol\/eurocopa\/2024\/\" target=\"_blank\" rel=\"noopener\">Miles de residentes y turistas brit\u00e1nicos celebraban por todo lo alto la clasificaci\u00f3n en los bares y pubs, especialmente de la conocida como zona &#8216;guiri&#8217;<\/a>.<\/p>   <p>Es por eso que el Ayuntamiento de la capital tur\u00edstica ha convocado este mismo jueves a la Junta Local de Seguridad con todos los actores implicados para concretar un dispositivo especial de cara al domingo.<\/p>  <p><p>M\u00e1s informaci\u00f3n<\/p><figure><img loading=\"lazy\" decoding=\"async\" src=\"https:\/\/cadenaser.com\/resizer\/v2\/OHXR3MLOGFCBBIA6TW5OWAMWKE.jpg?auth=aec67d282d0ce53b2695edf55e6d32ad2712924d89ce844828955368e4e7cb88&amp;quality=70&amp;width=360&amp;height=202&amp;smart=true\" width=\"820\" height=\"621\" \/><\/figure><ul><li><a href=\"https:\/\/cadenaser.com\/nacional\/2024\/07\/11\/la-prensa-inglesa-analiza-la-gran-final-de-la-eurocopa-2024-espana-es-la-gran-favorita-pero-puede-tener-un-punto-debil-cadena-ser\/\"><span>La prensa inglesa avisa antes de la gran final contra Espa\u00f1a con frases nunca vistas: \u00abAqu\u00ed se produjo el \u00faltimo acto de fe\u00bb<\/span><\/a><\/li><\/ul><\/p>   <p>Un dispositivo protagonizado por la Polic\u00eda Local y Nacional, que reforzar\u00e1 sus patrullas con dotaciones extra y llegadas de la capital provincial, adem\u00e1s de establecer un centro de coordinaci\u00f3n conjunto durante toda la jornada.<\/p>   <p>Los puntos calientes<\/p>   <p>Tambi\u00e9n habr\u00e1 cortes de calles a partir de las nueve de la noche, momento en el que empezar\u00e1 a rodar el bal\u00f3n en Berl\u00edn. Se prestar\u00e1 especial atenci\u00f3n, ha explicado el concejal del \u00e1rea Jes\u00fas Carrobles en <a href=\"https:\/\/cadenaser.com\/tag\/benidorm\/a\/\" target=\"_blank\" rel=\"noopener\">Hoy por Hoy Benidorm<\/a>, a esa zona de ocio eminentemente inglesa y a calles como Gerona o Mallorca, donde sin duda se acumular\u00e1n la mayor parte de los aficionados brit\u00e1nicos.<\/p>   <p>Por otro lado tambi\u00e9n se centrar\u00e1 el control en el parque de l\u2019Aig\u00fcera, donde se espera la mayor concentraci\u00f3n de hinchas de Espa\u00f1a a ra\u00edz de la fiesta con pantalla gigante organizada en el auditorio Julio Iglesias, con una capacidad para 4.000 personas, por la Comisi\u00f3n de Fiestas y <a href=\"https:\/\/cadenaser.com\/tag\/benidorm\/a\/\" target=\"_blank\" rel=\"noopener\">Radio Benidorm<\/a>.<\/p>   <p>     .c-w{         max-width:444px;         width:100%;         margin:16px auto;      background:#00755E;         border-radius:4px;         display:flex;         align-items:center;         justify-content:center;     }     .c-w a{         display:flex;         align-items:center;         justify-content:center;         padding:4px 24px;     }     .c-w img{         width:24px;         margin-right:12px;     }     .c-w p{         font:18px\/25px Poppins;         text-align:center;         color:#fff;         margin:0;     }     @media (max-width:444px){         .c-w a{             padding:4px 12px;         }         .c-w img{             width:24px;             margin-right:8px;         }         .c-w p{             font:14px\/25px Poppins;         }     }     @media (max-width:335px){         .c-w p{             font:13px\/25px Poppins;         }     }  <div class=\"c-w\">     <a href=\"https:\/\/www.whatsapp.com\/channel\/0029Va633PF9WtC4l7XUzh1e\" target=\"_blank\" rel=\"noopener\">         <img decoding=\"async\" src=\"https:\/\/cadenaser.com\/estaticos\/recursosgraficos\/responsive\/img\/ico-whatsapp.svg\" alt=\"Whatsapp\">         <p>\u00danete al <b>canal de WhatsApp<\/b> de la SER<\/p>     <\/a> <\/div><\/p>   <p>Tambi\u00e9n se ha solicitado a la asociaci\u00f3n local de hosteler\u00eda, ABRECA, que los locales proh\u00edban el consumo en envases de cristal a partir de cierta hora para evitar incidencias y se va a reforzar a su vez la limpieza viaria de aquellas \u00e1reas donde se agrupan la mayor\u00eda de establecimientos.<\/p> ","protected":false},"excerpt":{"rendered":"<p>Refuerzos policiales y de limpieza, cortes de calles y alguna prohibici\u00f3n extraordinaria para evitar altercados entre los aficionados <\/p>\n","protected":false},"author":0,"featured_media":6882,"comment_status":"open","ping_status":"open","sticky":false,"template":"","format":"standard","meta":{"_acf_changed":false,"footnotes":""},"categories":[1],"tags":[],"class_list":["post-6881","post","type-post","status-publish","format-standard","has-post-thumbnail","hentry","category-sin-categoria"],"acf":{"ser_id":"IJ55UDKZQVB2JHBVQ2Z2KS5IQE","ser_url":"https:\/\/cadenaser.com\/comunitat-valenciana\/2024\/07\/11\/benidorm-se-blindara-el-domingo-para-la-final-de-la-eurocopa-entre-espana-e-inglaterra-radio-benidorm\/"},"_links":{"self":[{"href":"https:\/\/serbenidorm.daliisolutions.com\/index.php\/wp-json\/wp\/v2\/posts\/6881","targetHints":{"allow":["GET"]}}],"collection":[{"href":"https:\/\/serbenidorm.daliisolutions.com\/index.php\/wp-json\/wp\/v2\/posts"}],"about":[{"href":"https:\/\/serbenidorm.daliisolutions.com\/index.php\/wp-json\/wp\/v2\/types\/post"}],"replies":[{"embeddable":true,"href":"https:\/\/serbenidorm.daliisolutions.com\/index.php\/wp-json\/wp\/v2\/comments?post=6881"}],"version-history":[{"count":0,"href":"https:\/\/serbenidorm.daliisolutions.com\/index.php\/wp-json\/wp\/v2\/posts\/6881\/revisions"}],"wp:featuredmedia":[{"embeddable":true,"href":"https:\/\/serbenidorm.daliisolutions.com\/index.php\/wp-json\/wp\/v2\/media\/6882"}],"wp:attachment":[{"href":"https:\/\/serbenidorm.daliisolutions.com\/index.php\/wp-json\/wp\/v2\/media?parent=6881"}],"wp:term":[{"taxonomy":"category","embeddable":true,"href":"https:\/\/serbenidorm.daliisolutions.com\/index.php\/wp-json\/wp\/v2\/categories?post=6881"},{"taxonomy":"post_tag","embeddable":true,"href":"https:\/\/serbenidorm.daliisolutions.com\/index.php\/wp-json\/wp\/v2\/tags?post=6881"}],"curies":[{"name":"wp","href":"https:\/\/api.w.org\/{rel}","templated":true}]}}