{"id":6893,"date":"2024-07-11T18:02:19","date_gmt":"2024-07-11T16:02:19","guid":{"rendered":"https:\/\/serbenidorm.daliisolutions.com\/index.php\/2024\/07\/11\/villajoyosa-impulsara-una-entidad-de-gestion-y-modernizacion-en-sus-areas-empresariales\/"},"modified":"2024-07-11T18:02:19","modified_gmt":"2024-07-11T16:02:19","slug":"villajoyosa-impulsara-una-entidad-de-gestion-y-modernizacion-en-sus-areas-empresariales","status":"publish","type":"post","link":"https:\/\/serbenidorm.daliisolutions.com\/index.php\/2024\/07\/11\/villajoyosa-impulsara-una-entidad-de-gestion-y-modernizacion-en-sus-areas-empresariales\/","title":{"rendered":"Villajoyosa impulsar\u00e1 una Entidad de Gesti\u00f3n y Modernizaci\u00f3n en sus \u00e1reas empresariales"},"content":{"rendered":"  <p>Villajoyosa<\/p>   <p>El Ayuntamiento de Villajoyosa, de la mano de la Federaci\u00f3 de Parcs Empresarials de la Comunitat Valenciana (FEPEVAL), impulsa la creaci\u00f3n de una <a href=\"https:\/\/cadenaser.com\/tag\/vila_joiosa\/a\/\" target=\"_blank\" rel=\"noopener\">Entidad de Gesti\u00f3n y Modernizaci\u00f3n (EGM)<\/a> en el \u00e1rea industrial de la localidad.<\/p>   <p>Con el objetivo de establecer los compromisos del consistorio para mejorar la conservaci\u00f3n, fomentar la modernizaci\u00f3n y promocionar los parques empresariales, se crear\u00e1 la Entidad de Gesti\u00f3n y Modernizaci\u00f3n que va a permitir profesionalizar las \u00e1reas industriales y, con ello, mejorar las infraestructuras, favorecer la llegada de inversiones p\u00fablicas y privadas y fomentar la creaci\u00f3n de nuevos servicios y dotaciones.<\/p>   <p>Esta Entidad de Gesti\u00f3n y Modernizaci\u00f3n del \u00e1rea empresarial, creada por la Ley 14\/2018, de 5 de junio, de la Generalitat, de gesti\u00f3n, modernizaci\u00f3n y promoci\u00f3n de las \u00e1reas industriales de la Comunitat Valenciana, permite aprovechar los incentivos que concede la Ley para mejorar la prestaci\u00f3n de servicios b\u00e1sicos e implementar otros de valor a\u00f1adido.<\/p>  <p><p>M\u00e1s informaci\u00f3n<\/p><figure><img loading=\"lazy\" decoding=\"async\" src=\"https:\/\/cadenaser.com\/resizer\/v2\/JDPBTPELX5GVXJEND4RS5EVRHI.jpeg?auth=b4a72ee8d979f4ba2d21921cd009f08065c0c6522eea9ee6bda85a8e5da09caa&amp;quality=70&amp;width=360&amp;height=202&amp;smart=true\" width=\"820\" height=\"621\" \/><\/figure><ul><li><a href=\"https:\/\/cadenaser.com\/comunitat-valenciana\/2024\/06\/28\/el-pleno-extraordinario-de-la-vila-joiosa-desbloquea-el-proyecto-de-la-casa-de-la-musica-radio-benidorm\/\"><span>El pleno extraordinario de La Vila Joiosa desbloquea el proyecto de la Casa de la M\u00fasica<\/span><\/a><\/li><\/ul><\/p>   <p>El alcalde Marcos Zaragoza expone que \u201ccontar con una EGM supone una demostraci\u00f3n inequ\u00edvoca de nuestro compromiso por el mantenimiento, la promoci\u00f3n y la modernizaci\u00f3n del \u00e1rea industrial, adem\u00e1s de apostar por la generaci\u00f3n de riqueza y de empleo local, ya que se trata de un respaldo para la atracci\u00f3n de inversiones p\u00fablicas y privadas\u201d.<\/p>   <p>Esta figura jur\u00eddica estar\u00e1 formada por los propietarios de las parcelas industriales, est\u00e9n o no en uso y sean privados o p\u00fablicos, y el Ayuntamiento de Villajoyosa y dispondr\u00e1 de un Plan de Actuaci\u00f3n peri\u00f3dico, que velar\u00e1 por el cumplimiento de las necesidades de inversi\u00f3n en cuanto a infraestructuras y servicios, como pueden ser viales, alumbrado p\u00fablico y alcantarillado, entre otros. Adem\u00e1s, con la EGM, se podr\u00e1 solicitar ayudas supramunicipales, como por ejemplo recibir subvenciones del Instituto Valenciano de la Competitividad y la Innovaci\u00f3n (IVACE).<\/p>   <p>     .c-w{         max-width:444px;         width:100%;         margin:16px auto;      background:#00755E;         border-radius:4px;         display:flex;         align-items:center;         justify-content:center;     }     .c-w a{         display:flex;         align-items:center;         justify-content:center;         padding:4px 24px;     }     .c-w img{         width:24px;         margin-right:12px;     }     .c-w p{         font:18px\/25px Poppins;         text-align:center;         color:#fff;         margin:0;     }     @media (max-width:444px){         .c-w a{             padding:4px 12px;         }         .c-w img{             width:24px;             margin-right:8px;         }         .c-w p{             font:14px\/25px Poppins;         }     }     @media (max-width:335px){         .c-w p{             font:13px\/25px Poppins;         }     }  <div class=\"c-w\">     <a href=\"https:\/\/www.whatsapp.com\/channel\/0029Va633PF9WtC4l7XUzh1e\" target=\"_blank\" rel=\"noopener\">         <img decoding=\"async\" src=\"https:\/\/cadenaser.com\/estaticos\/recursosgraficos\/responsive\/img\/ico-whatsapp.svg\" alt=\"Whatsapp\">         <p>\u00danete al <b>canal de WhatsApp<\/b> de la SER<\/p>     <\/a> <\/div><\/p>  <p><p class=\"tit\"><span>Hora 14 Benidorm (11\/07\/2024)<\/span><\/p> <p class=\"emb\"><iframe loading=\"lazy\" src=\"https:\/\/cadenaser.com\/embed\/audio\/460\/cadenaser_benidorm_hora14benidorm_20240711_141700_143000\/\" width=\"100%\" height=\"360\" frameborder=\"0\" allowfullscreen><\/iframe><\/p><\/p>   <p>En este sentido, Zaragoza a\u00f1ade que \u201cson m\u00faltiples las ventajas de crear esta EGM en Villajoyosa en este momento con el fin de dinamizar la actividad empresarial a trav\u00e9s de un programa de inversiones y mantenimiento de las \u00e1reas industriales y comerciales y as\u00ed atraer la inversi\u00f3n de nuevas sociedades y la consolidaci\u00f3n de las actuales. Queremos dotar al tejido econ\u00f3mico de una dimensi\u00f3n m\u00e1s atractiva para la inversi\u00f3n nacional e internacional, donde crear sinergias positivas con las empresas existentes y las nuevas mercantiles que opten por localizarse en nuestra ciudad, con el fin de revalorizar las empresas y las parcelas y, en definitiva, promover el sector empresarial de Villajoyosa\u201d<\/p>   <p>El alcalde y la edil de Industria, Rosa Llorca, se han reunido con algunos propietarios de la zona industrial con el fin de presentarles esta iniciativa junto con el equipo de trabajo de FEVEPAL, as\u00ed como establecer un calendario de actuaciones.<\/p> ","protected":false},"excerpt":{"rendered":"<p>Esta entidad perseguir\u00e1 mejorar las infraestructuras, favorecer la llegada de inversiones p\u00fablicas y privadas, fomentar\u00a0la creaci\u00f3n de nuevos\u00a0servicios\u00a0y dotaciones y reactivar el empleo.<\/p>\n","protected":false},"author":0,"featured_media":6894,"comment_status":"open","ping_status":"open","sticky":false,"template":"","format":"standard","meta":{"_acf_changed":false,"footnotes":""},"categories":[1],"tags":[],"class_list":["post-6893","post","type-post","status-publish","format-standard","has-post-thumbnail","hentry","category-sin-categoria"],"acf":{"ser_id":"5M4IFSAKQ5BILEJ7UWS5ETSYQA","ser_url":"https:\/\/cadenaser.com\/comunitat-valenciana\/2024\/07\/11\/villajoyosa-impulsara-una-entidad-de-gestion-y-modernizacion-en-sus-areas-empresariales-radio-benidorm\/"},"_links":{"self":[{"href":"https:\/\/serbenidorm.daliisolutions.com\/index.php\/wp-json\/wp\/v2\/posts\/6893","targetHints":{"allow":["GET"]}}],"collection":[{"href":"https:\/\/serbenidorm.daliisolutions.com\/index.php\/wp-json\/wp\/v2\/posts"}],"about":[{"href":"https:\/\/serbenidorm.daliisolutions.com\/index.php\/wp-json\/wp\/v2\/types\/post"}],"replies":[{"embeddable":true,"href":"https:\/\/serbenidorm.daliisolutions.com\/index.php\/wp-json\/wp\/v2\/comments?post=6893"}],"version-history":[{"count":0,"href":"https:\/\/serbenidorm.daliisolutions.com\/index.php\/wp-json\/wp\/v2\/posts\/6893\/revisions"}],"wp:featuredmedia":[{"embeddable":true,"href":"https:\/\/serbenidorm.daliisolutions.com\/index.php\/wp-json\/wp\/v2\/media\/6894"}],"wp:attachment":[{"href":"https:\/\/serbenidorm.daliisolutions.com\/index.php\/wp-json\/wp\/v2\/media?parent=6893"}],"wp:term":[{"taxonomy":"category","embeddable":true,"href":"https:\/\/serbenidorm.daliisolutions.com\/index.php\/wp-json\/wp\/v2\/categories?post=6893"},{"taxonomy":"post_tag","embeddable":true,"href":"https:\/\/serbenidorm.daliisolutions.com\/index.php\/wp-json\/wp\/v2\/tags?post=6893"}],"curies":[{"name":"wp","href":"https:\/\/api.w.org\/{rel}","templated":true}]}}