{"id":6896,"date":"2024-07-11T19:51:30","date_gmt":"2024-07-11T17:51:30","guid":{"rendered":"https:\/\/serbenidorm.daliisolutions.com\/index.php\/2024\/07\/11\/integra-marina-baixa-reivindica-un-centro-de-dia-para-las-personas-con-autismo\/"},"modified":"2024-07-11T19:51:30","modified_gmt":"2024-07-11T17:51:30","slug":"integra-marina-baixa-reivindica-un-centro-de-dia-para-las-personas-con-autismo","status":"publish","type":"post","link":"https:\/\/serbenidorm.daliisolutions.com\/index.php\/2024\/07\/11\/integra-marina-baixa-reivindica-un-centro-de-dia-para-las-personas-con-autismo\/","title":{"rendered":"Integra Marina Baixa reivindica un centro de d\u00eda para las personas con autismo"},"content":{"rendered":"  <p>Benidorm<\/p>   <p>La asociaci\u00f3n Integra Marina Baixa naci\u00f3 hace ya quince a\u00f1os a partir de 17 familias de padres de ni\u00f1os con autismo que decidieron crearla por la necesidad de adaptar los tratamientos existentes y de mejorar servicios escasos, poco especificados y alejados de la comarca.<\/p>   <p>Con el paso del tiempo la situaci\u00f3n de sus usuarios ha mejorado, ha reconocido en <a href=\"https:\/\/cadenaser.com\/tag\/comarca_la_marina_baixa\/a\/\" target=\"_blank\" rel=\"noopener\">La Ventana de la Marina Baixa<\/a> su presidenta Cristina Miranda, aunque el mayor problema sigue residiendo en que cuando los j\u00f3venes con Trastorno del Espectro Autista (TEA) crecen siguen sin disponer de centros ocupaciones y de d\u00eda cerca de casa.<\/p>   <p>Miranda ha hecho un llamamiento a las administraciones para que se hagan cargo de la completa falta de plazas de estos servicios: \u00abEn toda la Marina Baixa no hay una plaza para una persona que tenga una afectaci\u00f3n grave y se tienen que ir internos a una residencia de fuera\u00bb, ha lamentado. \u00abA nosotros nos gusta que est\u00e9n en casa y a ellos tambi\u00e9n\u00bb.<\/p>   <p>La presidenta de Integra ha hecho adem\u00e1s un llamamiento a los socios colaboradores y es que gran parte de su labor ser\u00eda imposible sin las peque\u00f1as ayudas de diez euros anuales que prestan estos. Para ser socio colaborador de la asociaci\u00f3n se puede enviar un correo a <a href=\"mailto:asociacion@integra-tgd.com\" rel=\"nofollow noopener\" target=\"_blank\">asociacion@integra-tgd.com<\/a>.<\/p>   <p>Campus de verano<\/p>   <p>Miranda tambi\u00e9n ha hablado de la importancia de los voluntarios, la mayor\u00eda de ellos j\u00f3venes de entre 16 y 20 a\u00f1os, que consiguen con su labor desinteresada garantizar el siempre complicado ocio de las personas con TEA. Una compa\u00f1\u00eda diaria que se visibiliza con escuelas de verano como la que este a\u00f1o ha vuelto a coger la Ciudad Deportiva Camilo Cano de La Nuc\u00eda.<\/p>   <p>     .c-w{         max-width:444px;         width:100%;         margin:16px auto;      background:#00755E;         border-radius:4px;         display:flex;         align-items:center;         justify-content:center;     }     .c-w a{         display:flex;         align-items:center;         justify-content:center;         padding:4px 24px;     }     .c-w img{         width:24px;         margin-right:12px;     }     .c-w p{         font:18px\/25px Poppins;         text-align:center;         color:#fff;         margin:0;     }     @media (max-width:444px){         .c-w a{             padding:4px 12px;         }         .c-w img{             width:24px;             margin-right:8px;         }         .c-w p{             font:14px\/25px Poppins;         }     }     @media (max-width:335px){         .c-w p{             font:13px\/25px Poppins;         }     }  <div class=\"c-w\">     <a href=\"https:\/\/www.whatsapp.com\/channel\/0029Va633PF9WtC4l7XUzh1e\" target=\"_blank\" rel=\"noopener\">         <img decoding=\"async\" src=\"https:\/\/cadenaser.com\/estaticos\/recursosgraficos\/responsive\/img\/ico-whatsapp.svg\" alt=\"Whatsapp\">         <p>\u00danete al <b>canal de WhatsApp<\/b> de la SER<\/p>     <\/a> <\/div><\/p>   <p>En esta XII edici\u00f3n del campus hay 16 voluntarios y 16 personas de diferentes edades de Altea, Callosa d\u2019en Sarri\u00e0, Polop, l\u2019Alf\u00e0s del Pi y La Nuc\u00eda con retraso psicomotor o alg\u00fan tipo de discapacidad: ya sea TEA, s\u00edndromes gen\u00e9ticos o enfermedades raras. Durante julio y agosto realizan diariamente actividades deportivas, dibujo, pintura y otras manualidades.<\/p>   <p>Por \u00faltimo, Cristina Miranda ha querido reconocer la labor de todos los miembros de Integra personific\u00e1ndolo en la figura del vicepresidente Toni Lled\u00f3: \u00ab\u00c9l s\u00ed que esta desde el principio, fue de los socios fundadores. Y ah\u00ed sigue dando el callo\u00bb, ha destacado.<\/p> ","protected":false},"excerpt":{"rendered":"<p>La asociaci\u00f3n, con quince a\u00f1os de historia, lucha por la integraci\u00f3n de las personas con Trastorno del Espectro Autista (TEA)<\/p>\n","protected":false},"author":0,"featured_media":6897,"comment_status":"open","ping_status":"open","sticky":false,"template":"","format":"standard","meta":{"_acf_changed":false,"footnotes":""},"categories":[1],"tags":[],"class_list":["post-6896","post","type-post","status-publish","format-standard","has-post-thumbnail","hentry","category-sin-categoria"],"acf":{"ser_id":"VDTDZNJSEBEANM4OZYHNL2W5WM","ser_url":"https:\/\/cadenaser.com\/comunitat-valenciana\/2024\/07\/11\/integra-marina-baixa-reivindica-un-centro-de-dia-para-las-personas-con-autismo-radio-benidorm\/"},"_links":{"self":[{"href":"https:\/\/serbenidorm.daliisolutions.com\/index.php\/wp-json\/wp\/v2\/posts\/6896","targetHints":{"allow":["GET"]}}],"collection":[{"href":"https:\/\/serbenidorm.daliisolutions.com\/index.php\/wp-json\/wp\/v2\/posts"}],"about":[{"href":"https:\/\/serbenidorm.daliisolutions.com\/index.php\/wp-json\/wp\/v2\/types\/post"}],"replies":[{"embeddable":true,"href":"https:\/\/serbenidorm.daliisolutions.com\/index.php\/wp-json\/wp\/v2\/comments?post=6896"}],"version-history":[{"count":0,"href":"https:\/\/serbenidorm.daliisolutions.com\/index.php\/wp-json\/wp\/v2\/posts\/6896\/revisions"}],"wp:featuredmedia":[{"embeddable":true,"href":"https:\/\/serbenidorm.daliisolutions.com\/index.php\/wp-json\/wp\/v2\/media\/6897"}],"wp:attachment":[{"href":"https:\/\/serbenidorm.daliisolutions.com\/index.php\/wp-json\/wp\/v2\/media?parent=6896"}],"wp:term":[{"taxonomy":"category","embeddable":true,"href":"https:\/\/serbenidorm.daliisolutions.com\/index.php\/wp-json\/wp\/v2\/categories?post=6896"},{"taxonomy":"post_tag","embeddable":true,"href":"https:\/\/serbenidorm.daliisolutions.com\/index.php\/wp-json\/wp\/v2\/tags?post=6896"}],"curies":[{"name":"wp","href":"https:\/\/api.w.org\/{rel}","templated":true}]}}