{"id":6907,"date":"2024-07-12T12:32:13","date_gmt":"2024-07-12T10:32:13","guid":{"rendered":"https:\/\/serbenidorm.daliisolutions.com\/index.php\/2024\/07\/12\/perez-llorca-nuevo-portavoz-del-pp-en-les-corts-tras-la-marcha-de-barrachina-al-consell\/"},"modified":"2024-07-12T12:32:13","modified_gmt":"2024-07-12T10:32:13","slug":"perez-llorca-nuevo-portavoz-del-pp-en-les-corts-tras-la-marcha-de-barrachina-al-consell","status":"publish","type":"post","link":"https:\/\/serbenidorm.daliisolutions.com\/index.php\/2024\/07\/12\/perez-llorca-nuevo-portavoz-del-pp-en-les-corts-tras-la-marcha-de-barrachina-al-consell\/","title":{"rendered":"P\u00e9rez Llorca, nuevo portavoz del PP en les Corts tras la marcha de Barrachina al Consell"},"content":{"rendered":"  <p>Valencia<\/p>   <p>El nombramiento de Miguel Barrachina como <a href=\"https:\/\/cadenaser.com\/comunitat-valenciana\/2024\/07\/12\/el-president-de-la-generalitat-carlos-mazon-comparece-tras-la-ruptura-del-pacto-con-vox-radio-valencia\/\" target=\"_blank\" rel=\"noopener\">conseller de Agricultura, Pesca y Ganader\u00eda <\/a>provoca que tenga que abandonar su responsabilidad como portavoz parlamentario del grupo popular en les Corts.<\/p>   <p>Ese puesto lo ocupar\u00e1 el secretario general del PP de la Comunitat Valenciana y alcalde de Finestrat, Juanfran P\u00e9rez Llorca.<\/p>   <p>El president de la Generalitat y del PP en la Comunitat Valenciana, Carlos Maz\u00f3n, se re\u00fane esta ma\u00f1ana con el grupo parlamentario para aprobar los cambios.<\/p>   <p>Cambios en el Consell<\/p>   <p>Tras la crisis abierta por la ruptura de Vox y el cese de los consellers Vicente Barrera, Elisa N\u00fa\u00f1ez y Jos\u00e9 Luis Aguirre le sucede una reorganizaci\u00f3n del Consell: el nombramiento de los sustitutos al frente de Agricultura y de Justicia e Interior y la desaparici\u00f3n de la conselleria de Cultura y Deporte. Cultura pasar\u00e1 a la conselleria de Educaci\u00f3n y Empleo y Deporte quedar\u00e1 adscrito directamente a Presidencia. Quedar\u00e1 una \u00fanica vicepresidencia, con Susana Camarero al frente.<\/p>   <p>A partir de esta remodelaci\u00f3n, la conselleria de Agricultura, Pesca y Alimentaci\u00f3n la asumir\u00e1 Miguel Barrachina. Su llegada al Consell obligar\u00e1 tambi\u00e9n a hacer cambios en el grupo parlamentario popular, del que hasta ahora ha sido portavoz.<\/p>   <p>     .c-w{         max-width:444px;         width:100%;         margin:16px auto;      background:#00755E;         border-radius:4px;         display:flex;         align-items:center;         justify-content:center;     }     .c-w a{         display:flex;         align-items:center;         justify-content:center;         padding:4px 24px;     }     .c-w img{         width:24px;         margin-right:12px;     }     .c-w p{         font:18px\/25px Poppins;         text-align:center;         color:#fff;         margin:0;     }     @media (max-width:444px){         .c-w a{             padding:4px 12px;         }         .c-w img{             width:24px;             margin-right:8px;         }         .c-w p{             font:14px\/25px Poppins;         }     }     @media (max-width:335px){         .c-w p{             font:13px\/25px Poppins;         }     }  <div class=\"c-w\">     <a href=\"https:\/\/www.whatsapp.com\/channel\/0029Va633PF9WtC4l7XUzh1e\" target=\"_blank\" rel=\"noopener\">         <img decoding=\"async\" src=\"https:\/\/cadenaser.com\/estaticos\/recursosgraficos\/responsive\/img\/ico-whatsapp.svg\" alt=\"Whatsapp\">         <p>\u00danete al <b>canal de WhatsApp<\/b> de la SER<\/p>     <\/a> <\/div><\/p>   <p><i>Sigue toda la \u00faltima hora en el canal de Whatsapp de Radio Valencia: <\/i><a href=\"https:\/\/whatsapp.com\/channel\/0029VaHjyqSFHWq2Q3iHB33R\" rel=\"nofollow\"><i>haz clic aqu\u00ed y suscr\u00edbete<\/i><\/a><i>\u00a0para recibir toda la informaci\u00f3n y la actualidad del d\u00eda en tu m\u00f3vil.<\/i><\/p> ","protected":false},"excerpt":{"rendered":"<p>El actual portavoz parlamentario asume la cartera de Agricultura, Ganader\u00eda y Pesca<\/p>\n","protected":false},"author":0,"featured_media":6908,"comment_status":"open","ping_status":"open","sticky":false,"template":"","format":"standard","meta":{"_acf_changed":false,"footnotes":""},"categories":[1],"tags":[],"class_list":["post-6907","post","type-post","status-publish","format-standard","has-post-thumbnail","hentry","category-sin-categoria"],"acf":{"ser_id":"I5OQMYEUCZHNFMICJOECKXLIAY","ser_url":"https:\/\/cadenaser.com\/comunitat-valenciana\/2024\/07\/12\/perez-llorca-nuevo-portavoz-parlamentario-del-pp-tras-la-marcha-de-barrachina-al-consell-radio-valencia\/"},"_links":{"self":[{"href":"https:\/\/serbenidorm.daliisolutions.com\/index.php\/wp-json\/wp\/v2\/posts\/6907","targetHints":{"allow":["GET"]}}],"collection":[{"href":"https:\/\/serbenidorm.daliisolutions.com\/index.php\/wp-json\/wp\/v2\/posts"}],"about":[{"href":"https:\/\/serbenidorm.daliisolutions.com\/index.php\/wp-json\/wp\/v2\/types\/post"}],"replies":[{"embeddable":true,"href":"https:\/\/serbenidorm.daliisolutions.com\/index.php\/wp-json\/wp\/v2\/comments?post=6907"}],"version-history":[{"count":0,"href":"https:\/\/serbenidorm.daliisolutions.com\/index.php\/wp-json\/wp\/v2\/posts\/6907\/revisions"}],"wp:featuredmedia":[{"embeddable":true,"href":"https:\/\/serbenidorm.daliisolutions.com\/index.php\/wp-json\/wp\/v2\/media\/6908"}],"wp:attachment":[{"href":"https:\/\/serbenidorm.daliisolutions.com\/index.php\/wp-json\/wp\/v2\/media?parent=6907"}],"wp:term":[{"taxonomy":"category","embeddable":true,"href":"https:\/\/serbenidorm.daliisolutions.com\/index.php\/wp-json\/wp\/v2\/categories?post=6907"},{"taxonomy":"post_tag","embeddable":true,"href":"https:\/\/serbenidorm.daliisolutions.com\/index.php\/wp-json\/wp\/v2\/tags?post=6907"}],"curies":[{"name":"wp","href":"https:\/\/api.w.org\/{rel}","templated":true}]}}