{"id":6922,"date":"2024-07-12T18:17:00","date_gmt":"2024-07-12T16:17:00","guid":{"rendered":"https:\/\/serbenidorm.daliisolutions.com\/index.php\/2024\/07\/12\/benidorm-se-prepara-para-su-derbi-local-esta-es-la-cantidad-de-cerveza-que-los-bares-esperan-vender\/"},"modified":"2024-07-12T18:17:00","modified_gmt":"2024-07-12T16:17:00","slug":"benidorm-se-prepara-para-su-derbi-local-esta-es-la-cantidad-de-cerveza-que-los-bares-esperan-vender","status":"publish","type":"post","link":"https:\/\/serbenidorm.daliisolutions.com\/index.php\/2024\/07\/12\/benidorm-se-prepara-para-su-derbi-local-esta-es-la-cantidad-de-cerveza-que-los-bares-esperan-vender\/","title":{"rendered":"Benidorm se prepara para su &#8216;derbi local&#8217;: esta es la cantidad de cerveza que los bares esperan vender"},"content":{"rendered":"  <p>Benidorm<\/p>   <p>Las m\u00e1s de 400 pantallas gigantes con que cuenta Benidorm en los bares y establecimientos de restauraci\u00f3n distribuidos por toda la ciudad, especialmente en la zona inglesa, est\u00e1n listas para proyectar un \u00fanico evento posible el pr\u00f3ximo domingo: la final de la <a href=\"https:\/\/cadenaser.com\/comunitat-valenciana\/2024\/07\/10\/asi-celebro-benidorm-la-victoria-de-la-roja-a-la-final-de-la-eurocopa-radio-benidorm\/\" target=\"_blank\" rel=\"noopener\">Eurocopa entre Espa\u00f1a e Inglaterra.<\/a><\/p>   <p>La ciudad se prepara para vivir la final como si de un derbi local se tratara, habida cuenta la gran cantidad de turistas ingleses que eligen Benidorm para pasar estos d\u00edas y que se prev\u00e9 abarrotar\u00e1n los bares del Rinc\u00f3n de Loix el pr\u00f3ximo domingo como ya lo hicieron en la pasada semifinal en la que vencieron a Pa\u00edses Bajos.<\/p>   <p>La capital tur\u00edstica quedar\u00e1 diferenciada en dos zonas: por un lado la hinchada inglesa en los bares del Rinc\u00f3n de Loix y por <a href=\"https:\/\/cadenaser.com\/comunitat-valenciana\/2024\/07\/08\/benidorm-se-enciende-para-vivir-la-emocion-de-la-semifinal-de-la-roja-ante-francia-radio-benidorm\/\" target=\"_blank\" rel=\"noopener\">otro los aficionados espa\u00f1oles en la zona centro<\/a>, especialmente en el evento multitudinario organizado por la<a href=\"https:\/\/cadenaser.com\/audio\/1720527614675\/\" target=\"_blank\" rel=\"noopener\"> Comissi\u00f3 de Festes Majors Patronals<\/a> y Radio Benidorm SER en el Parque de L\u2019Aig\u00fcera con pantalla gigante, dj y animaci\u00f3n desde las 18:30 horas.<\/p>   <p>Gran fiesta para apoyar a La Roja<\/p>   <p>Una pantalla gigante de 30 m\u00b2, tres barras de comida y bebida, efectos especiales con chispa fr\u00eda, humo e iluminaci\u00f3n, la m\u00fasica del DJ de Los 40, Aitor Belda, la animaci\u00f3n de los locutores de <a href=\"https:\/\/cadenaser.com\/tag\/benidorm\/a\/\" target=\"_blank\" rel=\"noopener\">Radio Benidorm<\/a> y una gran traca final para celebrar la victoria de Espa\u00f1a son los alicientes que tendr\u00e1n los 4.000 aficionados que caben en el Auditorio Julio Iglesias para ir a animar a su selecci\u00f3n.<\/p>   <p>La asistencia a ambas zonas se prev\u00e9 multitudinaria y, por ello, el Ayuntamiento de Benidorm ya ha preparado <a href=\"https:\/\/cadenaser.com\/comunitat-valenciana\/2024\/07\/11\/benidorm-se-blindara-el-domingo-para-la-final-de-la-eurocopa-entre-espana-e-inglaterra-radio-benidorm\/\" target=\"_blank\" rel=\"noopener\">un dispositivo especial de seguridad con refuerzos en la plantilla de la Polic\u00eda Local y Nacional, <\/a>uso de drones, cortes de calles y limitaciones en el uso de envases de cristal en v\u00eda p\u00fablica.<\/p>   <p>     .c-w{         max-width:444px;         width:100%;         margin:16px auto;      background:#00755E;         border-radius:4px;         display:flex;         align-items:center;         justify-content:center;     }     .c-w a{         display:flex;         align-items:center;         justify-content:center;         padding:4px 24px;     }     .c-w img{         width:24px;         margin-right:12px;     }     .c-w p{         font:18px\/25px Poppins;         text-align:center;         color:#fff;         margin:0;     }     @media (max-width:444px){         .c-w a{             padding:4px 12px;         }         .c-w img{             width:24px;             margin-right:8px;         }         .c-w p{             font:14px\/25px Poppins;         }     }     @media (max-width:335px){         .c-w p{             font:13px\/25px Poppins;         }     }  <div class=\"c-w\">     <a href=\"https:\/\/www.whatsapp.com\/channel\/0029Va633PF9WtC4l7XUzh1e\" target=\"_blank\" rel=\"noopener\">         <img decoding=\"async\" src=\"https:\/\/cadenaser.com\/estaticos\/recursosgraficos\/responsive\/img\/ico-whatsapp.svg\" alt=\"Whatsapp\">         <p>\u00danete al <b>canal de WhatsApp<\/b> de la SER<\/p>     <\/a> <\/div><\/p>   <p>Aumento del 50% en el consumo de bebida<\/p>   <p>La hosteler\u00eda local tambi\u00e9n se prepara para el evento con compras especiales para llenar las c\u00e1maras de los establecimientos ante el incremento en el consumo de bebida y comida que se prev\u00e9 para ese d\u00eda.<\/p>   <p>Seg\u00fan datos aportados por la Asociaci\u00f3n de Bares, Restaurantes y Cafeter\u00edas (ABRECA) el consumo de bebida podr\u00eda aumentar hasta un 50% en la jornada del domingo.<\/p>   <p>La gerente de <a href=\"https:\/\/cadenaser.com\/comunitat-valenciana\/2024\/06\/20\/los-restaurantes-de-benidorm-adaptan-sus-cartas-para-las-personas-ciegas-radio-benidorm\/\" target=\"_blank\" rel=\"noopener\">ABRECA<\/a>, Irene Carre\u00f1o, ha explicado a esta redacci\u00f3n que \u201cmientras que la media de consumo normal en Benidorm en un d\u00eda de verano suele ser de unas 320.000 botellas de refresco y agua y 45.000 litros de cerveza, estas cantidades suelen aumentar un 20% cuando juega Espa\u00f1a y hasta un 40% cuando juega Inglaterra\u201d.<\/p>   <p>Las previsiones que maneja la patronal de la restauraci\u00f3n y hosteler\u00eda sit\u00faan el consumo para este d\u00eda en torno a las 480.000 botellas de refrescos y agua y los 67.500 litros de cerveza.<\/p>   <p>Residentes Ingleses<\/p>   <p>La periodista inglesa afincada en la Marina Baixa, Michelle Baker, ha manifestado en Hoy por Hoy Benidorm que \u201cmuchos de mis conocidos con bares y pubs en la zona inglesa ya est\u00e1n llegando sus c\u00e1maras con bebidas y compras extraordinarias desde hace d\u00edas. Ya lo hicieron en la semifinal y prev\u00e9n que la afluencia de brit\u00e1nicos a sus establecimientos sea mucho mayor el domingo\u201d.<\/p>  <p><p class=\"tit\"><span>Michelle Baker nos cuenta c\u00f3mo vivi\u00f3 la comunidad brit\u00e1nica en Benidorm el pase de Inglaterra a la final de la Eurocopa<\/span><\/p> <p class=\"emb\"><iframe loading=\"lazy\" src=\"https:\/\/cadenaser.com\/embed\/audio\/460\/1720698266277\/\" width=\"100%\" height=\"360\" frameborder=\"0\" allowfullscreen><\/iframe><\/p><\/p>   <p>Baker vivi\u00f3 la semifinal ataviada en la zona inglesa ataviada con una camiseta de la Selecci\u00f3n Espa\u00f1ola y una bandera de la Selecci\u00f3n Inglesa y afronta la final con \u201cel coraz\u00f3n partido\u201d.<\/p>   <p>Afirma que ver\u00e1 la final \u201cen la pe\u00f1a festera de toda la vida\u201d con su familia y amigos espa\u00f1oles pero que repetir\u00e1 indumentaria con camiseta de la Selecci\u00f3n Espa\u00f1ola y bandera de la Selecci\u00f3n Inglesa. \u201cPase lo que pase yo ya he ganado. Independientemente del resultado yo ya me siento en el equipo vencedor\u201d, afirma.<\/p> ","protected":false},"excerpt":{"rendered":"<p>La ciudad tiene m\u00e1s de 400 pantallas gigantes | Los aficionados de Espa\u00f1a se concentrar\u00e1n en el auditorio Julio Iglesias <\/p>\n","protected":false},"author":0,"featured_media":6923,"comment_status":"open","ping_status":"open","sticky":false,"template":"","format":"standard","meta":{"_acf_changed":false,"footnotes":""},"categories":[1],"tags":[],"class_list":["post-6922","post","type-post","status-publish","format-standard","has-post-thumbnail","hentry","category-sin-categoria"],"acf":{"ser_id":"OXMOCHNZ5NEQTF2ELYH43FDLDU","ser_url":"https:\/\/cadenaser.com\/comunitat-valenciana\/2024\/07\/12\/benidorm-se-prepara-para-su-derbi-local-esta-es-la-cantidad-de-cerveza-que-los-bares-esperan-vender-radio-benidorm\/"},"_links":{"self":[{"href":"https:\/\/serbenidorm.daliisolutions.com\/index.php\/wp-json\/wp\/v2\/posts\/6922","targetHints":{"allow":["GET"]}}],"collection":[{"href":"https:\/\/serbenidorm.daliisolutions.com\/index.php\/wp-json\/wp\/v2\/posts"}],"about":[{"href":"https:\/\/serbenidorm.daliisolutions.com\/index.php\/wp-json\/wp\/v2\/types\/post"}],"replies":[{"embeddable":true,"href":"https:\/\/serbenidorm.daliisolutions.com\/index.php\/wp-json\/wp\/v2\/comments?post=6922"}],"version-history":[{"count":0,"href":"https:\/\/serbenidorm.daliisolutions.com\/index.php\/wp-json\/wp\/v2\/posts\/6922\/revisions"}],"wp:featuredmedia":[{"embeddable":true,"href":"https:\/\/serbenidorm.daliisolutions.com\/index.php\/wp-json\/wp\/v2\/media\/6923"}],"wp:attachment":[{"href":"https:\/\/serbenidorm.daliisolutions.com\/index.php\/wp-json\/wp\/v2\/media?parent=6922"}],"wp:term":[{"taxonomy":"category","embeddable":true,"href":"https:\/\/serbenidorm.daliisolutions.com\/index.php\/wp-json\/wp\/v2\/categories?post=6922"},{"taxonomy":"post_tag","embeddable":true,"href":"https:\/\/serbenidorm.daliisolutions.com\/index.php\/wp-json\/wp\/v2\/tags?post=6922"}],"curies":[{"name":"wp","href":"https:\/\/api.w.org\/{rel}","templated":true}]}}