{"id":6965,"date":"2024-07-15T16:07:28","date_gmt":"2024-07-15T14:07:28","guid":{"rendered":"https:\/\/serbenidorm.daliisolutions.com\/index.php\/2024\/07\/15\/la-guardia-civil-de-altea-desmantela-una-organizacion-criminal-especializada-en-robo-de-chalets\/"},"modified":"2024-07-15T16:07:28","modified_gmt":"2024-07-15T14:07:28","slug":"la-guardia-civil-de-altea-desmantela-una-organizacion-criminal-especializada-en-robo-de-chalets","status":"publish","type":"post","link":"https:\/\/serbenidorm.daliisolutions.com\/index.php\/2024\/07\/15\/la-guardia-civil-de-altea-desmantela-una-organizacion-criminal-especializada-en-robo-de-chalets\/","title":{"rendered":"La Guardia Civil de Altea desmantela una organizaci\u00f3n criminal especializada en robo de chalets"},"content":{"rendered":"  <p>Altea<\/p>   <p>La Guardia Civil, en el marco de la operaci\u00f3n \u201cHanok\u201d, ha desmantelado una organizaci\u00f3n criminal dedicada a los robos en viviendas, y ha detenido a tres hombres y tres mujeres de entre 36 y 50 a\u00f1os, a los que se les imputan los delitos de pertenencia a grupo criminal, robo con fuerza, robo con violencia e intimidaci\u00f3n, sustracci\u00f3n de veh\u00edculos, falsificaci\u00f3n de documentos y usurpaci\u00f3n de estado civil.<\/p>   <p>En el mes de noviembre de 2023, la Guardia Civil de Altea tuvo conocimiento de la comisi\u00f3n de <a href=\"https:\/\/cadenaser.com\/tag\/la_nucia\/a\/\" target=\"_blank\" rel=\"noopener\">un robo con fuerza en un domicilio de La Nuc\u00eda<\/a>.<\/p>   <p>En dicho suceso, los autores asaltaron la vivienda con los propietarios en su interior, sustrayendo, entre otros, un veh\u00edculo de alta gama. Para el esclarecimiento de los hechos, los agentes del \u00e1rea de investigaci\u00f3n de Altea iniciaron la operaci\u00f3n \u201cHanok\u201d.<\/p>   <p>En una primera fase, tras el an\u00e1lisis del escenario y con las pruebas obtenidas, los investigadores descubrieron que los autores hab\u00edan seguido a la v\u00edctima hasta su domicilio y que, tras el robo, huyeron con el veh\u00edculo sustra\u00eddo y otro con el que hab\u00edan llegado al lugar.<\/p>   <p>Modus operandi<\/p>   <p>Durante la fase de investigaci\u00f3n para la localizaci\u00f3n de los sospechosos, los agentes comprobaron que los supuestos autores hac\u00edan uso del veh\u00edculo sustra\u00eddo, y lo camuflaban con las placas falsificadas. Tambi\u00e9n descubrieron que hab\u00edan actuado en diferentes localidades de la Vega Baja, llegando a usar la violencia e intimidaci\u00f3n en los robos.<\/p>   <p>     .c-w{         max-width:444px;         width:100%;         margin:16px auto;      background:#00755E;         border-radius:4px;         display:flex;         align-items:center;         justify-content:center;     }     .c-w a{         display:flex;         align-items:center;         justify-content:center;         padding:4px 24px;     }     .c-w img{         width:24px;         margin-right:12px;     }     .c-w p{         font:18px\/25px Poppins;         text-align:center;         color:#fff;         margin:0;     }     @media (max-width:444px){         .c-w a{             padding:4px 12px;         }         .c-w img{             width:24px;             margin-right:8px;         }         .c-w p{             font:14px\/25px Poppins;         }     }     @media (max-width:335px){         .c-w p{             font:13px\/25px Poppins;         }     }  <div class=\"c-w\">     <a href=\"https:\/\/www.whatsapp.com\/channel\/0029Va633PF9WtC4l7XUzh1e\" target=\"_blank\" rel=\"noopener\">         <img decoding=\"async\" src=\"https:\/\/cadenaser.com\/estaticos\/recursosgraficos\/responsive\/img\/ico-whatsapp.svg\" alt=\"Whatsapp\">         <p>\u00danete al <b>canal de WhatsApp<\/b> de la SER<\/p>     <\/a> <\/div><\/p>   <p>Las averiguaciones de los investigadores demostraron la gran organizaci\u00f3n de los delincuentes y su modus operandi, en el que eleg\u00edan la v\u00edctima, llevaban a cabo un seguimiento de la misma y finalmente acced\u00edan a sus viviendas, del tipo chalet de gran tama\u00f1o, con los rostros cubiertos por capuchas para no ser reconocidos.<\/p>   <p>Cabe destacar que, los delincuentes no solamente hac\u00edan uso de matr\u00edculas falsas, sino que tambi\u00e9n utilizaban documentaci\u00f3n falsificada, usurpando la identidad de terceros para realizar tr\u00e1mites administrativos, compras o incluso alquilar viviendas, cambiando de residencia con asiduidad, e incluso entrando y saliendo de Espa\u00f1a.<\/p>   <p>Finalmente, tras ubicar a los supuestos autores y con el apoyo de la Unidad de Seguridad Ciudadana de la Comandancia (USECIC) de la Guardia Civil de Alicante, se llev\u00f3 a cabo la fase de explotaci\u00f3n, donde se realiz\u00f3 la detenci\u00f3n simultanea de seis personas, tres hombres y tres mujeres, de entre 36 y 50 a\u00f1os, en las localidades de Orihuela Costa, Rojales, Algorfa y Villajoyosa.<\/p>   <p>Por otro lado, se realiz\u00f3 el registro de una vivienda de Orihuela Costa, donde se intervinieron multitud de efectos susceptibles de ser usados en los robos, como inhibidores de radiofrecuencia, prism\u00e1ticos, herramientas y material inform\u00e1tico. Tambi\u00e9n se localiz\u00f3 documentaci\u00f3n falsificada, placas de matr\u00edculas y diversas llaves de veh\u00edculos, identificando una de ellas como sustra\u00edda en uno de los robos.<\/p>   <p>Adem\u00e1s, se intervinieron tres veh\u00edculos pertenecientes al grupo criminal, y se localiz\u00f3 en Torrevieja el veh\u00edculo sustra\u00eddo, con las matr\u00edculas falsificadas y las originales escondidas en su interior. Este veh\u00edculo finalmente fue devuelto a sus propietarios.<\/p>   <p>Los efectos intervenidos y los detenidos, a los que se les imputan los delitos de pertenencia a grupo criminal, robo con fuerza, robo con violencia e intimidaci\u00f3n, sustracci\u00f3n de veh\u00edculos, falsificaci\u00f3n de documentos y usurpaci\u00f3n de estado civil, han quedado en libertad y a disposici\u00f3n del Juzgado de Instrucci\u00f3n n\u00ba 4 de Villajoyosa.<\/p> ","protected":false},"excerpt":{"rendered":"<p>Hay seis detenidos<\/p>\n","protected":false},"author":0,"featured_media":6966,"comment_status":"open","ping_status":"open","sticky":false,"template":"","format":"standard","meta":{"_acf_changed":false,"footnotes":""},"categories":[1],"tags":[],"class_list":["post-6965","post","type-post","status-publish","format-standard","has-post-thumbnail","hentry","category-sin-categoria"],"acf":{"ser_id":"MLINJPVSY5FHLPOO3LFVEBSRQ4","ser_url":"https:\/\/cadenaser.com\/comunitat-valenciana\/2024\/07\/15\/la-guardia-civil-de-altea-desmantela-una-organizacion-criminal-especializada-en-robo-de-chalets-radio-benidorm\/"},"_links":{"self":[{"href":"https:\/\/serbenidorm.daliisolutions.com\/index.php\/wp-json\/wp\/v2\/posts\/6965","targetHints":{"allow":["GET"]}}],"collection":[{"href":"https:\/\/serbenidorm.daliisolutions.com\/index.php\/wp-json\/wp\/v2\/posts"}],"about":[{"href":"https:\/\/serbenidorm.daliisolutions.com\/index.php\/wp-json\/wp\/v2\/types\/post"}],"replies":[{"embeddable":true,"href":"https:\/\/serbenidorm.daliisolutions.com\/index.php\/wp-json\/wp\/v2\/comments?post=6965"}],"version-history":[{"count":0,"href":"https:\/\/serbenidorm.daliisolutions.com\/index.php\/wp-json\/wp\/v2\/posts\/6965\/revisions"}],"wp:featuredmedia":[{"embeddable":true,"href":"https:\/\/serbenidorm.daliisolutions.com\/index.php\/wp-json\/wp\/v2\/media\/6966"}],"wp:attachment":[{"href":"https:\/\/serbenidorm.daliisolutions.com\/index.php\/wp-json\/wp\/v2\/media?parent=6965"}],"wp:term":[{"taxonomy":"category","embeddable":true,"href":"https:\/\/serbenidorm.daliisolutions.com\/index.php\/wp-json\/wp\/v2\/categories?post=6965"},{"taxonomy":"post_tag","embeddable":true,"href":"https:\/\/serbenidorm.daliisolutions.com\/index.php\/wp-json\/wp\/v2\/tags?post=6965"}],"curies":[{"name":"wp","href":"https:\/\/api.w.org\/{rel}","templated":true}]}}