{"id":6967,"date":"2024-07-15T16:07:29","date_gmt":"2024-07-15T14:07:29","guid":{"rendered":"https:\/\/serbenidorm.daliisolutions.com\/index.php\/2024\/07\/15\/asi-se-vivio-en-benidorm-la-victoria-de-espana-en-la-eurocopa\/"},"modified":"2024-07-15T16:07:29","modified_gmt":"2024-07-15T14:07:29","slug":"asi-se-vivio-en-benidorm-la-victoria-de-espana-en-la-eurocopa","status":"publish","type":"post","link":"https:\/\/serbenidorm.daliisolutions.com\/index.php\/2024\/07\/15\/asi-se-vivio-en-benidorm-la-victoria-de-espana-en-la-eurocopa\/","title":{"rendered":"As\u00ed se vivi\u00f3 en Benidorm la victoria de Espa\u00f1a en la Eurocopa"},"content":{"rendered":"  <p>Benidorm<\/p>   <p>Dos horas antes del partido el principal auditorio de Benidorm, el anfiteatro Julio Iglesias, cerraba sus puertas porque las 4.000 personas que cab\u00edan en \u00e9l ya estaban dentro. <a href=\"https:\/\/cadenaser.com\/tag\/benidorm\/a\/\" target=\"_blank\" rel=\"noopener\">El evento organizado por la Comisi\u00f3n de Fiestas y Radio Benidorm fue una fiesta desde primera hora de la tarde<\/a>.<\/p>   <p><div class=\"oembed twitter\"><blockquote class=\"twitter-tweet\"><p lang=\"es\" dir=\"ltr\"><a href=\"https:\/\/twitter.com\/hashtag\/Espa%C3%B1a?src=hash&amp;ref_src=twsrc%5Etfw\">#Espa\u00f1a<\/a> campeona de Europa<a href=\"https:\/\/twitter.com\/hashtag\/Benidorm?src=hash&amp;ref_src=twsrc%5Etfw\">#Benidorm<\/a> lo celebra <a href=\"https:\/\/t.co\/ZcZECpVyfZ\">pic.twitter.com\/ZcZECpVyfZ<\/a><\/p>\u2014 Jorge Garc\u00eda (@jorgeygarcia_) <a href=\"https:\/\/twitter.com\/jorgeygarcia_\/status\/1812713777793507680?ref_src=twsrc%5Etfw\">July 15, 2024<\/a><\/blockquote>   <\/div><\/p>   <p>Centenares de aficionados de Espa\u00f1a se quedaban fuera y buscaban alternativas en las m\u00e1s de 400 pantallas de gran formato de bares y hoteles. Establecimientos, especialmente en calles como Gerona o Mallorca, donde los ingleses tambi\u00e9n siguieron con emoci\u00f3n un choque vibrante cuyo resultado se celebr\u00f3 en la ciudad hasta bien entrada la madrugada.<\/p>   <p>Se celebr\u00f3 en la playa, en el parque de l&#8217;Aig\u00fcera o en el ancla, junto al puente, con vecinos y turistas hermanados. El dispositivo especial de seguridad funcion\u00f3 en los dos puntos calientes evitando incidentes de gravedad tanto en el centro urbano como en la &#8216;zona guiri&#8217;.<\/p> ","protected":false},"excerpt":{"rendered":"<p>El auditorio Julio Iglesias colg\u00f3 el cartel de completo una hora antes del inicio de la final<\/p>\n","protected":false},"author":0,"featured_media":6968,"comment_status":"open","ping_status":"open","sticky":false,"template":"","format":"standard","meta":{"_acf_changed":false,"footnotes":""},"categories":[1],"tags":[],"class_list":["post-6967","post","type-post","status-publish","format-standard","has-post-thumbnail","hentry","category-sin-categoria"],"acf":{"ser_id":"ZO7ON35VQFA5NLCXBKHMVYILG4","ser_url":"https:\/\/cadenaser.com\/comunitat-valenciana\/2024\/07\/15\/asi-se-vivio-en-benidorm-la-victoria-de-espana-en-la-eurocopa-radio-benidorm\/"},"_links":{"self":[{"href":"https:\/\/serbenidorm.daliisolutions.com\/index.php\/wp-json\/wp\/v2\/posts\/6967","targetHints":{"allow":["GET"]}}],"collection":[{"href":"https:\/\/serbenidorm.daliisolutions.com\/index.php\/wp-json\/wp\/v2\/posts"}],"about":[{"href":"https:\/\/serbenidorm.daliisolutions.com\/index.php\/wp-json\/wp\/v2\/types\/post"}],"replies":[{"embeddable":true,"href":"https:\/\/serbenidorm.daliisolutions.com\/index.php\/wp-json\/wp\/v2\/comments?post=6967"}],"version-history":[{"count":0,"href":"https:\/\/serbenidorm.daliisolutions.com\/index.php\/wp-json\/wp\/v2\/posts\/6967\/revisions"}],"wp:featuredmedia":[{"embeddable":true,"href":"https:\/\/serbenidorm.daliisolutions.com\/index.php\/wp-json\/wp\/v2\/media\/6968"}],"wp:attachment":[{"href":"https:\/\/serbenidorm.daliisolutions.com\/index.php\/wp-json\/wp\/v2\/media?parent=6967"}],"wp:term":[{"taxonomy":"category","embeddable":true,"href":"https:\/\/serbenidorm.daliisolutions.com\/index.php\/wp-json\/wp\/v2\/categories?post=6967"},{"taxonomy":"post_tag","embeddable":true,"href":"https:\/\/serbenidorm.daliisolutions.com\/index.php\/wp-json\/wp\/v2\/tags?post=6967"}],"curies":[{"name":"wp","href":"https:\/\/api.w.org\/{rel}","templated":true}]}}