{"id":6969,"date":"2024-07-15T16:07:30","date_gmt":"2024-07-15T14:07:30","guid":{"rendered":"https:\/\/serbenidorm.daliisolutions.com\/index.php\/2024\/07\/15\/carlos-mazon-el-reparto-de-menores-es-el-primer-asunto-de-pais-incluso-por-encima-de-la-financiacion-autonomica\/"},"modified":"2024-07-15T16:07:30","modified_gmt":"2024-07-15T14:07:30","slug":"carlos-mazon-el-reparto-de-menores-es-el-primer-asunto-de-pais-incluso-por-encima-de-la-financiacion-autonomica","status":"publish","type":"post","link":"https:\/\/serbenidorm.daliisolutions.com\/index.php\/2024\/07\/15\/carlos-mazon-el-reparto-de-menores-es-el-primer-asunto-de-pais-incluso-por-encima-de-la-financiacion-autonomica\/","title":{"rendered":"Carlos Maz\u00f3n: \u00abEl reparto de menores es el primer asunto de pa\u00eds incluso por encima de la financiaci\u00f3n auton\u00f3mica\u00bb"},"content":{"rendered":"  <p>Val\u00e8ncia<\/p>   <p>En una nueva edici\u00f3n de los Encuentros SER que organiza Radio Valencia Cadena SER Carlos Maz\u00f3n, president de la Generalitat ha aprovechado para saludar a sus nuevos consellers tras la ruptura por parte de Vox del acuerdo de gobierno en el d\u00eda en que se cumple un a\u00f1o de su llegada a la presidencia de la Generalitat.<\/p>   <p>Maz\u00f3n ha confesado que no pensaba que el acuerdo no durar\u00eda ni siquiera un a\u00f1o. Pero por contra valora lo mucho que se ha hecho en ese tiempo. \u00abNo me hubiera imaginado ese &#8216;ritmazo&#8217; de trabajo\u00bb. Bajada de impuestos, ley de libertad educativa&#8230;<\/p>   <p>Ha asegurado que la remodelaci\u00f3n de su gobierno empez\u00f3 a pensarla cuando la direcci\u00f3n nacional de Vox mostr\u00f3 su intenci\u00f3n de \u00abno priorizar la Comunitat Valenciana\u00bb. El president ha afirmado que no ha tenido oportunidad de hablar con Santiago Abascal. Y lo lamenta. \u00abNo ha tenido a bien hablar con el president de la Generalitat\u00bb.<\/p>  <p><figure><img loading=\"lazy\" decoding=\"async\" src=\"https:\/\/cadenaser.com\/resizer\/v2\/WDKBHDY6VNFDZHALEL432PJWKU.jpg?auth=630c588e76d4fb5e862b95582f15d9ac503bb6bd1b5f2a2092ba135e3a39c293&amp;quality=70&amp;width=360&amp;height=202&amp;smart=true\" alt=\"Las im\u00e1genes de Encuentros SER: Carlos Maz\u00f3n\" width=\"240\" height=\"135\" \/><\/figure><div><a href=\"https:\/\/cadenaser.com\/comunitat-valenciana\/2024\/07\/15\/las-imagenes-de-encuentros-ser-con-carlos-mazon-radio-valencia\/\">Las im\u00e1genes de Encuentros SER: Carlos Maz\u00f3n<\/a><p><\/p><\/div><\/p>   <p>Ha afirmado que la remodelaci\u00f3n ha sido sencilla porque cuenta con un banquillo extraordinario. \u00abGente lo m\u00e1s competente posible.\u00bb. Ha insistido en que algunos de los nombramientos actuales, como el de Miguel Barrachina al frente de agricultura, hubiera sido su primera opci\u00f3n hace un a\u00f1o de haber tenido mayor\u00eda absoluta y no haber dependido de Vox. Y que de la misma forma que, a trav\u00e9s del di\u00e1logo, cerr\u00f3 aquel gobierno ahora va a seguir igual. \u00abhablando con todos\u00bb. De hecho, ha presumido (una vez m\u00e1s) de que uno de sus primeros acuerdos pol\u00edticos fue con Comprom\u00eds en la negociaci\u00f3n de la Mesa de les Corts.<\/p>   <p>Carlos Maz\u00f3n no se plantea convocar elecciones a pesar de los equilibrios parlamentarios. El PP cuenta con 40 esca\u00f1os y PSPV y Comprom\u00eds suman 46. A la pregunta de si se lo plantear\u00eda si no pudiera sacar los presupuestos ha insistido en que su intenci\u00f3n es acabar la legislatura por la v\u00eda del di\u00e1logo. Ha llamado a la tranquilidad y cree que se puede dar ejemplo desde aqu\u00ed al resto de Espa\u00f1a. \u00abLas cosas no son buenas o malas en funci\u00f3n de qui\u00e9n las propone\u00bb.<\/p>   <p>     .c-w{         max-width:444px;         width:100%;         margin:16px auto;      background:#00755E;         border-radius:4px;         display:flex;         align-items:center;         justify-content:center;     }     .c-w a{         display:flex;         align-items:center;         justify-content:center;         padding:4px 24px;     }     .c-w img{         width:24px;         margin-right:12px;     }     .c-w p{         font:18px\/25px Poppins;         text-align:center;         color:#fff;         margin:0;     }     @media (max-width:444px){         .c-w a{             padding:4px 12px;         }         .c-w img{             width:24px;             margin-right:8px;         }         .c-w p{             font:14px\/25px Poppins;         }     }     @media (max-width:335px){         .c-w p{             font:13px\/25px Poppins;         }     }  <div class=\"c-w\">     <a href=\"https:\/\/www.whatsapp.com\/channel\/0029Va633PF9WtC4l7XUzh1e\" target=\"_blank\" rel=\"noopener\">         <img decoding=\"async\" src=\"https:\/\/cadenaser.com\/estaticos\/recursosgraficos\/responsive\/img\/ico-whatsapp.svg\" alt=\"Whatsapp\">         <p>\u00danete al <b>canal de WhatsApp<\/b> de la SER<\/p>     <\/a> <\/div><\/p>   <p>Se abre un nuevo panorama que, seg\u00fan Maz\u00f3n, hay que aprovechar. Reclama altura de miras a la oposici\u00f3n que ya ha mostrado su intenci\u00f3n de seguir fiscalizando la labor de un consell lastrado por decisiones marcadas por el sello de la ultraderecha. Maz\u00f3n cree que el problema es \u00abque no les hace gracia dialogar\u00bb y se han quedado sin excusas al haber salido Vox del Consell y esto los ha sacado de su zona de confort.<\/p>   <p>En ese sentido ha indicado que en sus intenciones no est\u00e1 modificar ninguna de las leyes aprobadas junto a Vox como la de la Concordia y la de Libertad Educativa. Tambi\u00e9n ha presumido del decreto de simplificaci\u00f3n administrativa. Hoy deber\u00eda salir adelante, si no es as\u00ed, ofrece a la oposici\u00f3n tramitarlo como proyecto de ley.<\/p>   <p>\u00abSi hubiera alguna posibilidad de que a \u00faltima hora no saliera adelante\u00bb, estoy dispuesto a tramitarlo \u00abart\u00edculo por art\u00edculo\u00bb.<\/p>   <p><div><a href=\"https:\/\/cadenaser.com\/nacional\/2024\/07\/15\/directo-el-presidente-valenciano-carlos-mazon-en-hoy-por-hoy-cadena-ser\/\">Entrevista en Hoy por Hoy: Maz\u00f3n califica a Vox de \u00abrepresentante leg\u00edtimo\u00bb y defiende la ley valenciana de \u00abconcordia\u00bb<\/a><p><\/p><\/div><\/p>   <p>\u00bfCu\u00e1l va a ser la relaci\u00f3n con Vox?<\/p>   <p>Carlos Maz\u00f3n no responde a la pregunta de si Vox seguir\u00e1 siendo su socio preferente. \u00c9l, ha dicho, no tiene un p\u00f3dium de preferidos. Su hoja de ruta es lo que sea bueno para la Comunitat Valenciana independientemente de qu\u00e9 partido venga. \u00abEstoy mirando hacia el centro y hacia delante\u00bb.<\/p>   <p>En cuanto a la intenci\u00f3n de Vox de mantenerse al frente de la presidencia de les Corts, Maz\u00f3n ha indicado que, a diferencia de la Mesa con el Bot\u00e0nic, \u00e9l siempre ha querido un miembro (al menos) de todos los partidos en ese \u00f3rgano. Por tanto, \u00abme siento c\u00f3modo con que haya pluralidad en la Mesa de les Corts\u00bb, vaya, con la presidenta Llanos Mass\u00f3. Y sobre las pol\u00e9micas con ella como protagonista Maz\u00f3n ha indicado. \u00aba m\u00ed tambi\u00e9n me toca aprender todos los d\u00edas\u00bb.<\/p>   <p>En cuanto a por qu\u00e9 no se rompen los pactos PP-Vox en los ayuntamientos, Maz\u00f3n afirma que no se rigen por los mismos principios que la Generalitat.<\/p>  <p><div class=\"slick-slider slick-initialized\" dir=\"ltr\"><div class=\"slick-list\"><div class=\"slick-track\" style=\"width:1300%;left:-100%\"><div data-index=\"-1\" class=\"slick-slide slick-cloned\" aria-hidden=\"true\" style=\"width:7.6923076923076925%\"><div><figure style=\"width:100%\"><img loading=\"lazy\" decoding=\"async\" src=\"https:\/\/cadenaser.com\/resizer\/v2\/4XT7UL4RXVBZBJJFX7SQBRJSR4.jpg?auth=ca082acec90c4a9bfc8c6523f5b062bf8760169f2ccaa7ae1416213167ca2eb9&amp;quality=70&amp;width=768&amp;height=576&amp;smart=true\" width=\"4\" height=\"3\" \/><figcaption class=\"fc\"><p><span>Encuentros SER  &#8211; Carlos Maz\u00f3n<\/span> \/ <span>David Gonz\u00e1lez<\/span><\/p><\/figcaption><\/figure><\/div><\/div><div data-index=\"0\" class=\"slick-slide slick-active slick-current\" aria-hidden=\"false\" style=\"width:7.6923076923076925%\"><div><figure style=\"width:100%\"><img loading=\"lazy\" decoding=\"async\" src=\"https:\/\/cadenaser.com\/resizer\/v2\/WDKBHDY6VNFDZHALEL432PJWKU.jpg?auth=630c588e76d4fb5e862b95582f15d9ac503bb6bd1b5f2a2092ba135e3a39c293&amp;quality=70&amp;width=768&amp;height=576&amp;smart=true\" width=\"4\" height=\"3\" \/><figcaption class=\"fc\"><p><span>Encuentros SER  &#8211; Carlos Maz\u00f3n<\/span> \/ <span>David Gonz\u00e1lez<\/span><\/p><\/figcaption><\/figure><\/div><\/div><div data-index=\"1\" class=\"slick-slide\" aria-hidden=\"true\" style=\"width:7.6923076923076925%\"><div><figure style=\"width:100%\"><img loading=\"lazy\" decoding=\"async\" src=\"https:\/\/cadenaser.com\/resizer\/v2\/MYOEW6A2BRGULE4LTDFOOJIJEA.jpg?auth=9fca720332f1ba0415119c84062c35993cacd4961a11635def777059defd9444&amp;quality=70&amp;width=768&amp;height=576&amp;smart=true\" width=\"4\" height=\"3\" \/><figcaption class=\"fc\"><p><span>Encuentros SER  &#8211; Carlos Maz\u00f3n<\/span> \/ <span>David Gonz\u00e1lez<\/span><\/p><\/figcaption><\/figure><\/div><\/div><div data-index=\"2\" class=\"slick-slide\" aria-hidden=\"true\" style=\"width:7.6923076923076925%\"><div><figure style=\"width:100%\"><img loading=\"lazy\" decoding=\"async\" src=\"https:\/\/cadenaser.com\/resizer\/v2\/QAOUOP2SJJA6XA5JQJGHGPXZVU.jpg?auth=8a50f8fd1b476a35e10b0a75bcee59a88e0699f1a1e53afb0021d7063dfebe4d&amp;quality=70&amp;width=768&amp;height=576&amp;smart=true\" width=\"4\" height=\"3\" \/><figcaption class=\"fc\"><p><span>Encuentros SER  &#8211; Carlos Maz\u00f3n<\/span> \/ <span>David Gonz\u00e1lez<\/span><\/p><\/figcaption><\/figure><\/div><\/div><div data-index=\"3\" class=\"slick-slide\" aria-hidden=\"true\" style=\"width:7.6923076923076925%\"><div><figure style=\"width:100%\"><img loading=\"lazy\" decoding=\"async\" src=\"https:\/\/cadenaser.com\/resizer\/v2\/WY45JEOKIVBXFM7CYR3NEQD724.jpg?auth=7f707430a28b1ad86801709dd79a5edb388f5bc18b4919197bc45674db8dde71&amp;quality=70&amp;width=768&amp;height=576&amp;smart=true\" width=\"4\" height=\"3\" \/><figcaption class=\"fc\"><p><span>Encuentros SER  &#8211; Carlos Maz\u00f3n<\/span> \/ <span>David Gonz\u00e1lez<\/span><\/p><\/figcaption><\/figure><\/div><\/div><div data-index=\"4\" class=\"slick-slide\" aria-hidden=\"true\" style=\"width:7.6923076923076925%\"><div><figure style=\"width:100%\"><img loading=\"lazy\" decoding=\"async\" src=\"https:\/\/cadenaser.com\/resizer\/v2\/U6J4VNL6VVG2PC3M5CIFO36M7Q.jpg?auth=064328dadd14b63112ab888cc03079886e5eb1186100428c783517aef480cc13&amp;quality=70&amp;width=768&amp;height=576&amp;smart=true\" width=\"4\" height=\"3\" \/><figcaption class=\"fc\"><p><span>Encuentros SER  &#8211; Carlos Maz\u00f3n<\/span> \/ <span>David Gonz\u00e1lez<\/span><\/p><\/figcaption><\/figure><\/div><\/div><div data-index=\"5\" class=\"slick-slide\" aria-hidden=\"true\" style=\"width:7.6923076923076925%\"><div><figure style=\"width:100%\"><img loading=\"lazy\" decoding=\"async\" src=\"https:\/\/cadenaser.com\/resizer\/v2\/4XT7UL4RXVBZBJJFX7SQBRJSR4.jpg?auth=ca082acec90c4a9bfc8c6523f5b062bf8760169f2ccaa7ae1416213167ca2eb9&amp;quality=70&amp;width=768&amp;height=576&amp;smart=true\" width=\"4\" height=\"3\" \/><figcaption class=\"fc\"><p><span>Encuentros SER  &#8211; Carlos Maz\u00f3n<\/span> \/ <span>David Gonz\u00e1lez<\/span><\/p><\/figcaption><\/figure><\/div><\/div><div data-index=\"6\" class=\"slick-slide slick-cloned\" aria-hidden=\"true\" style=\"width:7.6923076923076925%\"><div><figure style=\"width:100%\"><img loading=\"lazy\" decoding=\"async\" src=\"https:\/\/cadenaser.com\/resizer\/v2\/WDKBHDY6VNFDZHALEL432PJWKU.jpg?auth=630c588e76d4fb5e862b95582f15d9ac503bb6bd1b5f2a2092ba135e3a39c293&amp;quality=70&amp;width=768&amp;height=576&amp;smart=true\" width=\"4\" height=\"3\" \/><figcaption class=\"fc\"><p><span>Encuentros SER  &#8211; Carlos Maz\u00f3n<\/span> \/ <span>David Gonz\u00e1lez<\/span><\/p><\/figcaption><\/figure><\/div><\/div><div data-index=\"7\" class=\"slick-slide slick-cloned\" aria-hidden=\"true\" style=\"width:7.6923076923076925%\"><div><figure style=\"width:100%\"><img loading=\"lazy\" decoding=\"async\" src=\"https:\/\/cadenaser.com\/resizer\/v2\/MYOEW6A2BRGULE4LTDFOOJIJEA.jpg?auth=9fca720332f1ba0415119c84062c35993cacd4961a11635def777059defd9444&amp;quality=70&amp;width=768&amp;height=576&amp;smart=true\" width=\"4\" height=\"3\" \/><figcaption class=\"fc\"><p><span>Encuentros SER  &#8211; Carlos Maz\u00f3n<\/span> \/ <span>David Gonz\u00e1lez<\/span><\/p><\/figcaption><\/figure><\/div><\/div><div data-index=\"8\" class=\"slick-slide slick-cloned\" aria-hidden=\"true\" style=\"width:7.6923076923076925%\"><div><figure style=\"width:100%\"><img loading=\"lazy\" decoding=\"async\" src=\"https:\/\/cadenaser.com\/resizer\/v2\/QAOUOP2SJJA6XA5JQJGHGPXZVU.jpg?auth=8a50f8fd1b476a35e10b0a75bcee59a88e0699f1a1e53afb0021d7063dfebe4d&amp;quality=70&amp;width=768&amp;height=576&amp;smart=true\" width=\"4\" height=\"3\" \/><figcaption class=\"fc\"><p><span>Encuentros SER  &#8211; Carlos Maz\u00f3n<\/span> \/ <span>David Gonz\u00e1lez<\/span><\/p><\/figcaption><\/figure><\/div><\/div><div data-index=\"9\" class=\"slick-slide slick-cloned\" aria-hidden=\"true\" style=\"width:7.6923076923076925%\"><div><figure style=\"width:100%\"><img loading=\"lazy\" decoding=\"async\" src=\"https:\/\/cadenaser.com\/resizer\/v2\/WY45JEOKIVBXFM7CYR3NEQD724.jpg?auth=7f707430a28b1ad86801709dd79a5edb388f5bc18b4919197bc45674db8dde71&amp;quality=70&amp;width=768&amp;height=576&amp;smart=true\" width=\"4\" height=\"3\" \/><figcaption class=\"fc\"><p><span>Encuentros SER  &#8211; Carlos Maz\u00f3n<\/span> \/ <span>David Gonz\u00e1lez<\/span><\/p><\/figcaption><\/figure><\/div><\/div><div data-index=\"10\" class=\"slick-slide slick-cloned\" aria-hidden=\"true\" style=\"width:7.6923076923076925%\"><div><figure style=\"width:100%\"><img loading=\"lazy\" decoding=\"async\" src=\"https:\/\/cadenaser.com\/resizer\/v2\/U6J4VNL6VVG2PC3M5CIFO36M7Q.jpg?auth=064328dadd14b63112ab888cc03079886e5eb1186100428c783517aef480cc13&amp;quality=70&amp;width=768&amp;height=576&amp;smart=true\" width=\"4\" height=\"3\" \/><figcaption class=\"fc\"><p><span>Encuentros SER  &#8211; Carlos Maz\u00f3n<\/span> \/ <span>David Gonz\u00e1lez<\/span><\/p><\/figcaption><\/figure><\/div><\/div><div data-index=\"11\" class=\"slick-slide slick-cloned\" aria-hidden=\"true\" style=\"width:7.6923076923076925%\"><div><figure style=\"width:100%\"><img loading=\"lazy\" decoding=\"async\" src=\"https:\/\/cadenaser.com\/resizer\/v2\/4XT7UL4RXVBZBJJFX7SQBRJSR4.jpg?auth=ca082acec90c4a9bfc8c6523f5b062bf8760169f2ccaa7ae1416213167ca2eb9&amp;quality=70&amp;width=768&amp;height=576&amp;smart=true\" width=\"4\" height=\"3\" \/><figcaption class=\"fc\"><p><span>Encuentros SER  &#8211; Carlos Maz\u00f3n<\/span> \/ <span>David Gonz\u00e1lez<\/span><\/p><\/figcaption><\/figure><\/div><\/div><\/div><\/div><ul class=\"pag\"><li class=\"slick-active\"><button>1<\/button><\/li><li class=\"\"><button>2<\/button><\/li><li class=\"\"><button>3<\/button><\/li><li class=\"\"><button>4<\/button><\/li><li class=\"\"><button>5<\/button><\/li><li class=\"\"><button>6<\/button><\/li><\/ul><\/div><button class=\"bt-an\">Anterior<\/button><button class=\"bt-si\">Siguiente<\/button><button class=\"bt-am\">Ampliar<\/button><\/p>   <p>Inmigraci\u00f3n<\/p>   <p>Maz\u00f3n ha lamentado que se le critique por sistema, haga lo que haga. Que no es justo que le critiquen por decir que los centros de la Comunitat Valenciana est\u00e1n saturados. Ha afirmado que es lo que hay y que es una realidad que no le hace a \u00e9l insolidario o racista.<\/p>   <p>Ha criticado a la irresponsabilidad del gobierno central fijando un reparto sin tener en cuenta esas cosas. E insist\u00eda cuando comparaba y se preguntaba qu\u00e9 dir\u00eda el PSPV si \u00e9l hiciera lo mismo con los ayuntamientos socialistas y, adem\u00e1s, si se negaran, les llamara racistas.<\/p>   <p>La crisis migratoria es junto a la financiaci\u00f3n auton\u00f3mica el principal problema al que nos enfrentamos. Maz\u00f3n ha comparado la actitud del gobierno de Espa\u00f1a y sus imposiciones con el no a todo de Vox. \u00abEs la misma irresponsabilidad la del gobierno de Espa\u00f1a que la de Vox\u00bb.<\/p>   <p>\u00abY nadie ofrece una soluci\u00f3n\u00bb. Nosotros hemos estado durante este a\u00f1o habilitando personal de urgencia, abriendo nuevos albergues&#8230; para atender a quienes llegan por los \u00abrepartos mal previstos\u00bb del gobierno central y porque aqu\u00ed tambi\u00e9n llegan muchas pateras. \u00ab\u00bfD\u00f3nde est\u00e1 Europa?\u00bb, se ha preguntado. Tampoco sabe si el gobierno espa\u00f1ol ha hablado con Europa.<\/p>   <p>Y ha reclamado saber qu\u00e9 est\u00e1 haciendo el gobierno espa\u00f1ol antes de que \u00abnos imponga una ley\u00bb en referencia a la reforma de la Ley de Extranjer\u00eda. Cree Maz\u00f3n que no se da suficiente participaci\u00f3n a comunidades aut\u00f3nomas que como la valenciana padecen en primer personal el problema de la inmigraci\u00f3n. Asegura Maz\u00f3n que el gobierno de Espa\u00f1a, con sus pol\u00edticas, provoca \u00abel efecto llamado\u00bb.<\/p>   <p>Afirma que \u00aben mayor o menor grado\u00bb la sociedad tiene la sensaci\u00f3n de que inmigraci\u00f3n y delincuencia van de la mano. Cree que no deber\u00eda ser as\u00ed, pero la realidad es la que es y \u00abmire usted la sociedad francesa\u00bb. Considera l\u00f3gico que haya inquietud social y temor al ver a j\u00f3venes inmigrantes en la calle y eso puede provocar \u00abbrotes racistas\u00bb. Frente a eso se muestra partidario de aplicar pol\u00edticas responsables y no populistas como otros.<\/p>   <p>Violencia machista<\/p>   <p>Defiende a su Consell a la hora de hacer frente al problema independientemente de Vox. Asegura que \u00abun nombre de curso\u00bb no puede condicionar \u00abla pol\u00edtica global\u00bb. Reconoce que si discreparon con Vox por el nombre \u00abviolencia de g\u00e9nero\u00bb.<\/p>   <p>Presume de haber resuelto el problema de la asignatura de los cursos del Ivaspe a Polic\u00edas Locales poniendo el mismo nombre a ese curso que tiene la secretaria de estado del ramo del reino de Espa\u00f1a. \u00abYo no tengo ning\u00fan problema de llamarla violencia de g\u00e9nero\u00bb, la llamamos como la llama el gobierno de Espa\u00f1a.<\/p>   <p>Carlos Maz\u00f3n ha querido reducir a la categor\u00eda de an\u00e9cdota los desajustes que en esa materia hubo cuando en el Consell estaba Vox porque la l\u00ednea roja contra la violencia de g\u00e9nero est\u00e1 clara desde el principio. \u00abY eso no cambia con Vox, sin Vox o con Vox mediopensionista\u00bb.<\/p>   <p>Herencia recibida<\/p>   <p>No es una excusa. 60 millones de deuda, compromisos de aumentos salariales a colectivos funcionariales sin tener los fondos cerrados, listas de espera de sanidad y dependencia&#8230; Eso son problemas heredados no son excusas. Llevamos un a\u00f1o y estamos resolviendo esos problemas. \u00abNo es un chicle, es explicarle a la gente la verdad\u00bb.<\/p>   <p>Cuando la intervenci\u00f3n te dice que se han dado 800 millones a dedo en dos a\u00f1os hay que investigarlo. La herencia recibida no es un manto con el que tapar nada. \u00abLo que hemos recibido es lo que hemos recibido\u00bb. \u00abY espero que sean tan duro conmigo como blando estoy siendo yo con eso\u00bb, ha concluido. Mantendr\u00e1 ese discurso mientras considere que quedan cuestiones por aclarar.<\/p>   <p>S\u00ed que ha destacado, con iron\u00eda, que el Bot\u00e0nic le dej\u00f3 una cosa buena que ahora le han quitado: Francesc Colomer, exsecretario auton\u00f3mico de turismo, que estaba en les Corts pero que ahora han llevado a la Diputaci\u00f3 de Val\u00e8ncia.<\/p>   <p>Preguntado por la tasa tur\u00edstica ha afirmado el president que no era tal, que era un impuesto: \u00abpor venir pagar\u00bb. Y que la mayor barbaridad es que obligaba a pagar esa tasa a los propios valencianos si se mov\u00edan por la Comunitat. Maz\u00f3n ha aprovechado para presumir de su pol\u00edtica tur\u00edstica para confirmar los buenos n\u00fameros del sector frente a la dejaci\u00f3n del anterior gobierno que apostaba por esas medidas y no concedi\u00f3 ni una sola licencia para nuevos hoteles.<\/p>   <p>No ver\u00eda con malos ojos que \u00aben un museo los empadronados paguen un precio y los turistas otro\u00bb. Pero nunca decir al turista potencial que solo por venir tiene que pagar. Y considera que hay que diferenciar entre los distintos modelos tur\u00edsticos de la Comunitat.<\/p>   <p>Financiaci\u00f3n auton\u00f3mica<\/p>   <p>\u00abTodo el mundo se descarga en las comunidades aut\u00f3nomas\u00bb. Maz\u00f3n ha reclamado que el principio de solidaridad se aplique para con las autonom\u00edas y ha insistido en que somos la autonom\u00eda peor financiada. De la reuni\u00f3n de hoy del Consejo de Pol\u00edtica Fiscal y Financiera espera, como m\u00ednimo, el fondo de nivelaci\u00f3n.<\/p>   <p>Ante las cr\u00edticas socialistas de pedir m\u00e1s dinero al estado mientras aqu\u00ed se bajan impuestos afirma que se \u00abcaen por si solas\u00bb. Porque el PSPV se opuso a desgravaciones fiscales por compra de gafas, por ejemplo. Afirma que el PSPV es el \u00fanico partido que ha renunciado a la progresividad, que qui\u00e9n m\u00e1s tiene deber\u00eda aportar m\u00e1s y se muestra, en contra de socialistas de otras autonom\u00edas, a favor de la singularidad de Catalunya.<\/p>   <p>El president abr\u00eda con una pregunta al moderador: \u00bfpor qu\u00e9 a la alcaldesa de Val\u00e8ncia fue situada en el mismo escenario a la izquierda del moderador y a \u00e9l a la derecha? Bernardo Guzm\u00e1n, con iron\u00eda, alegaba que era una cuesti\u00f3n de \u00abmejor perfil\u00bb.<\/p>   <p>Maz\u00f3n se ha confesado muy satisfecho por la victoria de Espa\u00f1a en la Eurocopa, partido que disfrut\u00f3 en su casa acompa\u00f1ado de su mujer. A la pregunta de si Val\u00e8ncia acoger\u00e1 finalmente alg\u00fan partido del pr\u00f3ximo Mundial ha indicado que depender\u00e1 del Valencia CF y de que cumpla lo comprometido cumpliendo escrupulosamente la ley.<\/p>   <p>Maz\u00f3n ha indicado que \u00ablas decisiones que afectan a la Comunitat Valenciana se toman en la calle Caballeros 2 de Val\u00e8ncia (sede del Palau de la Generalitat) y no en la calle G\u00e9nova\u00bb, lo que le ha permitido marcar de nuevo distancias con Vox y criticar a los socialistas.<\/p>   <p>Se da la circunstancia que Carlos Maz\u00f3n particip\u00f3 en su primer desayuno informativo como president en este mismo foro, en Encuentros SER, hace casi un a\u00f1o ante representantes de la pol\u00edtica, la sociedad y la empresa de la capital.<\/p>   <p>Carlos Maz\u00f3n conf\u00eda poder tomarse unos d\u00edas de vacaciones con su familia este verano: \u00abSi los incendios nos lo permiten\u00bb.<\/p>   <p><i>Sigue toda la \u00faltima hora en el canal de Whatsapp de Radio Valencia: <\/i><a href=\"https:\/\/whatsapp.com\/channel\/0029VaHjyqSFHWq2Q3iHB33R\" rel=\"nofollow\"><i>haz clic aqu\u00ed y suscr\u00edbete<\/i><\/a><i> para recibir toda la informaci\u00f3n y la actualidad del d\u00eda en tu m\u00f3vil.<\/i><\/p> ","protected":false},"excerpt":{"rendered":"<p>El president de la Generalitat, en Encuentros SER, hace balance de su gesti\u00f3n al frente de gobierno de la Comunitat Valenciana<\/p>\n","protected":false},"author":0,"featured_media":6970,"comment_status":"open","ping_status":"open","sticky":false,"template":"","format":"standard","meta":{"_acf_changed":false,"footnotes":""},"categories":[1],"tags":[],"class_list":["post-6969","post","type-post","status-publish","format-standard","has-post-thumbnail","hentry","category-sin-categoria"],"acf":{"ser_id":"7MFEPZE4NVCWFNKVCQ7ZRNAYDU","ser_url":"https:\/\/cadenaser.com\/comunitat-valenciana\/2024\/07\/15\/carlos-mazon-protagonista-de-una-nueva-edicion-de-encuentros-ser-estoy-mirando-hacia-el-centro-radio-valencia\/"},"_links":{"self":[{"href":"https:\/\/serbenidorm.daliisolutions.com\/index.php\/wp-json\/wp\/v2\/posts\/6969","targetHints":{"allow":["GET"]}}],"collection":[{"href":"https:\/\/serbenidorm.daliisolutions.com\/index.php\/wp-json\/wp\/v2\/posts"}],"about":[{"href":"https:\/\/serbenidorm.daliisolutions.com\/index.php\/wp-json\/wp\/v2\/types\/post"}],"replies":[{"embeddable":true,"href":"https:\/\/serbenidorm.daliisolutions.com\/index.php\/wp-json\/wp\/v2\/comments?post=6969"}],"version-history":[{"count":0,"href":"https:\/\/serbenidorm.daliisolutions.com\/index.php\/wp-json\/wp\/v2\/posts\/6969\/revisions"}],"wp:featuredmedia":[{"embeddable":true,"href":"https:\/\/serbenidorm.daliisolutions.com\/index.php\/wp-json\/wp\/v2\/media\/6970"}],"wp:attachment":[{"href":"https:\/\/serbenidorm.daliisolutions.com\/index.php\/wp-json\/wp\/v2\/media?parent=6969"}],"wp:term":[{"taxonomy":"category","embeddable":true,"href":"https:\/\/serbenidorm.daliisolutions.com\/index.php\/wp-json\/wp\/v2\/categories?post=6969"},{"taxonomy":"post_tag","embeddable":true,"href":"https:\/\/serbenidorm.daliisolutions.com\/index.php\/wp-json\/wp\/v2\/tags?post=6969"}],"curies":[{"name":"wp","href":"https:\/\/api.w.org\/{rel}","templated":true}]}}