{"id":6971,"date":"2024-07-15T16:07:32","date_gmt":"2024-07-15T14:07:32","guid":{"rendered":"https:\/\/serbenidorm.daliisolutions.com\/index.php\/2024\/07\/15\/la-circunvalacion-de-peaje-de-alicante-sera-gratuita-hasta-el-15-de-octubre\/"},"modified":"2024-07-15T16:07:32","modified_gmt":"2024-07-15T14:07:32","slug":"la-circunvalacion-de-peaje-de-alicante-sera-gratuita-hasta-el-15-de-octubre","status":"publish","type":"post","link":"https:\/\/serbenidorm.daliisolutions.com\/index.php\/2024\/07\/15\/la-circunvalacion-de-peaje-de-alicante-sera-gratuita-hasta-el-15-de-octubre\/","title":{"rendered":"La circunvalaci\u00f3n de peaje de Alicante ser\u00e1 gratuita hasta el 15 de octubre"},"content":{"rendered":"  <p>Alicante<\/p>   <p>El ministro de Transportes y Movilidad Sostenible, Oscar Puente, ha anunciado este lunes en Alicante la gratuidad de la AP-7 desde la noche del 15 de julio y hasta el 15 de octubre. El objetivo del Gobierno, descongestionar la A-7, una v\u00eda que llega a alcanzar picos de hasta 95.000 veh\u00edculos diarios.<\/p>   <p>En Hoy por Hoy Alicante, el ministro ha asegurado que el Gobierno es consciente \u00abde la situaci\u00f3n de colapso de la autov\u00eda A-7 en algunos tramos\u00bb, mientras que la circunvalaci\u00f3n de peaje de Alicante registra una intensidad media de circulaci\u00f3n de 5.000 veh\u00edculos diarios. <\/p>   <p>Su intenci\u00f3n es que, \u00abcomo calculan los t\u00e9cnicos, se puedan trasvasar 25.000 veh\u00edculos de la A-7 a la AP-7\u00bb. Puente espera, adem\u00e1s, que algunos de ellos sean veh\u00edculos pesados y se consiga no solo mejorar el tr\u00e1nsito, sino tambi\u00e9n la seguridad vial.<\/p>   <p>Variante de Torrellano <\/p>  <p><figure><img loading=\"lazy\" decoding=\"async\" src=\"https:\/\/cadenaser.com\/resizer\/v2\/ZKMTEFFNC5ECXO6BBRQVZK6EHU.jpg?auth=ccbbef31bf3efb738a2cd605203bfd841ae890cb162093ef82e353f35a955820&amp;quality=70&amp;width=650&amp;height=365&amp;smart=true\" alt=\"\u00d3scar Puente, ministro de Transportes y Movilidad Sostenible de Espa\u00f1a\" width=\"16\" height=\"9\" \/><figcaption class=\"fc\"><p><span>\u00d3scar Puente, ministro de Transportes y Movilidad Sostenible de Espa\u00f1a<\/span> \/ <span>Silvia C\u00e1rceles Pozo<\/span><\/p><\/figcaption><\/figure><button class=\"bt-am\">Ampliar<\/button><\/p>   <p>Sobre la Variante de Torrellano, durante su conversaci\u00f3n con Carlos Arcaya, el ministro ha asegurado: \u00abNo vamos a electrificar\u00bb.<\/p>   <p>Puente habla de una interlocuci\u00f3n fluida para alcanzar un acuerdo en un nuevo trazado que evite la electrificaci\u00f3n y que pasa por mover la ubicaci\u00f3n de la depuradora, cuesti\u00f3n que ha confirmado el alcalde de Alicante. <\/p>   <p>     .c-w{         max-width:444px;         width:100%;         margin:16px auto;      background:#00755E;         border-radius:4px;         display:flex;         align-items:center;         justify-content:center;     }     .c-w a{         display:flex;         align-items:center;         justify-content:center;         padding:4px 24px;     }     .c-w img{         width:24px;         margin-right:12px;     }     .c-w p{         font:18px\/25px Poppins;         text-align:center;         color:#fff;         margin:0;     }     @media (max-width:444px){         .c-w a{             padding:4px 12px;         }         .c-w img{             width:24px;             margin-right:8px;         }         .c-w p{             font:14px\/25px Poppins;         }     }     @media (max-width:335px){         .c-w p{             font:13px\/25px Poppins;         }     }  <div class=\"c-w\">     <a href=\"https:\/\/www.whatsapp.com\/channel\/0029Va633PF9WtC4l7XUzh1e\" target=\"_blank\" rel=\"noopener\">         <img decoding=\"async\" src=\"https:\/\/cadenaser.com\/estaticos\/recursosgraficos\/responsive\/img\/ico-whatsapp.svg\" alt=\"Whatsapp\">         <p>\u00danete al <b>canal de WhatsApp<\/b> de la SER<\/p>     <\/a> <\/div><\/p>   <p>Por tanto, la intenci\u00f3n del Gobierno es \u00abno electrificar la v\u00eda a su paso por San Gabriel y, una vez que se haga la Variante de Torrellano, liberar las v\u00edas de la fachada\u00bb.<\/p>   <p>Corredor Mediterr\u00e1neo<\/p>  <p><figure><img loading=\"lazy\" decoding=\"async\" src=\"https:\/\/cadenaser.com\/resizer\/v2\/X7RADOYBNRCX5O25NB6BUU4LQU.jpg?auth=ccb53bd9151078f748d2174a37af2bdf0bee5f53155c0a5122b1f8ff4dbb7652&amp;quality=70&amp;width=650&amp;height=365&amp;smart=true\" alt=\"\u00d3scar Puente, ministro de Transportes y Movilidad Sostenible de Espa\u00f1a\" width=\"16\" height=\"9\" \/><figcaption class=\"fc\"><p><span>\u00d3scar Puente, ministro de Transportes y Movilidad Sostenible de Espa\u00f1a<\/span> \/ <span>Silvia C\u00e1rceles Pozo<\/span><\/p><\/figcaption><\/figure><button class=\"bt-am\">Ampliar<\/button><\/p>   <p>El ministro tambi\u00e9n ha negado que haya retrasos en la ejecuci\u00f3n del Corredor Mediterr\u00e1neo a su paso por la Encina, tal como ha se\u00f1alado la Asociaci\u00f3n Valenciana de Empresarios (AVE), que se ha congratulado de los avances en el Corredor Mediterr\u00e1neo, pero advierten de que las obras no avanzan al ritmo comprometido.<\/p>   <p>Puente ha insistido en que \u00abel ritmo de ejecuci\u00f3n es \u00f3ptimo y no se puede poner una pega al Corredor Mediterr\u00e1neo. El nudo de la Encina va sobre lo previsto y no hay nada que nos diga que no se van a cumplir los plazos\u00bb.<\/p>   <p>Segunda pista en el aeropuerto Alicante-Elche Miguel Hern\u00e1ndez<\/p>  <p><figure><img loading=\"lazy\" decoding=\"async\" src=\"https:\/\/cadenaser.com\/resizer\/v2\/OWUQX26FKVCAXBTEW2B2OXVI6I.jpg?auth=f3cef23be493195d38a9e7ea33d013e1da4180e27bac4eab57be427b1cb83142&amp;quality=70&amp;width=650&amp;height=365&amp;smart=true\" alt=\"\u00d3scar Puente, ministro de Transportes y Movilidad Sostenible de Espa\u00f1a\" width=\"16\" height=\"9\" \/><figcaption class=\"fc\"><p><span>\u00d3scar Puente, ministro de Transportes y Movilidad Sostenible de Espa\u00f1a<\/span> \/ <span>Silvia C\u00e1rceles Pozo<\/span><\/p><\/figcaption><\/figure><button class=\"bt-am\">Ampliar<\/button><\/p>   <p>Sobre las reiteradas peticiones de los responsables de la Generalitat Valenciana para la construcci\u00f3n de una segunda pista en el aeropuerto Alicante-Elche Miguel Hern\u00e1ndez, Puente insiste en que AENA es la primera interesada en que la terminal tenga capacidad suficiente, sin embargo, insiste, \u00abno la necesita en este momento\u00bb. <\/p>   <p>El ministro \u00d3scar Puente aseguraba sentirse sorprendido porque \u00abCarlos Maz\u00f3n o Nuria Montes sepan m\u00e1s que AENA\u00bb.<\/p>   <p>(Habr\u00e1 ampliaci\u00f3n)<\/p>   <p><div><a href=\"https:\/\/cadenaser.com\/comunitat-valenciana\/2024\/07\/05\/renfe-recupera-a-partir-del-22-de-julio-la-oferta-total-de-servicios-ave-entre-alicante-y-madrid-radio-alicante\/\">Renfe recupera a partir del 22 de julio la oferta total de servicios AVE entre Alicante y Madrid<\/a><p><\/p><\/div><\/p> ","protected":false},"excerpt":{"rendered":"<p>El ministro de Transportes y Movilidad Sostenible, \u00d3scar Puente, ha anunciado la liberaci\u00f3n temporal de la AP-7 y ha asegurado que el Gobierno no electrificar\u00e1 las v\u00edas del tren a su paso por San Gabriel<\/p>\n","protected":false},"author":0,"featured_media":6972,"comment_status":"open","ping_status":"open","sticky":false,"template":"","format":"standard","meta":{"_acf_changed":false,"footnotes":""},"categories":[1],"tags":[],"class_list":["post-6971","post","type-post","status-publish","format-standard","has-post-thumbnail","hentry","category-sin-categoria"],"acf":{"ser_id":"Y4O27D42ZFD5FDHR65FKWFPEEY","ser_url":"https:\/\/cadenaser.com\/comunitat-valenciana\/2024\/07\/15\/la-circunvalacion-de-peaje-de-alicante-sera-gratuita-hasta-el-15-de-octubre-radio-alicante\/"},"_links":{"self":[{"href":"https:\/\/serbenidorm.daliisolutions.com\/index.php\/wp-json\/wp\/v2\/posts\/6971","targetHints":{"allow":["GET"]}}],"collection":[{"href":"https:\/\/serbenidorm.daliisolutions.com\/index.php\/wp-json\/wp\/v2\/posts"}],"about":[{"href":"https:\/\/serbenidorm.daliisolutions.com\/index.php\/wp-json\/wp\/v2\/types\/post"}],"replies":[{"embeddable":true,"href":"https:\/\/serbenidorm.daliisolutions.com\/index.php\/wp-json\/wp\/v2\/comments?post=6971"}],"version-history":[{"count":0,"href":"https:\/\/serbenidorm.daliisolutions.com\/index.php\/wp-json\/wp\/v2\/posts\/6971\/revisions"}],"wp:featuredmedia":[{"embeddable":true,"href":"https:\/\/serbenidorm.daliisolutions.com\/index.php\/wp-json\/wp\/v2\/media\/6972"}],"wp:attachment":[{"href":"https:\/\/serbenidorm.daliisolutions.com\/index.php\/wp-json\/wp\/v2\/media?parent=6971"}],"wp:term":[{"taxonomy":"category","embeddable":true,"href":"https:\/\/serbenidorm.daliisolutions.com\/index.php\/wp-json\/wp\/v2\/categories?post=6971"},{"taxonomy":"post_tag","embeddable":true,"href":"https:\/\/serbenidorm.daliisolutions.com\/index.php\/wp-json\/wp\/v2\/tags?post=6971"}],"curies":[{"name":"wp","href":"https:\/\/api.w.org\/{rel}","templated":true}]}}