{"id":7001,"date":"2024-07-16T11:41:25","date_gmt":"2024-07-16T09:41:25","guid":{"rendered":"https:\/\/serbenidorm.daliisolutions.com\/index.php\/2024\/07\/16\/la-policia-detiene-en-benidorm-a-cuatro-personas-por-traficar-con-drogas-en-falsas-asociaciones-cannabicas\/"},"modified":"2024-07-16T11:41:25","modified_gmt":"2024-07-16T09:41:25","slug":"la-policia-detiene-en-benidorm-a-cuatro-personas-por-traficar-con-drogas-en-falsas-asociaciones-cannabicas","status":"publish","type":"post","link":"https:\/\/serbenidorm.daliisolutions.com\/index.php\/2024\/07\/16\/la-policia-detiene-en-benidorm-a-cuatro-personas-por-traficar-con-drogas-en-falsas-asociaciones-cannabicas\/","title":{"rendered":"La Polic\u00eda detiene en Benidorm a cuatro personas por traficar con drogas en falsas asociaciones cann\u00e1bicas"},"content":{"rendered":"  <p>Benidorm<\/p>   <p>Agentes de la Polic\u00eda Nacional han detenido en Benidorm por tr\u00e1fico de drogas a cuatro personas, tres hombres y una mujer de entre 38 y 53 a\u00f1os de edad y nacionalidades colombiana y espa\u00f1ola. Eran los presuntos responsables de la venta de sustancias estupefacientes en locales que imitaban ser asociaciones cann\u00e1bica.<\/p>   <p>Los detenidos, ha explicado el cuerpo en un comunicado, vend\u00edan droga al \u201cmenudeo\u201d en tres establecimientos diferentes como si de un supermercado se tratara. Las investigaciones se iniciaron en el mes de marzo en el marco de un dispositivo especifico en la lucha contra la droga previa a la temporada alta.<\/p>   <p>Se tuvo conocimiento de la existencia de esos tres locales que imitaban a asociaciones cann\u00e1bicas y que hac\u00edan de tapadera de un grupo de varios delincuentes dedicados a la venta de sustancias estupefacientes al \u201cmenudeo\u201d. Llegaban incluso a promocionarse a trav\u00e9s de internet, donde informaban de sus productos y servicios a sus clientes.<\/p>   <p>Aunque las investigaciones se realizaron dentro del mismo dispositivo, solo dos de estas asociaciones guardaban relaci\u00f3n entre s\u00ed, siendo uno de los detenidos el principal responsable. <a href=\"https:\/\/cadenaser.com\/tag\/benidorm\/a\/\" target=\"_blank\" rel=\"noopener\">Las dos asociaciones relacionadas estaban ubicadas en una de las calles m\u00e1s c\u00e9ntricas de la ciudad<\/a>.<\/p>  <p><p>M\u00e1s informaci\u00f3n<\/p><figure><img loading=\"lazy\" decoding=\"async\" src=\"https:\/\/cadenaser.com\/resizer\/v2\/OTEQWJQYSZBYFP6AKMSVRJEXDY.jpg?auth=5c3a6bc39e6b66665ea370387cc07debc5f109020a7209811ca50d722e244be9&amp;quality=70&amp;width=360&amp;height=202&amp;smart=true\" width=\"820\" height=\"621\" \/><\/figure><ul><li><a href=\"https:\/\/cadenaser.com\/comunitat-valenciana\/2024\/07\/15\/la-guardia-civil-de-altea-desmantela-una-organizacion-criminal-especializada-en-robo-de-chalets-radio-benidorm\/\"><span>La Guardia Civil de Altea desmantela una organizaci\u00f3n criminal especializada en robo de chalets<\/span><\/a><\/li><\/ul><\/p>   <p>En la tercera asociaci\u00f3n cann\u00e1bica descubierta, se detuvieron a las otras tres personas. Esta estaba situada en una zona m\u00e1s lejana del centro pero con una buena comunicaci\u00f3n y buen servicio de aparcamiento.<\/p>   <p>     .c-w{         max-width:444px;         width:100%;         margin:16px auto;      background:#00755E;         border-radius:4px;         display:flex;         align-items:center;         justify-content:center;     }     .c-w a{         display:flex;         align-items:center;         justify-content:center;         padding:4px 24px;     }     .c-w img{         width:24px;         margin-right:12px;     }     .c-w p{         font:18px\/25px Poppins;         text-align:center;         color:#fff;         margin:0;     }     @media (max-width:444px){         .c-w a{             padding:4px 12px;         }         .c-w img{             width:24px;             margin-right:8px;         }         .c-w p{             font:14px\/25px Poppins;         }     }     @media (max-width:335px){         .c-w p{             font:13px\/25px Poppins;         }     }  <div class=\"c-w\">     <a href=\"https:\/\/www.whatsapp.com\/channel\/0029Va633PF9WtC4l7XUzh1e\" target=\"_blank\" rel=\"noopener\">         <img decoding=\"async\" src=\"https:\/\/cadenaser.com\/estaticos\/recursosgraficos\/responsive\/img\/ico-whatsapp.svg\" alt=\"Whatsapp\">         <p>\u00danete al <b>canal de WhatsApp<\/b> de la SER<\/p>     <\/a> <\/div><\/p>   <p>Durante los registros, los agentes de la Polic\u00eda Nacional encontraron marihuana en distintas presentaciones, como cogollos y cigarros, e incluso tabletas de hach\u00eds. Tambi\u00e9n se intervino la cantidad de 1.481 euros en met\u00e1lico. Consiguieron retirar del mercado il\u00edcito la cantidad de m\u00e1s de 1.180 gramos de marihuana y 98 gramos de hach\u00eds.<\/p>   <p>El resultado de las investigaciones concluy\u00f3 que los detenidos, aprovechaban la imitaci\u00f3n de la constituci\u00f3n legal de este tipo de asociaciones, para convertirla en un mero punto de adquisici\u00f3n de drogas, lucr\u00e1ndose de este suministro de sustancias estupefacientes a discreci\u00f3n.<\/p>   <p>Los detenidos han sido puestos a disposici\u00f3n del Juzgado de Instrucci\u00f3n de Guardia de Benidorm.<\/p> ","protected":false},"excerpt":{"rendered":"<p>A los locales acced\u00edan a diario un gran n\u00famero de personas de diferentes edades, especialmente extranjeros<\/p>\n","protected":false},"author":0,"featured_media":7002,"comment_status":"open","ping_status":"open","sticky":false,"template":"","format":"standard","meta":{"_acf_changed":false,"footnotes":""},"categories":[1],"tags":[],"class_list":["post-7001","post","type-post","status-publish","format-standard","has-post-thumbnail","hentry","category-sin-categoria"],"acf":{"ser_id":"7MXIHEKZ5BGFVJ3NDD52JE7ZBU","ser_url":"https:\/\/cadenaser.com\/comunitat-valenciana\/2024\/07\/16\/la-policia-detiene-en-benidorm-a-cuatro-personas-por-traficar-con-drogas-en-falsas-asociaciones-cannabicas-radio-benidorm\/"},"_links":{"self":[{"href":"https:\/\/serbenidorm.daliisolutions.com\/index.php\/wp-json\/wp\/v2\/posts\/7001","targetHints":{"allow":["GET"]}}],"collection":[{"href":"https:\/\/serbenidorm.daliisolutions.com\/index.php\/wp-json\/wp\/v2\/posts"}],"about":[{"href":"https:\/\/serbenidorm.daliisolutions.com\/index.php\/wp-json\/wp\/v2\/types\/post"}],"replies":[{"embeddable":true,"href":"https:\/\/serbenidorm.daliisolutions.com\/index.php\/wp-json\/wp\/v2\/comments?post=7001"}],"version-history":[{"count":0,"href":"https:\/\/serbenidorm.daliisolutions.com\/index.php\/wp-json\/wp\/v2\/posts\/7001\/revisions"}],"wp:featuredmedia":[{"embeddable":true,"href":"https:\/\/serbenidorm.daliisolutions.com\/index.php\/wp-json\/wp\/v2\/media\/7002"}],"wp:attachment":[{"href":"https:\/\/serbenidorm.daliisolutions.com\/index.php\/wp-json\/wp\/v2\/media?parent=7001"}],"wp:term":[{"taxonomy":"category","embeddable":true,"href":"https:\/\/serbenidorm.daliisolutions.com\/index.php\/wp-json\/wp\/v2\/categories?post=7001"},{"taxonomy":"post_tag","embeddable":true,"href":"https:\/\/serbenidorm.daliisolutions.com\/index.php\/wp-json\/wp\/v2\/tags?post=7001"}],"curies":[{"name":"wp","href":"https:\/\/api.w.org\/{rel}","templated":true}]}}