{"id":7009,"date":"2024-07-16T13:59:23","date_gmt":"2024-07-16T11:59:23","guid":{"rendered":"https:\/\/serbenidorm.daliisolutions.com\/index.php\/2024\/07\/16\/el-psoe-de-benidorm-denuncia-descontrol-en-los-trabajos-de-la-pista-de-atletismo-de-poniente-y-habla-de-pelotazo\/"},"modified":"2024-07-16T13:59:23","modified_gmt":"2024-07-16T11:59:23","slug":"el-psoe-de-benidorm-denuncia-descontrol-en-los-trabajos-de-la-pista-de-atletismo-de-poniente-y-habla-de-pelotazo","status":"publish","type":"post","link":"https:\/\/serbenidorm.daliisolutions.com\/index.php\/2024\/07\/16\/el-psoe-de-benidorm-denuncia-descontrol-en-los-trabajos-de-la-pista-de-atletismo-de-poniente-y-habla-de-pelotazo\/","title":{"rendered":"El PSOE de Benidorm denuncia descontrol en los trabajos de la pista de atletismo de Poniente y habla de \u00abpelotazo\u00bb"},"content":{"rendered":"  <p>Benidorm<\/p>   <p>El Grupo Municipal Socialista ha denunciado que el Ayuntamiento de Benidorm no ha controlado durante meses los trabajos que se est\u00e1n ejecutando en la parcela dotacional p\u00fablica del sector 2\/1 de Poniente que albergar\u00e1 la futura pista de atletismo.<\/p>   <p><a href=\"https:\/\/cadenaser.com\/tag\/benidorm\/a\/\" target=\"_blank\" rel=\"noopener\">Su portavoz adjunto, Sergi Castillo, ha asegurado que el departamento de Ingenier\u00eda reclam\u00f3 al equipo de gobierno del PP no participar en supervisi\u00f3n de la obra de movimiento de tierras y muros de contenci\u00f3n que se est\u00e1n ejecutando en la parcela<\/a>.<\/p>   <p>A este posicionamiento de Ingenier\u00eda se sumar\u00eda, a\u00f1ade Castillo, que no se identific\u00f3 al t\u00e9cnico municipal competente para el control de los trabajos cuando se firm\u00f3 el acta de replanteo de las obras el 11 de diciembre de 2023 tal y como se estipulaba en la Adenda al Convenio Urban\u00edstico para la gesti\u00f3n y ejecuci\u00f3n de los trabajos aprobada por el pleno.<\/p>   <p>\u00bfPor qu\u00e9 tiene TM que compensar al Ayuntamiento?<\/p>   <p>Los trabajos est\u00e1n corriendo a cargo la empresa urbanizadora Villavi\u00f1as SLU, perteneciente al grupo TM, como contraprestaci\u00f3n a la obligaci\u00f3n de pago en concepto de la sustituci\u00f3n econ\u00f3mica de la cesi\u00f3n de suelo dotacional y del aprovechamiento que le corresponde al Ayuntamiento por el Plan de Reforma Interior que est\u00e1 desarrollando: \u00abEs decir, que la urbanizadora en vez de pagar 2.034.710 euros por no ceder suelo al municipio est\u00e1 realizando los citados trabajos en el solar para adaptarlo al proyecto de la futura pista de atletismo\u00bb, ha explicado Castillo.<\/p>   <p>El socialista tambi\u00e9n ha denunciado que como consecuencia de esta situaci\u00f3n, no solo se han estado desarrollado las obras durante meses sin ning\u00fan tipo de control municipal sino que, adem\u00e1s, tampoco se han validado por Ingenier\u00eda hasta seis certificaciones de obra presentadas mensualmente por la urbanizadora: \u00abEs alarmante y extremadamente grave que ning\u00fan t\u00e9cnico se quisiera hacer cargo de fiscalizar lo que se est\u00e1 haciendo en esa parcela municipal\u00bb.<\/p>   <p>     .c-w{         max-width:444px;         width:100%;         margin:16px auto;      background:#00755E;         border-radius:4px;         display:flex;         align-items:center;         justify-content:center;     }     .c-w a{         display:flex;         align-items:center;         justify-content:center;         padding:4px 24px;     }     .c-w img{         width:24px;         margin-right:12px;     }     .c-w p{         font:18px\/25px Poppins;         text-align:center;         color:#fff;         margin:0;     }     @media (max-width:444px){         .c-w a{             padding:4px 12px;         }         .c-w img{             width:24px;             margin-right:8px;         }         .c-w p{             font:14px\/25px Poppins;         }     }     @media (max-width:335px){         .c-w p{             font:13px\/25px Poppins;         }     }  <div class=\"c-w\">     <a href=\"https:\/\/www.whatsapp.com\/channel\/0029Va633PF9WtC4l7XUzh1e\" target=\"_blank\" rel=\"noopener\">         <img decoding=\"async\" src=\"https:\/\/cadenaser.com\/estaticos\/recursosgraficos\/responsive\/img\/ico-whatsapp.svg\" alt=\"Whatsapp\">         <p>\u00danete al <b>canal de WhatsApp<\/b> de la SER<\/p>     <\/a> <\/div><\/p>   <p>\u00abNo sabemos que hay detr\u00e1s de todo esto, pero nos huele muy mal. El agente urbanizador ha podido hacer lo que ha querido y esto perjudica los intereses del Benidorm y de sus vecinos. Tenemos a\u00fan muy reciente c\u00f3mo el gobierno aprob\u00f3 varias modificaciones del Plan General que pueden propiciar un pelotazo urban\u00edstico de 20 millones de euros a la urbanizadora a cuenta de la construcci\u00f3n de una torre e\u00f3lica en el sector, y ahora nos encontramos con esto\u00bb, ha destacado<\/p>   <p>Pol\u00e9mica por los plazos<\/p>   <p>Castillo ha vuelto a criticar adem\u00e1s que \u00abel alcalde dijo que la ejecuci\u00f3n tendr\u00eda un plazo de ejecuci\u00f3n de un a\u00f1o y medio, es decir, que podr\u00edamos disfrutar de ella en oto\u00f1o de 2023 y afirm\u00f3 que convivir\u00eda con la otra pista de atletismo de Foietes durante un tiempo\u00bb.<\/p>   <p>El concejal socialista ha subrayado que \u00abya han pasado dos a\u00f1os y medio y ni est\u00e1n preparados los terrenos ni est\u00e1 construida la pista, ni va a poder convivir con la de Foietes, que ya no existe\u00bb.<\/p> ","protected":false},"excerpt":{"rendered":"<p>La oposici\u00f3n asegura que ning\u00fan t\u00e9cnico ha validado el coste del desmonte de la futura pista de atletismo, un trabajo con el que el grupo TM tiene que compensar al Ayuntamiento<\/p>\n","protected":false},"author":0,"featured_media":7010,"comment_status":"open","ping_status":"open","sticky":false,"template":"","format":"standard","meta":{"_acf_changed":false,"footnotes":""},"categories":[1],"tags":[],"class_list":["post-7009","post","type-post","status-publish","format-standard","has-post-thumbnail","hentry","category-sin-categoria"],"acf":{"ser_id":"MQNGLKTZKVFFJGNZYDLSAX7SHE","ser_url":"https:\/\/cadenaser.com\/comunitat-valenciana\/2024\/07\/16\/el-psoe-de-benidorm-denuncia-descontrol-en-los-trabajos-de-la-pista-de-atletismo-de-poniente-y-habla-de-pelotazo-radio-benidorm\/"},"_links":{"self":[{"href":"https:\/\/serbenidorm.daliisolutions.com\/index.php\/wp-json\/wp\/v2\/posts\/7009","targetHints":{"allow":["GET"]}}],"collection":[{"href":"https:\/\/serbenidorm.daliisolutions.com\/index.php\/wp-json\/wp\/v2\/posts"}],"about":[{"href":"https:\/\/serbenidorm.daliisolutions.com\/index.php\/wp-json\/wp\/v2\/types\/post"}],"replies":[{"embeddable":true,"href":"https:\/\/serbenidorm.daliisolutions.com\/index.php\/wp-json\/wp\/v2\/comments?post=7009"}],"version-history":[{"count":0,"href":"https:\/\/serbenidorm.daliisolutions.com\/index.php\/wp-json\/wp\/v2\/posts\/7009\/revisions"}],"wp:featuredmedia":[{"embeddable":true,"href":"https:\/\/serbenidorm.daliisolutions.com\/index.php\/wp-json\/wp\/v2\/media\/7010"}],"wp:attachment":[{"href":"https:\/\/serbenidorm.daliisolutions.com\/index.php\/wp-json\/wp\/v2\/media?parent=7009"}],"wp:term":[{"taxonomy":"category","embeddable":true,"href":"https:\/\/serbenidorm.daliisolutions.com\/index.php\/wp-json\/wp\/v2\/categories?post=7009"},{"taxonomy":"post_tag","embeddable":true,"href":"https:\/\/serbenidorm.daliisolutions.com\/index.php\/wp-json\/wp\/v2\/tags?post=7009"}],"curies":[{"name":"wp","href":"https:\/\/api.w.org\/{rel}","templated":true}]}}