{"id":7013,"date":"2024-07-16T14:27:21","date_gmt":"2024-07-16T12:27:21","guid":{"rendered":"https:\/\/serbenidorm.daliisolutions.com\/index.php\/2024\/07\/16\/consulta-toda-la-programacion-del-estiu-cultural-de-polop-de-la-marina\/"},"modified":"2024-07-16T14:27:21","modified_gmt":"2024-07-16T12:27:21","slug":"consulta-toda-la-programacion-del-estiu-cultural-de-polop-de-la-marina","status":"publish","type":"post","link":"https:\/\/serbenidorm.daliisolutions.com\/index.php\/2024\/07\/16\/consulta-toda-la-programacion-del-estiu-cultural-de-polop-de-la-marina\/","title":{"rendered":"Consulta toda la programaci\u00f3n del \u201cEstiu Cultural\u201d de Polop de la Marina"},"content":{"rendered":"  <p>Polop de la Marina<\/p>   <p>La Concejal\u00eda de Cultura de<a href=\"https:\/\/cadenaser.com\/comunitat-valenciana\/2023\/09\/07\/polop-presupuesta-la-guarderia-municipal-para-2024-y-reclamara-a-conselleria-un-instituto-radio-benidorm\/\" target=\"_blank\" rel=\"noopener\"> Polop de la Marina<\/a> ha programado un \u201cEstiu Cultural\u201d con actuaciones variadas para todos los p\u00fablicos.<\/p>   <p>La edil del \u00e1rea, <a href=\"https:\/\/cadenaser.com\/comunitat-valenciana\/2023\/06\/23\/angela-fuster-sabia-que-iba-a-sufrir-insultos-pero-no-a-tan-gran-escala-radio-benidorm\/\" target=\"_blank\" rel=\"noopener\">\u00c1ngela Fuste<\/a>r, ha estado en <a href=\"\/\/radiobenidorm.es\" rel=\"nofollow noopener\" target=\"_blank\">Hoy por Hoy Benidorm <\/a>y ha explicado que \u201chemos querido llevar la cultura a todos los rincones del municipio y, adem\u00e1s de en el centro urbano, hemos programado tambi\u00e9n actuaciones en las urbanizaciones o en la pedan\u00eda de Xirles\u201d.<\/p>   <p>As\u00ed Fuster define el \u201cEstiu Cultural\u201d como una programaci\u00f3n \u201cpara todas las edades y para todos los gustos\u201d con actuaciones musicales, teatrales, de danza y en las que se da especial protagonismos a las entidades culturales locales. Todas las actuaciones tienen entrada gratuita.<\/p>   <p>Programaci\u00f3n \u201cEstiu Cultural\u201d<\/p>   <p>\u00b76 de julio: Actuaci\u00f3n de la orquesta de j\u00f3venes holandesdes, The Young Ones. 22:00 horas, Pla\u00e7a dels Xorros.<\/p>   <p>\u00b715 de julio: El teatro musical infantil Wonderland. 22:00 horas, Pla\u00e7a dels Xorros.<\/p>   <p>     .c-w{         max-width:444px;         width:100%;         margin:16px auto;      background:#00755E;         border-radius:4px;         display:flex;         align-items:center;         justify-content:center;     }     .c-w a{         display:flex;         align-items:center;         justify-content:center;         padding:4px 24px;     }     .c-w img{         width:24px;         margin-right:12px;     }     .c-w p{         font:18px\/25px Poppins;         text-align:center;         color:#fff;         margin:0;     }     @media (max-width:444px){         .c-w a{             padding:4px 12px;         }         .c-w img{             width:24px;             margin-right:8px;         }         .c-w p{             font:14px\/25px Poppins;         }     }     @media (max-width:335px){         .c-w p{             font:13px\/25px Poppins;         }     }  <div class=\"c-w\">     <a href=\"https:\/\/www.whatsapp.com\/channel\/0029Va633PF9WtC4l7XUzh1e\" target=\"_blank\" rel=\"noopener\">         <img decoding=\"async\" src=\"https:\/\/cadenaser.com\/estaticos\/recursosgraficos\/responsive\/img\/ico-whatsapp.svg\" alt=\"Whatsapp\">         <p>\u00danete al <b>canal de WhatsApp<\/b> de la SER<\/p>     <\/a> <\/div><\/p>   <p>\u00b716 de julio: Christian Penalba recorre que recorre toda la comunitat y Murcia tambi\u00e9n pasa por Polop. 22:00 horas, Pla\u00e7a dels Xorros.<\/p>   <p>\u00b717 de julio: El teatro infantil tambi\u00e9n estar\u00e1 presente con Huellas. 22:00 horas, Centro Social La Alberca.<\/p>   <p>\u00b718 de julio: Bailes tradicionales, Danses El Porxet. 20:00 horas, Pla\u00e7a dels Xorros.<\/p>   <p>\u00b719 de julio: Grup de Corda Ponoig i Rondalla de Sella. 22:00 horas Pla\u00e7a Pintor Gin\u00e9s.<\/p>   <p>\u00b721 de julio: Orquesta de c\u00e1mara, Marina Ensemble. 22:00 horas, Pla\u00e7a dels Xorros.<\/p>   <p>\u00b722 de julio: Orquesta Sinf\u00f3nica de Villena. 22:00 horas, Pla\u00e7a dels Xorros.<\/p>   <p>\u00b723 de julio: Teatro c\u00f3mico con No es tan f\u00e1cil. 22:00 horas, Xirles.<\/p>   <p>\u00b724 de julio: Espect\u00e1culo c\u00f3mico musical de la mano de Regomello \u201cViej\u00edsimo Anviersario\u201d. 22:00 horas, Pla\u00e7a dels Xorros.<\/p>   <p>\u00b725 de julio: Tributo a Lina Morgan, Alicia Casa\u00f1 \u201cSin M\u00e1s\u201d. 22:00 horas, Pla\u00e7a dels Xorros.<\/p>   <p>\u00b726 de julio: M\u00fasica, dulzaina y tabal con Colla El Ginjoler. 21:00 horas, Pla\u00e7a dels Xorros.<\/p>   <p>\u00b728 de julio: M\u00fasica Coral con la Polif\u00f3nica Antonio Berenguer. 20:00 horas, Iglesia de San Pedro Ap\u00f3stol.<\/p>   <p>\u00b74 de agosto: Uni\u00f3n musical de Polop. 22:00 horas, Pla\u00e7a dels Xorros.<\/p>   <p>\u00b79 de agosto: Riudol\u00e7 Brass, quiteto de metales. 20.00 horas, Plaza Pintor Gin\u00e9s.<\/p> ","protected":false},"excerpt":{"rendered":"<p>Danza, teatro y m\u00fasica con entrada gratuita en el casco hist\u00f3rico y las urbanizaciones<\/p>\n","protected":false},"author":0,"featured_media":7014,"comment_status":"open","ping_status":"open","sticky":false,"template":"","format":"standard","meta":{"_acf_changed":false,"footnotes":""},"categories":[1],"tags":[],"class_list":["post-7013","post","type-post","status-publish","format-standard","has-post-thumbnail","hentry","category-sin-categoria"],"acf":{"ser_id":"HX5J3UOLDJDW3AG2H4VNN4L5CA","ser_url":"https:\/\/cadenaser.com\/comunitat-valenciana\/2024\/07\/16\/consulta-toda-la-programacion-del-estiu-cultural-de-polop-de-la-marina-radio-benidorm\/"},"_links":{"self":[{"href":"https:\/\/serbenidorm.daliisolutions.com\/index.php\/wp-json\/wp\/v2\/posts\/7013","targetHints":{"allow":["GET"]}}],"collection":[{"href":"https:\/\/serbenidorm.daliisolutions.com\/index.php\/wp-json\/wp\/v2\/posts"}],"about":[{"href":"https:\/\/serbenidorm.daliisolutions.com\/index.php\/wp-json\/wp\/v2\/types\/post"}],"replies":[{"embeddable":true,"href":"https:\/\/serbenidorm.daliisolutions.com\/index.php\/wp-json\/wp\/v2\/comments?post=7013"}],"version-history":[{"count":0,"href":"https:\/\/serbenidorm.daliisolutions.com\/index.php\/wp-json\/wp\/v2\/posts\/7013\/revisions"}],"wp:featuredmedia":[{"embeddable":true,"href":"https:\/\/serbenidorm.daliisolutions.com\/index.php\/wp-json\/wp\/v2\/media\/7014"}],"wp:attachment":[{"href":"https:\/\/serbenidorm.daliisolutions.com\/index.php\/wp-json\/wp\/v2\/media?parent=7013"}],"wp:term":[{"taxonomy":"category","embeddable":true,"href":"https:\/\/serbenidorm.daliisolutions.com\/index.php\/wp-json\/wp\/v2\/categories?post=7013"},{"taxonomy":"post_tag","embeddable":true,"href":"https:\/\/serbenidorm.daliisolutions.com\/index.php\/wp-json\/wp\/v2\/tags?post=7013"}],"curies":[{"name":"wp","href":"https:\/\/api.w.org\/{rel}","templated":true}]}}