{"id":7039,"date":"2024-07-17T10:50:35","date_gmt":"2024-07-17T08:50:35","guid":{"rendered":"https:\/\/serbenidorm.daliisolutions.com\/index.php\/2024\/07\/17\/un-juez-anula-el-cese-de-una-enfermera-que-critico-la-falta-de-medios-en-un-hospital-de-alicante-durante-la-pandemia\/"},"modified":"2024-07-17T10:50:35","modified_gmt":"2024-07-17T08:50:35","slug":"un-juez-anula-el-cese-de-una-enfermera-que-critico-la-falta-de-medios-en-un-hospital-de-alicante-durante-la-pandemia","status":"publish","type":"post","link":"https:\/\/serbenidorm.daliisolutions.com\/index.php\/2024\/07\/17\/un-juez-anula-el-cese-de-una-enfermera-que-critico-la-falta-de-medios-en-un-hospital-de-alicante-durante-la-pandemia\/","title":{"rendered":"Un juez anula el cese de una enfermera que critic\u00f3 la falta de medios en un hospital de Alicante durante la pandemia"},"content":{"rendered":"  <p>Alicante<\/p>   <p>El titular del Juzgado de lo Contencioso-Administrativo n\u00famero 3 de Alicante ha anulado en una sentencia la sanci\u00f3n y el cese de una enfermera que critic\u00f3 en su cuenta de una red social la falta de medios en el Hospital Marina Baixa, en Villajoyosa (Alicante), durante la tercera ola de la pandemia por COVID-19.<\/p>   <p>El magistrado entiende que las manifestaciones de la sanitaria, de las que se hicieron eco un peri\u00f3dico y una cadena de televisi\u00f3n, no infringieron en modo alguno el estatuto que rige al personal de los servicios de salud, seg\u00fan ha informado el Tribunal Superior de Justicia de la Comunitat (TSJCV).<\/p>   <p><p>M\u00e1s informaci\u00f3n<\/p><ul><li><a href=\"https:\/\/cadenaser.com\/ser\/2021\/02\/01\/ciencia\/1612171675_678069.html\"><span>Tercera ola de COVID-19: necesitamos mejores antivirales, adem\u00e1s de vacunas<\/span><\/a><\/li><li><a href=\"https:\/\/cadenaser.com\/ser\/2021\/01\/26\/sociedad\/1611646353_932274.html\"><span>Espa\u00f1a, ante el reto de no colapsar su sistema sanitario en la tercera ola<\/span><\/a><\/li><li><a href=\"https:\/\/cadenaser.com\/ser\/2021\/01\/05\/sociedad\/1609859013_570926.html\"><span>La tercera ola ya est\u00e1 aqu\u00ed: Sanidad comunica 352 muertes y 23.700 nuevos casos de COVID<\/span><\/a><\/li><li><a href=\"https:\/\/cadenaser.com\/ser\/2020\/12\/15\/internacional\/1608018367_717091.html\"><span>Europa se blinda para evitar una tercera ola de coronavirus tras la Navidad<\/span><\/a><\/li><\/ul><\/p>   <p>En cambio, el juez s\u00ed aprecia una posible vulneraci\u00f3n en materia de protecci\u00f3n de datos personales por parte de responsables de la Conselleria de Sanidad al incorporar al expediente disciplinario datos personales de pacientes, algunos de ellos fallecidos.<\/p>   <p>Es por ello que acuerda deducir testimonio de la sentencia y del expediente administrativo y ponerlos en conocimiento de la Agencia Espa\u00f1ola de Protecci\u00f3n de Datos.<\/p>   <p>Los hechos se remontan a enero de 2021, cuando la enfermera, que era personal eventual adscrito a un centro de salud, public\u00f3 en su perfil de Facebook un mensaje donde afirmaba, entre otras cosas, que, durante su turno de noche en una planta del Hospital Comarcal de La Marina Baixa, ubicado en La Vila Joiosa, hab\u00edan muerto dos personas \u201cpor no haber m\u00e1s sitio en UCI y poder intubarlas\u201d.<\/p>   <p>     .c-w{         max-width:444px;         width:100%;         margin:16px auto;      background:#00755E;         border-radius:4px;         display:flex;         align-items:center;         justify-content:center;     }     .c-w a{         display:flex;         align-items:center;         justify-content:center;         padding:4px 24px;     }     .c-w img{         width:24px;         margin-right:12px;     }     .c-w p{         font:18px\/25px Poppins;         text-align:center;         color:#fff;         margin:0;     }     @media (max-width:444px){         .c-w a{             padding:4px 12px;         }         .c-w img{             width:24px;             margin-right:8px;         }         .c-w p{             font:14px\/25px Poppins;         }     }     @media (max-width:335px){         .c-w p{             font:13px\/25px Poppins;         }     }  <div class=\"c-w\">     <a href=\"https:\/\/www.whatsapp.com\/channel\/0029Va633PF9WtC4l7XUzh1e\" target=\"_blank\" rel=\"noopener\">         <img decoding=\"async\" src=\"https:\/\/cadenaser.com\/estaticos\/recursosgraficos\/responsive\/img\/ico-whatsapp.svg\" alt=\"Whatsapp\">         <p>\u00danete al <b>canal de WhatsApp<\/b> de la SER<\/p>     <\/a> <\/div><\/p>   <p>A ra\u00edz de esas manifestaciones, en septiembre de 2022, la Direcci\u00f3n General de la Recursos Humanos de la Conselleria de Sanidad le impuso una sanci\u00f3n de dos a\u00f1os de suspensi\u00f3n de funciones por una falta muy grave.<\/p>   <p>Esa decisi\u00f3n fue confirmada con posterioridad, en noviembre de ese a\u00f1o, por el subsecretario de la Conselleria, que desestim\u00f3 un recurso de reposici\u00f3n de la sancionada, la cual ces\u00f3 en su puesto de trabajo finalmente por orden de la Administraci\u00f3n el 10 de octubre de 2023.<\/p>   <p>La Conselleria entend\u00eda que la profesional hab\u00eda infringido un art\u00edculo del Estatuto Marco que regula al personal estatutario de los servicios de salud, que sanciona el quebranto de la debida reserva sobre datos relativos al centro o instituci\u00f3n o a la intimidad personal de los usuarios y a la informaci\u00f3n relacionada con su proceso y estancia en las instituciones o centros sanitarios.<\/p>   <p>Sin embargo, el titular del Juzgado de lo Contencioso-Administrativo 3 de Alicante ha concluido que los hechos que la Administraci\u00f3n trataba de imputar a la expedientada \u201cno han quedado ni tan siquiera m\u00ednimamente acreditados\u201d y no son constitutivos de infracci\u00f3n.<\/p>   <p>Seg\u00fan se recoge en la sentencia, que puede ser recurrida en apelaci\u00f3n, la enfermera realiz\u00f3 unos comentarios \u201ca t\u00edtulo exclusivamente personal\u201d, derivado de que ella misma \u201cestaba presenciando en primera persona el sentimiento com\u00fan de la sociedad de miedo (\u2026) y tristeza y agotamiento, pero sin aportar ning\u00fan dato personal de nadie\u201d.<\/p>   <p>Adem\u00e1s, la profesional ten\u00eda una proyecci\u00f3n p\u00fablica \u201cirrelevante\u201d, ya que no era ni una \u201c<i>influencer <\/i>conocida\u201d ni ten\u00eda un n\u00famero importante de seguidores que permitan hablar de una \u201cdifusi\u00f3n notable\u201d de su mensaje, sino que \u00e9ste se amplific\u00f3 por la publicaci\u00f3n de un peri\u00f3dico provincial y de un programa de una televisi\u00f3n nacional, precisa la resoluci\u00f3n.<\/p>   <p>En definitiva, a juicio del magistrado, la profesional solo utiliz\u00f3 sus redes sociales \u201ca modo de descargo\u201d y sus comentarios \u201cno revelaron secreto alguno\u201d ni dieron datos o informaci\u00f3n falsa sobre el funcionamiento de los servicios del hospital.<\/p>   <p>En cualquier caso, y ante la insistencia de la Administraci\u00f3n en la falsedad de la informaci\u00f3n, el juez recuerda que no es funci\u00f3n de \u00e9sta determinar \u201cla verdad absoluta de las declaraciones que puedan hacer sus empleados\u201d y para ello existen f\u00f3rmulas \u201cmucho m\u00e1s efectivas\u201d, como emitir un comunicado o una nota de prensa, \u201cantes de abrir un expediente disciplinario\u201d.<\/p>   <p>El juzgador acuerda por otro lado en su resoluci\u00f3n poner en conocimiento de la Agencia Espa\u00f1ola de Protecci\u00f3n de Datos una posible infracci\u00f3n de la legislaci\u00f3n en esta materia, que atribuye a la instructora y al resto de responsables del expediente disciplinario, por incorporar en ese documento datos sanitarios especialmente protegidos de m\u00e1s de medio centenar de pacientes, algunos de ellos fallecidos, sin que conste el permiso expreso de \u00e9stos o de sus familiares.<\/p>   <p>\u201cEstamos ante la mayor filtraci\u00f3n y difusi\u00f3n de datos personales y m\u00e9dicos que este juzgado ha conocido jam\u00e1s. Se trata de datos que era absolutamente innecesario traer al expediente disciplinario o bien hubieran podido ser aportados debidamente anonimizados, pero sobre todo que han salido del \u00e1mbito de la Administraci\u00f3n y se han hecho p\u00fablicos por decisi\u00f3n personal de la instructora del expediente\u201d, se\u00f1ala el juez.<\/p> ","protected":false},"excerpt":{"rendered":"<p>La sanitaria denunci\u00f3 en sus redes sociales que, durante su turno de noche en una planta del Hospital La Marina Baixa, en Villajoyosa, hab\u00edan muerto dos personas \u201cpor no haber m\u00e1s sitio en UCI y poder intubarlas\u201d<\/p>\n","protected":false},"author":0,"featured_media":7040,"comment_status":"open","ping_status":"open","sticky":false,"template":"","format":"standard","meta":{"_acf_changed":false,"footnotes":""},"categories":[1],"tags":[],"class_list":["post-7039","post","type-post","status-publish","format-standard","has-post-thumbnail","hentry","category-sin-categoria"],"acf":{"ser_id":"KE2PP52QPJG53OLUGD5TZSGOBQ","ser_url":"https:\/\/cadenaser.com\/comunitat-valenciana\/2024\/07\/16\/un-juez-anula-el-cese-de-una-enfermera-que-critico-la-falta-de-medios-en-un-hospital-de-alicante-durante-la-pandemia-radio-alicante\/"},"_links":{"self":[{"href":"https:\/\/serbenidorm.daliisolutions.com\/index.php\/wp-json\/wp\/v2\/posts\/7039","targetHints":{"allow":["GET"]}}],"collection":[{"href":"https:\/\/serbenidorm.daliisolutions.com\/index.php\/wp-json\/wp\/v2\/posts"}],"about":[{"href":"https:\/\/serbenidorm.daliisolutions.com\/index.php\/wp-json\/wp\/v2\/types\/post"}],"replies":[{"embeddable":true,"href":"https:\/\/serbenidorm.daliisolutions.com\/index.php\/wp-json\/wp\/v2\/comments?post=7039"}],"version-history":[{"count":0,"href":"https:\/\/serbenidorm.daliisolutions.com\/index.php\/wp-json\/wp\/v2\/posts\/7039\/revisions"}],"wp:featuredmedia":[{"embeddable":true,"href":"https:\/\/serbenidorm.daliisolutions.com\/index.php\/wp-json\/wp\/v2\/media\/7040"}],"wp:attachment":[{"href":"https:\/\/serbenidorm.daliisolutions.com\/index.php\/wp-json\/wp\/v2\/media?parent=7039"}],"wp:term":[{"taxonomy":"category","embeddable":true,"href":"https:\/\/serbenidorm.daliisolutions.com\/index.php\/wp-json\/wp\/v2\/categories?post=7039"},{"taxonomy":"post_tag","embeddable":true,"href":"https:\/\/serbenidorm.daliisolutions.com\/index.php\/wp-json\/wp\/v2\/tags?post=7039"}],"curies":[{"name":"wp","href":"https:\/\/api.w.org\/{rel}","templated":true}]}}