{"id":7042,"date":"2024-07-17T11:50:25","date_gmt":"2024-07-17T09:50:25","guid":{"rendered":"https:\/\/serbenidorm.daliisolutions.com\/index.php\/2024\/07\/17\/de-que-han-hablado-los-alcaldes-de-benidorm-y-nueva-york\/"},"modified":"2024-07-17T11:50:25","modified_gmt":"2024-07-17T09:50:25","slug":"de-que-han-hablado-los-alcaldes-de-benidorm-y-nueva-york","status":"publish","type":"post","link":"https:\/\/serbenidorm.daliisolutions.com\/index.php\/2024\/07\/17\/de-que-han-hablado-los-alcaldes-de-benidorm-y-nueva-york\/","title":{"rendered":"\u00bfDe qu\u00e9 han hablado los alcaldes de Benidorm y Nueva York?"},"content":{"rendered":"  <p>Benidorm<\/p>   <p>Las ciudades de Nueva York y Benidorm est\u00e1n desde hoy un poco m\u00e1s unidas, despu\u00e9s del encuentro mantenido en el Consistorio estadounidense entre los alcaldes de ambas ciudades, Eric Adams y Toni P\u00e9rez. <\/p>   <p>Una visita que se produce un d\u00eda despu\u00e9s de que el primer edil benidormense participara en un Foro Pol\u00edtico de Alto Nivel sobre la Agenda 2030 en la sede de la ONU como parte de la delegaci\u00f3n espa\u00f1ola encabezada por la vicepresidenta tercera del Gobierno de Espa\u00f1a, Teresa Ribera, y el ministro de Derechos Sociales, Consumo y Agenda 2030, Pablo Bustinduy.<\/p>  <p><p>M\u00e1s informaci\u00f3n<\/p><figure><img loading=\"lazy\" decoding=\"async\" src=\"https:\/\/cadenaser.com\/resizer\/v2\/NUMNA2ZSANCX5AFAW67Z6YCEDQ.jpg?auth=3ad7d5a356c1b4479a965e15141fab85928e1754a791d26779c0397ca74f1634&amp;quality=70&amp;width=360&amp;height=202&amp;smart=true\" width=\"820\" height=\"621\" \/><\/figure><ul><li><a href=\"https:\/\/cadenaser.com\/comunitat-valenciana\/2024\/07\/16\/el-psoe-de-benidorm-denuncia-descontrol-en-los-trabajos-de-la-pista-de-atletismo-de-poniente-y-habla-de-pelotazo-radio-benidorm\/\"><span>El PSOE de Benidorm denuncia descontrol en los trabajos de la pista de atletismo de Poniente y habla de \u00abpelotazo\u00bb<\/span><\/a><\/li><\/ul><\/p>   <p>Durante el encuentro, ambos mun\u00edcipes han hablado sobre sus ciudades y de aquello en los que ambas se asemejan \u201ccada una en su dimensi\u00f3n\u201d, seg\u00fan ha apuntado Toni P\u00e9rez. <\/p>   <p>As\u00ed, <a href=\"https:\/\/cadenaser.com\/tag\/benidorm\/a\/\" target=\"_blank\" rel=\"noopener\">han conversado sobre \u201cla apuesta por la ciudad vertical\u201d, por \u201cla renovaci\u00f3n y recuperaci\u00f3n de espacios\u201d y sobre \u201cel esfuerzo en favor de la inclusi\u00f3n e integraci\u00f3n de las comunidades que llegan\u201d porque \u201cambas somos tierra de oportunidades\u201d<\/a>. A este respecto, Eric Adams ha defendido el valor del deporte como herramienta de inclusi\u00f3n e integraci\u00f3n y los pasos que est\u00e1 dando Nueva York en ese sentido, algo que ayer mismo pudo comprobar la delegaci\u00f3n benidormense.<\/p>   <p>Por otro lado, Toni P\u00e9rez ha detallado a su hom\u00f3logo neoyorkino \u201cc\u00f3mo se realiza la gesti\u00f3n del agua y de los recursos en Benidorm, en lo que somos un modelo de sostenibilidad\u201d.<\/p>   <p>     .c-w{         max-width:444px;         width:100%;         margin:16px auto;      background:#00755E;         border-radius:4px;         display:flex;         align-items:center;         justify-content:center;     }     .c-w a{         display:flex;         align-items:center;         justify-content:center;         padding:4px 24px;     }     .c-w img{         width:24px;         margin-right:12px;     }     .c-w p{         font:18px\/25px Poppins;         text-align:center;         color:#fff;         margin:0;     }     @media (max-width:444px){         .c-w a{             padding:4px 12px;         }         .c-w img{             width:24px;             margin-right:8px;         }         .c-w p{             font:14px\/25px Poppins;         }     }     @media (max-width:335px){         .c-w p{             font:13px\/25px Poppins;         }     }  <div class=\"c-w\">     <a href=\"https:\/\/www.whatsapp.com\/channel\/0029Va633PF9WtC4l7XUzh1e\" target=\"_blank\" rel=\"noopener\">         <img decoding=\"async\" src=\"https:\/\/cadenaser.com\/estaticos\/recursosgraficos\/responsive\/img\/ico-whatsapp.svg\" alt=\"Whatsapp\">         <p>\u00danete al <b>canal de WhatsApp<\/b> de la SER<\/p>     <\/a> <\/div><\/p>   <p>Adem\u00e1s, durante el encuentro, ambos mun\u00edcipes han comentado que Nueva York y Benidorm son dos de las ciudades del mundo con mayor concentraci\u00f3n de rascacielos, siendo \u201ccada una en su tama\u00f1o somos una referencia en este aspecto\u201d.<\/p>   <p>Toni P\u00e9rez ha agradecido a Eric Adams \u201cla deferencia de recibir a Benidorm e interesarse por la ciudad y su modelo urban\u00edstico y de gesti\u00f3n\u201d, as\u00ed como por su intenci\u00f3n en \u201cseguir manteniendo el contacto y estrechando lazos\u201d. Tambi\u00e9n ha agradecido \u201cla magn\u00edfica atenci\u00f3n que durante toda la visita nos ha brindado el concejal electo por el distrito de Queens, Francisco Moya\u201d, que ha acompa\u00f1ado a la delegaci\u00f3n benidormense.<\/p>   <p>Tras el encuentro con el alcalde de Nueva York y la visita al Ayuntamiento, Toni P\u00e9rez y la gerente de Visit Benidorm se han desplazado a las instalaciones de la escuela de f\u00fatbol que el vicepresidente del Benidorm CF, David Villa, tiene en la ciudad. Se pone as\u00ed fin a dos jornadas de trabajo en Nueva York.<\/p> ","protected":false},"excerpt":{"rendered":"<p>Eric Adams y su equipo reciben a Toni P\u00e9rez durante su visita a Estados Unidos<\/p>\n","protected":false},"author":0,"featured_media":7043,"comment_status":"open","ping_status":"open","sticky":false,"template":"","format":"standard","meta":{"_acf_changed":false,"footnotes":""},"categories":[1],"tags":[],"class_list":["post-7042","post","type-post","status-publish","format-standard","has-post-thumbnail","hentry","category-sin-categoria"],"acf":{"ser_id":"4XHN7A6HLFF5LL3GAXUYJ76U2Y","ser_url":"https:\/\/cadenaser.com\/comunitat-valenciana\/2024\/07\/17\/de-que-han-hablado-los-alcaldes-de-benidorm-y-nueva-york-radio-benidorm\/"},"_links":{"self":[{"href":"https:\/\/serbenidorm.daliisolutions.com\/index.php\/wp-json\/wp\/v2\/posts\/7042","targetHints":{"allow":["GET"]}}],"collection":[{"href":"https:\/\/serbenidorm.daliisolutions.com\/index.php\/wp-json\/wp\/v2\/posts"}],"about":[{"href":"https:\/\/serbenidorm.daliisolutions.com\/index.php\/wp-json\/wp\/v2\/types\/post"}],"replies":[{"embeddable":true,"href":"https:\/\/serbenidorm.daliisolutions.com\/index.php\/wp-json\/wp\/v2\/comments?post=7042"}],"version-history":[{"count":0,"href":"https:\/\/serbenidorm.daliisolutions.com\/index.php\/wp-json\/wp\/v2\/posts\/7042\/revisions"}],"wp:featuredmedia":[{"embeddable":true,"href":"https:\/\/serbenidorm.daliisolutions.com\/index.php\/wp-json\/wp\/v2\/media\/7043"}],"wp:attachment":[{"href":"https:\/\/serbenidorm.daliisolutions.com\/index.php\/wp-json\/wp\/v2\/media?parent=7042"}],"wp:term":[{"taxonomy":"category","embeddable":true,"href":"https:\/\/serbenidorm.daliisolutions.com\/index.php\/wp-json\/wp\/v2\/categories?post=7042"},{"taxonomy":"post_tag","embeddable":true,"href":"https:\/\/serbenidorm.daliisolutions.com\/index.php\/wp-json\/wp\/v2\/tags?post=7042"}],"curies":[{"name":"wp","href":"https:\/\/api.w.org\/{rel}","templated":true}]}}