{"id":7048,"date":"2024-07-17T13:54:15","date_gmt":"2024-07-17T11:54:15","guid":{"rendered":"https:\/\/serbenidorm.daliisolutions.com\/index.php\/2024\/07\/17\/el-faro-del-albir-inspira-las-dos-ultimas-novelas-de-victoria-daboise\/"},"modified":"2024-07-17T13:54:15","modified_gmt":"2024-07-17T11:54:15","slug":"el-faro-del-albir-inspira-las-dos-ultimas-novelas-de-victoria-daboise","status":"publish","type":"post","link":"https:\/\/serbenidorm.daliisolutions.com\/index.php\/2024\/07\/17\/el-faro-del-albir-inspira-las-dos-ultimas-novelas-de-victoria-daboise\/","title":{"rendered":"El Faro del Albir inspira las dos \u00faltimas novelas de Victoria Daboise"},"content":{"rendered":"  <p>L&#8217;Alf\u00e0s del Pi<\/p>   <p>Victoria Daboise ha elegido la <a href=\"https:\/\/cadenaser.com\/comunitat-valenciana\/2024\/05\/16\/el-raco-de-lalbir-tendra-nueva-biblioplaya-y-puesto-de-socorrismo-en-dos-semanas-radio-benidorm\/\" target=\"_blank\" rel=\"noopener\">biblioplaya del Albir <\/a>para presentar, este viernes 19 de julio, sus dos \u00faltimas novelas. La escritora valenciana ha estado en <a href=\"\/\/radiobenidorm.es\" rel=\"nofollow noopener\" target=\"_blank\">Hoy por Hoy Benidorm<\/a> y ha explicado que ha decidido presentar estas dos historias en <a href=\"https:\/\/cadenaser.com\/comunitat-valenciana\/2024\/04\/05\/el-albir-renuncia-a-su-bandera-azul-para-poder-transformar-el-paseo-de-las-estrellas-con-fondos-europeos-radio-benidorm\/\" target=\"_blank\" rel=\"noopener\">este enclave de L\u2019Alf\u00e0s del P\u00ed <\/a>debido a que sus paisajes han inspirado las novelas y hay partes f\u00e1cilmente reconocibles en ellas. \u201cSon dos historias distintas y autoconclusivas donde lugares como<a href=\"https:\/\/cadenaser.com\/comunitat-valenciana\/2022\/06\/13\/la-ruta-al-faro-de-lalbir-cumple-nueve-anos-dentro-de-la-red-de-senderos-azules-de-espana-radio-benidorm\/\" target=\"_blank\" rel=\"noopener\"> el Faro del Albir <\/a>est\u00e1n muy presentes\u201d, ha  indicado a <a href=\"\/\/radiobenidorm.es\" target=\"_blank\" rel=\"noopener\">Radio Benidorm.<\/a><\/p>   <p>A las 20.00 horas arrancar\u00e1 en esta parte de la <a href=\"https:\/\/cadenaser.com\/comunitat-valenciana\/2023\/04\/05\/la-playa-raco-de-lalbir-una-de-las-ocho-de-toda-espana-que-han-conseguido-la-bandera-azul-en-sus-36-anos-de-historia-radio-benidorm\/\" target=\"_blank\" rel=\"noopener\">Playa del Albir<\/a> la presentaci\u00f3n de las novelas \u201cDesde el faro de la genista\u201d y \u201cLa casa de las glicinias\u201d en la que los lectores tambi\u00e9n podr\u00e1n interactuar con la autora y conseguir que les firmes sus ejemplares. El encuentro est\u00e1 abierto a todo el p\u00fablico.<\/p>   <p>Sobre las dos novelas, Daboise  relata que \u201cson dos flores, dos t\u00edtulos, dos libros distintos, dos historias que te atan a una lectura trepidante\u201d.<\/p>   <p>Adem\u00e1s recuerda que \u201cen menos de un a\u00f1o he publicado dos de los manuscritos que guardaba en el caj\u00f3n. No os voy a enga\u00f1ar: Ni ellos ni yo \u00e9ramos ya los mismos. Reescribir fue preciso. Pues el tiempo pasa, implacable. Y la madurez te alcanza, a cada cual por un motivo. A m\u00ed me sorprendi\u00f3 mientras caminaba desde mis glicinias hasta esa serpenteante senda que dibuja la genista\u201d.<\/p>   <p>La trama de \u201cDesde el faro de la genista\u201d relata la historia de Sara, \u201cuna mujer construida a partir de lo mejor y lo peor de las personas a las que ha amado. Su propia fortaleza multiplica esas querencias\u201d, rememora la autora. \u201cLa casa de las glicinias\u201d cuenta \u201cuna enredadera de relaciones humanas donde nadie es quien cree ser. Personajes con pasados a los que desean regresar o de los que se alejan por amor. Intrigas, misterios, secretos y promesas a orillas del Mediterr\u00e1neo\u201d relata.<\/p>   <p>     .c-w{         max-width:444px;         width:100%;         margin:16px auto;      background:#00755E;         border-radius:4px;         display:flex;         align-items:center;         justify-content:center;     }     .c-w a{         display:flex;         align-items:center;         justify-content:center;         padding:4px 24px;     }     .c-w img{         width:24px;         margin-right:12px;     }     .c-w p{         font:18px\/25px Poppins;         text-align:center;         color:#fff;         margin:0;     }     @media (max-width:444px){         .c-w a{             padding:4px 12px;         }         .c-w img{             width:24px;             margin-right:8px;         }         .c-w p{             font:14px\/25px Poppins;         }     }     @media (max-width:335px){         .c-w p{             font:13px\/25px Poppins;         }     }  <div class=\"c-w\">     <a href=\"https:\/\/www.whatsapp.com\/channel\/0029Va633PF9WtC4l7XUzh1e\" target=\"_blank\" rel=\"noopener\">         <img decoding=\"async\" src=\"https:\/\/cadenaser.com\/estaticos\/recursosgraficos\/responsive\/img\/ico-whatsapp.svg\" alt=\"Whatsapp\">         <p>\u00danete al <b>canal de WhatsApp<\/b> de la SER<\/p>     <\/a> <\/div><\/p> ","protected":false},"excerpt":{"rendered":"<p>La escritora valenciana presentar\u00e1 \u201cDesde el faro de la genista\u201d y \u201cLa casa de las glicinias\u201d este viernes en las biblioplaya del Albir<\/p>\n","protected":false},"author":0,"featured_media":7049,"comment_status":"open","ping_status":"open","sticky":false,"template":"","format":"standard","meta":{"_acf_changed":false,"footnotes":""},"categories":[1],"tags":[],"class_list":["post-7048","post","type-post","status-publish","format-standard","has-post-thumbnail","hentry","category-sin-categoria"],"acf":{"ser_id":"KN6IYHRUZJC63AQCPRICELJCZM","ser_url":"https:\/\/cadenaser.com\/comunitat-valenciana\/2024\/07\/17\/el-faro-del-albir-inspira-las-dos-ultimas-novelas-de-victoria-daboise-radio-benidorm\/"},"_links":{"self":[{"href":"https:\/\/serbenidorm.daliisolutions.com\/index.php\/wp-json\/wp\/v2\/posts\/7048","targetHints":{"allow":["GET"]}}],"collection":[{"href":"https:\/\/serbenidorm.daliisolutions.com\/index.php\/wp-json\/wp\/v2\/posts"}],"about":[{"href":"https:\/\/serbenidorm.daliisolutions.com\/index.php\/wp-json\/wp\/v2\/types\/post"}],"replies":[{"embeddable":true,"href":"https:\/\/serbenidorm.daliisolutions.com\/index.php\/wp-json\/wp\/v2\/comments?post=7048"}],"version-history":[{"count":0,"href":"https:\/\/serbenidorm.daliisolutions.com\/index.php\/wp-json\/wp\/v2\/posts\/7048\/revisions"}],"wp:featuredmedia":[{"embeddable":true,"href":"https:\/\/serbenidorm.daliisolutions.com\/index.php\/wp-json\/wp\/v2\/media\/7049"}],"wp:attachment":[{"href":"https:\/\/serbenidorm.daliisolutions.com\/index.php\/wp-json\/wp\/v2\/media?parent=7048"}],"wp:term":[{"taxonomy":"category","embeddable":true,"href":"https:\/\/serbenidorm.daliisolutions.com\/index.php\/wp-json\/wp\/v2\/categories?post=7048"},{"taxonomy":"post_tag","embeddable":true,"href":"https:\/\/serbenidorm.daliisolutions.com\/index.php\/wp-json\/wp\/v2\/tags?post=7048"}],"curies":[{"name":"wp","href":"https:\/\/api.w.org\/{rel}","templated":true}]}}