{"id":7050,"date":"2024-07-17T14:11:06","date_gmt":"2024-07-17T12:11:06","guid":{"rendered":"https:\/\/serbenidorm.daliisolutions.com\/index.php\/2024\/07\/17\/compromis-denuncia-recortes-sanitarios-en-la-marina-baixa-en-pleno-del-verano\/"},"modified":"2024-07-17T14:11:06","modified_gmt":"2024-07-17T12:11:06","slug":"compromis-denuncia-recortes-sanitarios-en-la-marina-baixa-en-pleno-del-verano","status":"publish","type":"post","link":"https:\/\/serbenidorm.daliisolutions.com\/index.php\/2024\/07\/17\/compromis-denuncia-recortes-sanitarios-en-la-marina-baixa-en-pleno-del-verano\/","title":{"rendered":"Comprom\u00eds denuncia recortes sanitarios en la Marina Baixa en pleno del verano"},"content":{"rendered":"  <p>Villajoyosa<\/p>   <p>El portavoz de Sanidad en Les Corts, Carles Esteve, ha denunciado este mi\u00e9rcoles en Villajoyosa el recorte de camas hospitalarias en la comarca de la Marina Baixa de cara en verano. Durante los meses de julio, agosto y septiembre habr\u00e1, asegura, 34 camas hospitalarias menos que en el \u00faltimo verano en el hospital comarcal.<\/p>   <p>Esteve se ha reunido con las regidoras de Comprom\u00eds en la comarca para \u201cexplicar la realidad que esconde el plan de verano del conseller Marciano G\u00f3mez y el presidente Carlos Maz\u00f3n para una comarca infradotada desde hace tiempo y que adem\u00e1s vive en verano un incremento poblacional que no se tiene cuenta a la hora de analizar las necesidades de atenci\u00f3n sanitaria real\u201d.<\/p>  <p><figure><img loading=\"lazy\" decoding=\"async\" src=\"https:\/\/cadenaser.com\/resizer\/v2\/RVAFZDPO5NEWJKZD5ZGXNU4RVI.jpg?auth=c6fd82df82b807d6cf0aa3711180d89794203f6084fe04979c98218631070d7e&amp;quality=70&amp;width=360&amp;height=202&amp;smart=true\" alt=\"Un juez anula el cese de una enfermera que critic\u00f3 la falta de medios en un hospital de Alicante durante la pandemia\" width=\"240\" height=\"135\" \/><\/figure><div><a href=\"https:\/\/cadenaser.com\/comunitat-valenciana\/2024\/07\/16\/un-juez-anula-el-cese-de-una-enfermera-que-critico-la-falta-de-medios-en-un-hospital-de-alicante-durante-la-pandemia-radio-alicante\/\">Un juez anula el cese de una enfermera que critic\u00f3 la falta de medios en un hospital de Alicante durante la pandemia<\/a><p><\/p><\/div><\/p>   <p>\u00abFalta de previsi\u00f3n\u00bb<\/p>   <p><a href=\"https:\/\/cadenaser.com\/tag\/comarca_la_marina_baixa\/a\/\" target=\"_blank\" rel=\"noopener\">Esteve ha insistido en que \u201cen el hospital de la Marina Baixa habr\u00e1 un recorte del 12,3% de camas hospitalarias. En cuanto a los centros de salud de la comarca, la carencia de m\u00e9dicos y m\u00e9dicas va m\u00e1s all\u00e1 del problema estructural que existe<\/a>. El conseller anunci\u00f3 el plan de vacaciones tres d\u00edas antes del verano el que hace complicado que se apuntan profesionales m\u00e9dicos a nuestro sistema sanitario para suplir a los y las profesionales que tambi\u00e9n tienen derecho a sus vacaciones de verano. Otras autonom\u00edas han tenido m\u00e1s previsi\u00f3n\u201d.<\/p> ","protected":false},"excerpt":{"rendered":"<p>Durante los meses de julio, agosto y septiembre la formaci\u00f3n cifra en 34 las camas que se reducir\u00e1n en el hospital comarcal respecto al a\u00f1o pasado<\/p>\n","protected":false},"author":0,"featured_media":7051,"comment_status":"open","ping_status":"open","sticky":false,"template":"","format":"standard","meta":{"_acf_changed":false,"footnotes":""},"categories":[1],"tags":[],"class_list":["post-7050","post","type-post","status-publish","format-standard","has-post-thumbnail","hentry","category-sin-categoria"],"acf":{"ser_id":"QFUO7XO7HNBKFNH5ZZ5ZGNOFBQ","ser_url":"https:\/\/cadenaser.com\/comunitat-valenciana\/2024\/07\/17\/compromis-denuncia-recortes-sanitarios-en-la-marina-baixa-en-pleno-del-verano-radio-benidorm\/"},"_links":{"self":[{"href":"https:\/\/serbenidorm.daliisolutions.com\/index.php\/wp-json\/wp\/v2\/posts\/7050","targetHints":{"allow":["GET"]}}],"collection":[{"href":"https:\/\/serbenidorm.daliisolutions.com\/index.php\/wp-json\/wp\/v2\/posts"}],"about":[{"href":"https:\/\/serbenidorm.daliisolutions.com\/index.php\/wp-json\/wp\/v2\/types\/post"}],"replies":[{"embeddable":true,"href":"https:\/\/serbenidorm.daliisolutions.com\/index.php\/wp-json\/wp\/v2\/comments?post=7050"}],"version-history":[{"count":0,"href":"https:\/\/serbenidorm.daliisolutions.com\/index.php\/wp-json\/wp\/v2\/posts\/7050\/revisions"}],"wp:featuredmedia":[{"embeddable":true,"href":"https:\/\/serbenidorm.daliisolutions.com\/index.php\/wp-json\/wp\/v2\/media\/7051"}],"wp:attachment":[{"href":"https:\/\/serbenidorm.daliisolutions.com\/index.php\/wp-json\/wp\/v2\/media?parent=7050"}],"wp:term":[{"taxonomy":"category","embeddable":true,"href":"https:\/\/serbenidorm.daliisolutions.com\/index.php\/wp-json\/wp\/v2\/categories?post=7050"},{"taxonomy":"post_tag","embeddable":true,"href":"https:\/\/serbenidorm.daliisolutions.com\/index.php\/wp-json\/wp\/v2\/tags?post=7050"}],"curies":[{"name":"wp","href":"https:\/\/api.w.org\/{rel}","templated":true}]}}