{"id":7052,"date":"2024-07-17T15:05:33","date_gmt":"2024-07-17T13:05:33","guid":{"rendered":"https:\/\/serbenidorm.daliisolutions.com\/index.php\/2024\/07\/17\/las-obras-en-la-avenida-severo-ochoa-de-benidorm-y-adyacentes-ya-tienen-fecha-de-finalizacion\/"},"modified":"2024-07-17T15:05:33","modified_gmt":"2024-07-17T13:05:33","slug":"las-obras-en-la-avenida-severo-ochoa-de-benidorm-y-adyacentes-ya-tienen-fecha-de-finalizacion","status":"publish","type":"post","link":"https:\/\/serbenidorm.daliisolutions.com\/index.php\/2024\/07\/17\/las-obras-en-la-avenida-severo-ochoa-de-benidorm-y-adyacentes-ya-tienen-fecha-de-finalizacion\/","title":{"rendered":"Las obras en la avenida Severo Ochoa de Benidorm y adyacentes ya tienen fecha de finalizaci\u00f3n"},"content":{"rendered":"  <p>Benidorm<\/p>   <p>Benidorm mejora la red de pluviales de la avenida Severo Ochoa para acabar con los problemas de inundaciones en futuras temporadas de lluvia. Los trabajos est\u00e1n actualmente en ejecuci\u00f3n y se centran el tramo de Severo Ochoa m\u00e1s pr\u00f3ximo a la conocida como \u201cla curva de El Ni\u00f1o\u201d y estar\u00e1n finalizados \u201cantes de que acabe el mes de julio\u201d tal y como ha se\u00f1alado el edil de Ciclo del Agua, Jos\u00e9 Ram\u00f3n Gonz\u00e1lez de Z\u00e1rate.<\/p>   <p><a href=\"https:\/\/cadenaser.com\/tag\/benidorm\/a\/\" target=\"_blank\" rel=\"noopener\">Las obras no solo abordar\u00e1n la parte de pluviales sino que tambi\u00e9n se actuar\u00e1 en superficie con la creaci\u00f3n de dos nuevos pasos de cebra que vendr\u00e1n a mejorar la movilidad peatonal. Tambi\u00e9n se reasfaltar\u00e1 las calles N\u00e1poles y Cam\u00ed dels Torrers<\/a>. Asimismo se ha configurado en la zona una rotonda peatonal para dar fluidez al tr\u00e1fico.<\/p>  <p><p class=\"tit\"><span>Hora 14 Benidorm (17\/07\/2024)<\/span><\/p> <p class=\"emb\"><iframe loading=\"lazy\" src=\"https:\/\/cadenaser.com\/embed\/audio\/460\/cadenaser_benidorm_hora14benidorm_20240717_141700_143000\/\" width=\"100%\" height=\"360\" frameborder=\"0\" allowfullscreen><\/iframe><\/p><\/p>   <p>Actualmente ya ha concluido la instalaci\u00f3n de las nuevas tuber\u00edas y de los sistemas de recogida de aguas pluviales frente al acceso al camping Benidorm y los trabajos se encuentran ahora justo en la \u2018Curva de El  Ni\u00f1o\u2019 y, a mediados de las semana que viene, se proceder\u00e1 al asfaltado de todo el tramo de Severo Ochoa afectado por las obras y que presenta ahora irregularidades en el firme. \u201cEn ambos puntos se ubicar\u00e1n los nuevos pasos de peatones elevados, reduci\u00e9ndose tambi\u00e9n as\u00ed la velocidad de los veh\u00edculos que circulan por este tramo\u201d, explica el edil.<\/p>   <p>Obras de d\u00eda y de noche<\/p>   <p>El Ayuntamiento ha aprovechado la finalizaci\u00f3n del curso escolar para acometer las obras debido a que en el \u201cel trafico desciende la finalizaci\u00f3n de la actividad ordinaria de los centros educativos ubicados en la avenida\u201d. Adem\u00e1s Gonz\u00e1lez de Z\u00e1rate ha aclarado que \u201cpara evitar cortes de tr\u00e1fico o posibles retenciones la actuaci\u00f3n se est\u00e1 llevando a cabo por fases y tambi\u00e9n en la medida de lo posible en horario nocturno\u201d.<\/p> ","protected":false},"excerpt":{"rendered":"<p>Los trabajos de movilidad peatonal y para evitar inundaciones llegan a la conocida como &#8216;curva de El Ni\u00f1o&#8217;<\/p>\n","protected":false},"author":0,"featured_media":7053,"comment_status":"open","ping_status":"open","sticky":false,"template":"","format":"standard","meta":{"_acf_changed":false,"footnotes":""},"categories":[1],"tags":[],"class_list":["post-7052","post","type-post","status-publish","format-standard","has-post-thumbnail","hentry","category-sin-categoria"],"acf":{"ser_id":"MONJXZUCHFHBJMGQJOL24UX6RA","ser_url":"https:\/\/cadenaser.com\/comunitat-valenciana\/2024\/07\/17\/las-obras-en-la-avenida-severo-ochoa-de-benidorm-y-adyacentes-ya-tienen-fecha-de-finalizacion-radio-benidorm\/"},"_links":{"self":[{"href":"https:\/\/serbenidorm.daliisolutions.com\/index.php\/wp-json\/wp\/v2\/posts\/7052","targetHints":{"allow":["GET"]}}],"collection":[{"href":"https:\/\/serbenidorm.daliisolutions.com\/index.php\/wp-json\/wp\/v2\/posts"}],"about":[{"href":"https:\/\/serbenidorm.daliisolutions.com\/index.php\/wp-json\/wp\/v2\/types\/post"}],"replies":[{"embeddable":true,"href":"https:\/\/serbenidorm.daliisolutions.com\/index.php\/wp-json\/wp\/v2\/comments?post=7052"}],"version-history":[{"count":0,"href":"https:\/\/serbenidorm.daliisolutions.com\/index.php\/wp-json\/wp\/v2\/posts\/7052\/revisions"}],"wp:featuredmedia":[{"embeddable":true,"href":"https:\/\/serbenidorm.daliisolutions.com\/index.php\/wp-json\/wp\/v2\/media\/7053"}],"wp:attachment":[{"href":"https:\/\/serbenidorm.daliisolutions.com\/index.php\/wp-json\/wp\/v2\/media?parent=7052"}],"wp:term":[{"taxonomy":"category","embeddable":true,"href":"https:\/\/serbenidorm.daliisolutions.com\/index.php\/wp-json\/wp\/v2\/categories?post=7052"},{"taxonomy":"post_tag","embeddable":true,"href":"https:\/\/serbenidorm.daliisolutions.com\/index.php\/wp-json\/wp\/v2\/tags?post=7052"}],"curies":[{"name":"wp","href":"https:\/\/api.w.org\/{rel}","templated":true}]}}