{"id":7072,"date":"2024-07-18T11:26:35","date_gmt":"2024-07-18T09:26:35","guid":{"rendered":"https:\/\/serbenidorm.daliisolutions.com\/index.php\/2024\/07\/18\/la-ocupacion-hotelera-de-benidorm-en-la-primera-quincena-de-julio-fue-casi-dos-puntos-mas-baja-que-en-2023\/"},"modified":"2024-07-18T11:26:35","modified_gmt":"2024-07-18T09:26:35","slug":"la-ocupacion-hotelera-de-benidorm-en-la-primera-quincena-de-julio-fue-casi-dos-puntos-mas-baja-que-en-2023","status":"publish","type":"post","link":"https:\/\/serbenidorm.daliisolutions.com\/index.php\/2024\/07\/18\/la-ocupacion-hotelera-de-benidorm-en-la-primera-quincena-de-julio-fue-casi-dos-puntos-mas-baja-que-en-2023\/","title":{"rendered":"La ocupaci\u00f3n hotelera de Benidorm en la primera quincena de julio fue casi dos puntos m\u00e1s baja que en 2023"},"content":{"rendered":"  <p>Benidorm<\/p>   <p>Primeros datos de ocupaci\u00f3n hotelera de julio. En lo que va de mes Benidorm se ha quedado a las puertas de alcanzar los datos del a\u00f1o pasado:<a href=\"https:\/\/cadenaser.com\/tag\/benidorm\/a\/\" target=\"_blank\" rel=\"noopener\"> la capital tur\u00edstica consigue un 86,3 %, lo que supone un 1,8 % menos que en 2023, seg\u00fan los datos de la patronal hotelera<\/a>.<\/p>   <p>Ligero descenso que se ha visto reflejado tanto en los hoteles de cuatro como de tres estrellas, aunque siguen siendo cifras por encima de la media de la Comunitat Valenciana.<\/p>  <p><p>M\u00e1s informaci\u00f3n<\/p><figure><img loading=\"lazy\" decoding=\"async\" src=\"https:\/\/cadenaser.com\/resizer\/v2\/2J2YOIS3M5GUBCE5FYKJ6AHUGQ.jpeg?auth=66d66af8febe2af078b0f5548b5834bbfbfc5482d6aadcc5ff7826c635c65635&amp;quality=70&amp;width=360&amp;height=202&amp;smart=true\" width=\"820\" height=\"621\" \/><\/figure><ul><li><a href=\"https:\/\/cadenaser.com\/comunitat-valenciana\/2024\/07\/17\/compromis-denuncia-recortes-sanitarios-en-la-marina-baixa-en-pleno-del-verano-radio-benidorm\/\"><span>Comprom\u00eds denuncia recortes sanitarios en la Marina Baixa en pleno verano<\/span><\/a><\/li><\/ul><\/p>   <p>El turista internacional manda en la ciudad, son 57 de cada 100, y el mercado brit\u00e1nico lidera representando el 37 %. Un verano m\u00e1s tambi\u00e9n sube el portugu\u00e9s, por encima del 5 %.<\/p>   <p>Mayte Garc\u00eda, secretaria general de Hosbec, ha explicado tambi\u00e9n que las<b> <\/b>reservas confirmadas en los sistemas de gesti\u00f3n de los hoteles para<b> <\/b>la segunda quincena de julio, pr\u00e1cticamente roza el 84 %, dos puntos por debajo de los datos del a\u00f1o pasado.<\/p>   <p>Los turistas internacionales llenan l&#8217;Alf\u00e0s<\/p>   <p>Datos relevantes de turistas internacionales tambi\u00e9n <a href=\"https:\/\/cadenaser.com\/tag\/lalfas_del_pi\/a\/\" target=\"_blank\" rel=\"noopener\">en l\u2019Alf\u00e0s del Pi y el Albir<\/a>, donde adem\u00e1s de brit\u00e1nicos se percibe tambi\u00e9n una mayor presencia de noruegos, neerlandeses y belgas con una ocupaci\u00f3n cercana al lleno t\u00e9cnico.<\/p>   <p>     .c-w{         max-width:444px;         width:100%;         margin:16px auto;      background:#00755E;         border-radius:4px;         display:flex;         align-items:center;         justify-content:center;     }     .c-w a{         display:flex;         align-items:center;         justify-content:center;         padding:4px 24px;     }     .c-w img{         width:24px;         margin-right:12px;     }     .c-w p{         font:18px\/25px Poppins;         text-align:center;         color:#fff;         margin:0;     }     @media (max-width:444px){         .c-w a{             padding:4px 12px;         }         .c-w img{             width:24px;             margin-right:8px;         }         .c-w p{             font:14px\/25px Poppins;         }     }     @media (max-width:335px){         .c-w p{             font:13px\/25px Poppins;         }     }  <div class=\"c-w\">     <a href=\"https:\/\/www.whatsapp.com\/channel\/0029Va633PF9WtC4l7XUzh1e\" target=\"_blank\" rel=\"noopener\">         <img decoding=\"async\" src=\"https:\/\/cadenaser.com\/estaticos\/recursosgraficos\/responsive\/img\/ico-whatsapp.svg\" alt=\"Whatsapp\">         <p>\u00danete al <b>canal de WhatsApp<\/b> de la SER<\/p>     <\/a> <\/div><\/p> ","protected":false},"excerpt":{"rendered":"<p>Las reservas de cara a la segunda quincena tambi\u00e9n est\u00e1n ligeramente por debajo de los datos del a\u00f1o pasado<\/p>\n","protected":false},"author":0,"featured_media":7073,"comment_status":"open","ping_status":"open","sticky":false,"template":"","format":"standard","meta":{"_acf_changed":false,"footnotes":""},"categories":[1],"tags":[],"class_list":["post-7072","post","type-post","status-publish","format-standard","has-post-thumbnail","hentry","category-sin-categoria"],"acf":{"ser_id":"T4EZQ4GDMNGIDINFE4RWMIALPA","ser_url":"https:\/\/cadenaser.com\/comunitat-valenciana\/2024\/07\/18\/la-ocupacion-hotelera-de-benidorm-en-la-primera-quincena-de-julio-fue-casi-dos-puntos-mas-baja-que-en-2023-radio-benidorm\/"},"_links":{"self":[{"href":"https:\/\/serbenidorm.daliisolutions.com\/index.php\/wp-json\/wp\/v2\/posts\/7072","targetHints":{"allow":["GET"]}}],"collection":[{"href":"https:\/\/serbenidorm.daliisolutions.com\/index.php\/wp-json\/wp\/v2\/posts"}],"about":[{"href":"https:\/\/serbenidorm.daliisolutions.com\/index.php\/wp-json\/wp\/v2\/types\/post"}],"replies":[{"embeddable":true,"href":"https:\/\/serbenidorm.daliisolutions.com\/index.php\/wp-json\/wp\/v2\/comments?post=7072"}],"version-history":[{"count":0,"href":"https:\/\/serbenidorm.daliisolutions.com\/index.php\/wp-json\/wp\/v2\/posts\/7072\/revisions"}],"wp:featuredmedia":[{"embeddable":true,"href":"https:\/\/serbenidorm.daliisolutions.com\/index.php\/wp-json\/wp\/v2\/media\/7073"}],"wp:attachment":[{"href":"https:\/\/serbenidorm.daliisolutions.com\/index.php\/wp-json\/wp\/v2\/media?parent=7072"}],"wp:term":[{"taxonomy":"category","embeddable":true,"href":"https:\/\/serbenidorm.daliisolutions.com\/index.php\/wp-json\/wp\/v2\/categories?post=7072"},{"taxonomy":"post_tag","embeddable":true,"href":"https:\/\/serbenidorm.daliisolutions.com\/index.php\/wp-json\/wp\/v2\/tags?post=7072"}],"curies":[{"name":"wp","href":"https:\/\/api.w.org\/{rel}","templated":true}]}}