{"id":7078,"date":"2024-07-18T14:07:06","date_gmt":"2024-07-18T12:07:06","guid":{"rendered":"https:\/\/serbenidorm.daliisolutions.com\/index.php\/2024\/07\/18\/que-opina-la-calle-de-fumar-en-las-playas-de-benidorm\/"},"modified":"2024-07-18T14:07:06","modified_gmt":"2024-07-18T12:07:06","slug":"que-opina-la-calle-de-fumar-en-las-playas-de-benidorm","status":"publish","type":"post","link":"https:\/\/serbenidorm.daliisolutions.com\/index.php\/2024\/07\/18\/que-opina-la-calle-de-fumar-en-las-playas-de-benidorm\/","title":{"rendered":"\u00bfQu\u00e9 opina la calle de fumar en las playas de Benidorm?"},"content":{"rendered":"  <p>Benidorm<\/p>   <p>La prohibici\u00f3n de fumar en las zonas accesibles de las playas de Benidorm viene dada por el Ayuntamiento y la Asociaci\u00f3n Espa\u00f1ola Contra el C\u00e1ncer (AECC). La edil de Medio Ambiente, M\u00f3nica G\u00f3mez, ha recordado que en nuestro pa\u00eds el tabaquismo causa la muerte de 60.000 personas anualmente.<\/p>   <p>La intenci\u00f3n de esta actuaci\u00f3n es \u201ccrear un entorno libre del humo nocivo del tabaco\u201d alertando del peligro que supone tanto para personas fumadoras como para fumadoras pasivas, ha explicado la concejala. El Consistorio ha editado unos carteles para publicitar e indicar que todo es por el cuidado de la salud.<\/p>   <p><a href=\"https:\/\/cadenaser.com\/tag\/benidorm\/a\/\" target=\"_blank\" rel=\"noopener\">Adem\u00e1s, G\u00f3mez ha anunciado que el convenio con AECC ir\u00e1 m\u00e1s all\u00e1 de la creaci\u00f3n de estos espacios sin humo y ya se contempla en parques y jardines.<\/a><\/p>   <p>Consenso entre vecinos y turistas<\/p>   <p>La opini\u00f3n ha sido pr\u00e1cticamente la misma para todos los vecinos y turistas, se aplaude la iniciativa y gusta a todos por igual, incluso a los fumadores de toda la vida: \u201cPues muy bien, si est\u00e1 prohibido, pues est\u00e1 prohibido\u201d, opina una jubilada de la ciudad.<\/p>   <p>\u201cHay que respetar todos los espacios\u201d, comenta un hombre que acaba de salir de la playa. \u201cMe parece muy bien y eso que soy fumadora\u201d, nos cuenta una se\u00f1ora que paseaba por la playa de Poniente. Muchos comienzan a pensar que se acerca el final del tabaco en todos los espacios de las playas de Benidorm.<\/p>   <p>     .c-w{         max-width:444px;         width:100%;         margin:16px auto;      background:#00755E;         border-radius:4px;         display:flex;         align-items:center;         justify-content:center;     }     .c-w a{         display:flex;         align-items:center;         justify-content:center;         padding:4px 24px;     }     .c-w img{         width:24px;         margin-right:12px;     }     .c-w p{         font:18px\/25px Poppins;         text-align:center;         color:#fff;         margin:0;     }     @media (max-width:444px){         .c-w a{             padding:4px 12px;         }         .c-w img{             width:24px;             margin-right:8px;         }         .c-w p{             font:14px\/25px Poppins;         }     }     @media (max-width:335px){         .c-w p{             font:13px\/25px Poppins;         }     }  <div class=\"c-w\">     <a href=\"https:\/\/www.whatsapp.com\/channel\/0029Va633PF9WtC4l7XUzh1e\" target=\"_blank\" rel=\"noopener\">         <img decoding=\"async\" src=\"https:\/\/cadenaser.com\/estaticos\/recursosgraficos\/responsive\/img\/ico-whatsapp.svg\" alt=\"Whatsapp\">         <p>\u00danete al <b>canal de WhatsApp<\/b> de la SER<\/p>     <\/a> <\/div><\/p> ","protected":false},"excerpt":{"rendered":"<p>Desde esta semana no es posible fumar en las zonas accesibles de las playas de la ciudad <\/p>\n","protected":false},"author":0,"featured_media":7079,"comment_status":"open","ping_status":"open","sticky":false,"template":"","format":"standard","meta":{"_acf_changed":false,"footnotes":""},"categories":[1],"tags":[],"class_list":["post-7078","post","type-post","status-publish","format-standard","has-post-thumbnail","hentry","category-sin-categoria"],"acf":{"ser_id":"SHTCR5HVDBBGRMH3IHA4YFMHFY","ser_url":"https:\/\/cadenaser.com\/comunitat-valenciana\/2024\/07\/18\/que-opina-la-calle-de-fumar-en-las-playas-de-benidorm-radio-benidorm\/"},"_links":{"self":[{"href":"https:\/\/serbenidorm.daliisolutions.com\/index.php\/wp-json\/wp\/v2\/posts\/7078","targetHints":{"allow":["GET"]}}],"collection":[{"href":"https:\/\/serbenidorm.daliisolutions.com\/index.php\/wp-json\/wp\/v2\/posts"}],"about":[{"href":"https:\/\/serbenidorm.daliisolutions.com\/index.php\/wp-json\/wp\/v2\/types\/post"}],"replies":[{"embeddable":true,"href":"https:\/\/serbenidorm.daliisolutions.com\/index.php\/wp-json\/wp\/v2\/comments?post=7078"}],"version-history":[{"count":0,"href":"https:\/\/serbenidorm.daliisolutions.com\/index.php\/wp-json\/wp\/v2\/posts\/7078\/revisions"}],"wp:featuredmedia":[{"embeddable":true,"href":"https:\/\/serbenidorm.daliisolutions.com\/index.php\/wp-json\/wp\/v2\/media\/7079"}],"wp:attachment":[{"href":"https:\/\/serbenidorm.daliisolutions.com\/index.php\/wp-json\/wp\/v2\/media?parent=7078"}],"wp:term":[{"taxonomy":"category","embeddable":true,"href":"https:\/\/serbenidorm.daliisolutions.com\/index.php\/wp-json\/wp\/v2\/categories?post=7078"},{"taxonomy":"post_tag","embeddable":true,"href":"https:\/\/serbenidorm.daliisolutions.com\/index.php\/wp-json\/wp\/v2\/tags?post=7078"}],"curies":[{"name":"wp","href":"https:\/\/api.w.org\/{rel}","templated":true}]}}