{"id":7089,"date":"2024-07-19T07:03:12","date_gmt":"2024-07-19T05:03:12","guid":{"rendered":"https:\/\/serbenidorm.daliisolutions.com\/index.php\/2024\/07\/19\/los-festeros-de-la-vila-joiosa-cargan-contra-el-nuevo-castillo-de-moros-y-cristianos-y-la-polemica-llega-al-pleno\/"},"modified":"2024-07-19T07:03:12","modified_gmt":"2024-07-19T05:03:12","slug":"los-festeros-de-la-vila-joiosa-cargan-contra-el-nuevo-castillo-de-moros-y-cristianos-y-la-polemica-llega-al-pleno","status":"publish","type":"post","link":"https:\/\/serbenidorm.daliisolutions.com\/index.php\/2024\/07\/19\/los-festeros-de-la-vila-joiosa-cargan-contra-el-nuevo-castillo-de-moros-y-cristianos-y-la-polemica-llega-al-pleno\/","title":{"rendered":"Los festeros de La Vila Joiosa cargan contra el nuevo castillo de Moros y Cristianos y la pol\u00e9mica llega al pleno"},"content":{"rendered":"  <p>La Vila Joiosa<\/p>   <p>La pol\u00e9mica por el tama\u00f1o y la forma del nuevo castillo de la fiesta de los Moros y Cristianos de La Vila Joiosa ha llegado al pleno. <a href=\"https:\/\/cadenaser.com\/tag\/vila_joiosa\/a\/\" target=\"_blank\" rel=\"noopener\">Los festeros han llegado a compararlo en redes sociales con un juego de Playmobil o de Mario Bross<\/a> y el concejal de Fiestas, Jaime Santamar\u00eda, se ha defendido de las cr\u00edticas explicando que la infraestructura instalada en la playa es el resultado del proyecto contratado y firmado por el anterior gobierno socialista.<\/p>   <p>La entonces edil del \u00e1rea, ha se\u00f1alado Santamar\u00eda, contrat\u00f3 a una empresa para construir el nuevo castillo que no estuvo finalizado en las fiestas del a\u00f1o pasado, entonces tuvo que dejarlo Altea, y su construcci\u00f3n ha finalizado este a\u00f1o con el dise\u00f1o y presupuesto previsto por el anterior equipo.<\/p>  <p><figure><img loading=\"lazy\" decoding=\"async\" src=\"https:\/\/cadenaser.com\/resizer\/v2\/PIXZDBP6EJGTXALI4QBFZTESCQ.jpg?auth=53db66477ce1b7bba398f23517ee4a34372e17305e1a1bb03fa21b21f30d045d&amp;quality=70&amp;width=360&amp;height=202&amp;smart=true\" alt=\"El nuevo castillo no lleg\u00f3 a los Moros y Cristianos 2023 y Altea cedi\u00f3 el suyo para solucionar las fiestas\" width=\"240\" height=\"135\" \/><\/figure><div><a href=\"https:\/\/cadenaser.com\/comunitat-valenciana\/2023\/07\/20\/el-nuevo-castillo-de-villajoyosa-no-llega-a-moros-y-cristianos-y-altea-cede-el-suyo-para-solucionar-las-fiestas-radio-benidorm\/\">El nuevo castillo no lleg\u00f3 a los Moros y Cristianos 2023 y Altea cedi\u00f3 el suyo para solucionar las fiestas<\/a><p><\/p><\/div><\/p>   <p>\u00abHacer una modificaci\u00f3n no era posible, hay que tener responsabilidad y el dinero que ten\u00edamos en ese momento es el que era. A d\u00eda de hoy estudiaremos la manera de mejorar este castillo\u00bb, ha afirmado el concejal en respuesta a Isabel Perona, la anterior responsable, que en la sesi\u00f3n ha reivindicado que el actual equipo de gobierno ha tenido tiempo para arreglar la situaci\u00f3n.<\/p>   <p>\u00abO se nos pas\u00f3 o no s\u00e9\u00bb<\/p>   <p>\u00abFalta un torre\u00f3n\u00bb, ha insistido Perona: \u00abEste castillo lleva un a\u00f1o montado y no han sido capaces de hacer nada\u00bb. Sobre el castillo resultante, la socialista ha intentado explicar que \u00abse eligi\u00f3 un boceto con dos torreones, pero no se ha hecho&#8230; \u00bfPor qu\u00e9? O se nos pas\u00f3 o no s\u00e9. Yo voy a ser sincera, a m\u00ed me dicen que el castillo iba a estar para primeros de julio, yo estaba en funciones hasta el 17 de junio y yo ya no s\u00e9 m\u00e1s\u00bb.<\/p>  <p><p class=\"tit\"><span>Isabel Persona, exconcejala de Fiestas de La Vila, sobre el proyecto del castillo<\/span><\/p> <p class=\"emb\"><iframe loading=\"lazy\" src=\"https:\/\/cadenaser.com\/embed\/audio\/460\/1721309621566\/\" width=\"100%\" height=\"360\" frameborder=\"0\" allowfullscreen><\/iframe><\/p><\/p>   <p>Esto de un pleno en el que por otro lado, ante la alarma generada y a propuesta de la actual oposici\u00f3n del PSOE, se ha aprobado solicitar el cambio de ubicaci\u00f3n de la piscifactor\u00eda y mostrar su rechazo a cualquier ampliaci\u00f3n de la misma.<\/p>   <p>     .c-w{         max-width:444px;         width:100%;         margin:16px auto;      background:#00755E;         border-radius:4px;         display:flex;         align-items:center;         justify-content:center;     }     .c-w a{         display:flex;         align-items:center;         justify-content:center;         padding:4px 24px;     }     .c-w img{         width:24px;         margin-right:12px;     }     .c-w p{         font:18px\/25px Poppins;         text-align:center;         color:#fff;         margin:0;     }     @media (max-width:444px){         .c-w a{             padding:4px 12px;         }         .c-w img{             width:24px;             margin-right:8px;         }         .c-w p{             font:14px\/25px Poppins;         }     }     @media (max-width:335px){         .c-w p{             font:13px\/25px Poppins;         }     }  <div class=\"c-w\">     <a href=\"https:\/\/www.whatsapp.com\/channel\/0029Va633PF9WtC4l7XUzh1e\" target=\"_blank\" rel=\"noopener\">         <img decoding=\"async\" src=\"https:\/\/cadenaser.com\/estaticos\/recursosgraficos\/responsive\/img\/ico-whatsapp.svg\" alt=\"Whatsapp\">         <p>\u00danete al <b>canal de WhatsApp<\/b> de la SER<\/p>     <\/a> <\/div><\/p> ","protected":false},"excerpt":{"rendered":"<p>El concejal de Fiestas atribuye el resultado a la anterior responsable y \u00e9sta critica que el actual ha tenido tiempo para hacer cambios<\/p>\n","protected":false},"author":0,"featured_media":7090,"comment_status":"open","ping_status":"open","sticky":false,"template":"","format":"standard","meta":{"_acf_changed":false,"footnotes":""},"categories":[1],"tags":[],"class_list":["post-7089","post","type-post","status-publish","format-standard","has-post-thumbnail","hentry","category-sin-categoria"],"acf":{"ser_id":"IT3ZKPHVERDW5EJVD2W2NIOM5A","ser_url":"https:\/\/cadenaser.com\/comunitat-valenciana\/2024\/07\/18\/los-festeros-de-la-vila-joiosa-cargan-contra-el-nuevo-castillo-de-moros-y-cristianos-y-la-polemica-llega-al-pleno-radio-benidorm\/"},"_links":{"self":[{"href":"https:\/\/serbenidorm.daliisolutions.com\/index.php\/wp-json\/wp\/v2\/posts\/7089","targetHints":{"allow":["GET"]}}],"collection":[{"href":"https:\/\/serbenidorm.daliisolutions.com\/index.php\/wp-json\/wp\/v2\/posts"}],"about":[{"href":"https:\/\/serbenidorm.daliisolutions.com\/index.php\/wp-json\/wp\/v2\/types\/post"}],"replies":[{"embeddable":true,"href":"https:\/\/serbenidorm.daliisolutions.com\/index.php\/wp-json\/wp\/v2\/comments?post=7089"}],"version-history":[{"count":0,"href":"https:\/\/serbenidorm.daliisolutions.com\/index.php\/wp-json\/wp\/v2\/posts\/7089\/revisions"}],"wp:featuredmedia":[{"embeddable":true,"href":"https:\/\/serbenidorm.daliisolutions.com\/index.php\/wp-json\/wp\/v2\/media\/7090"}],"wp:attachment":[{"href":"https:\/\/serbenidorm.daliisolutions.com\/index.php\/wp-json\/wp\/v2\/media?parent=7089"}],"wp:term":[{"taxonomy":"category","embeddable":true,"href":"https:\/\/serbenidorm.daliisolutions.com\/index.php\/wp-json\/wp\/v2\/categories?post=7089"},{"taxonomy":"post_tag","embeddable":true,"href":"https:\/\/serbenidorm.daliisolutions.com\/index.php\/wp-json\/wp\/v2\/tags?post=7089"}],"curies":[{"name":"wp","href":"https:\/\/api.w.org\/{rel}","templated":true}]}}