{"id":7091,"date":"2024-07-19T07:03:13","date_gmt":"2024-07-19T05:03:13","guid":{"rendered":"https:\/\/serbenidorm.daliisolutions.com\/index.php\/2024\/07\/19\/benidorm-destinara-600-000-euros-a-dos-rotondas-en-el-murtal-con-cargo-al-presupuesto-participativo\/"},"modified":"2024-07-19T07:03:13","modified_gmt":"2024-07-19T05:03:13","slug":"benidorm-destinara-600-000-euros-a-dos-rotondas-en-el-murtal-con-cargo-al-presupuesto-participativo","status":"publish","type":"post","link":"https:\/\/serbenidorm.daliisolutions.com\/index.php\/2024\/07\/19\/benidorm-destinara-600-000-euros-a-dos-rotondas-en-el-murtal-con-cargo-al-presupuesto-participativo\/","title":{"rendered":"Benidorm destinar\u00e1 600.000 euros a dos rotondas en el Murtal con cargo al Presupuesto Participativo"},"content":{"rendered":"  <p>Benidorm<\/p>   <p>El Ayuntamiento de Benidorm ejecutar\u00e1 dos rotondas en la avenida El Murtal para mejorar la seguridad en el tr\u00e1fico rodado y dar mayor  fluidez a la circulaci\u00f3n en esta zona de Poniente. El proyecto, que ser\u00e1 aprobado el pr\u00f3ximo lunes por la Junta de Gobierno Local, supondr\u00e1 una inversi\u00f3n de 600.000 euros que saldr\u00e1n del Presupuesto Participativo.<\/p>   <p>El Consistorio ha decidido aunar en una sola propuesta los proyectos de  las dos rotondas que se corresponden con la primera y la tercera propuesta m\u00e1s votadas por la ciudadan\u00eda durante el proceso de elaboraci\u00f3n del Presupuesto Participativo. \u201cEstas dos propuestas se han concentrado en un solo proyecto de obra, que supone una inversi\u00f3n cercana a los 600.000 euros\u201d, ha indicado el alcalde de Benidorm, Toni P\u00e9rez.<\/p>  <p><p class=\"tit\"><span>Hora 14 Benidorm (18\/07\/2024)<\/span><\/p> <p class=\"emb\"><iframe loading=\"lazy\" src=\"https:\/\/cadenaser.com\/embed\/audio\/460\/cadenaser_benidorm_hora14benidorm_20240718_141700_143000\/\" width=\"100%\" height=\"360\" frameborder=\"0\" allowfullscreen><\/iframe><\/p><\/p>   <p>La obra se realizar\u00e1 en tres fases. <a href=\"https:\/\/cadenaser.com\/tag\/benidorm\/a\/\" target=\"_blank\" rel=\"noopener\">Por un lado la creaci\u00f3n de las  rotondas, una en la intersecci\u00f3n entre Murtal y M\u00e9jico y Marina Baixa y otra en la confluencia de Murtal y Villajoyosa, y tambi\u00e9n obras en diferentes tramos de la avenida del Murtal y actuaciones en viales aleda\u00f1os<\/a>.<\/p>  <p><p>M\u00e1s informaci\u00f3n<\/p><figure><img loading=\"lazy\" decoding=\"async\" src=\"https:\/\/cadenaser.com\/resizer\/v2\/XUDEXN3FZVGAVDSXDH3V5EAFLU.jpg?auth=9ac5353e9850d34f0877ab827d179bed7ea3dc43831598c43dae18c2f8d14982&amp;quality=70&amp;width=360&amp;height=202&amp;smart=true\" width=\"820\" height=\"621\" \/><\/figure><ul><li><a href=\"https:\/\/cadenaser.com\/comunitat-valenciana\/2024\/07\/17\/las-obras-en-la-avenida-severo-ochoa-de-benidorm-y-adyacentes-ya-tienen-fecha-de-finalizacion-radio-benidorm\/\"><span>Las obras en la avenida Severo Ochoa de Benidorm y adyacentes ya tienen fecha de finalizaci\u00f3n<\/span><\/a><\/li><\/ul><\/p>   <p>Entre las mejoras incluidas en la licitaci\u00f3n se encuentra la pavimentaci\u00f3n con aglomerado fonoreductor, para reducir el ruido del tr\u00e1fico, as\u00ed como trabajos de jardiner\u00eda y pavimentaci\u00f3n de las calles pr\u00f3ximas.<\/p>   <p>Los trabajos tendr\u00e1n un plazo de ejecuci\u00f3n de tres meses y se prev\u00e9 reutilizar el m\u00e1ximo de elementos que est\u00e9n en buen estado como pavimento, luminarias o mobiliario.<\/p>   <p>     .c-w{         max-width:444px;         width:100%;         margin:16px auto;      background:#00755E;         border-radius:4px;         display:flex;         align-items:center;         justify-content:center;     }     .c-w a{         display:flex;         align-items:center;         justify-content:center;         padding:4px 24px;     }     .c-w img{         width:24px;         margin-right:12px;     }     .c-w p{         font:18px\/25px Poppins;         text-align:center;         color:#fff;         margin:0;     }     @media (max-width:444px){         .c-w a{             padding:4px 12px;         }         .c-w img{             width:24px;             margin-right:8px;         }         .c-w p{             font:14px\/25px Poppins;         }     }     @media (max-width:335px){         .c-w p{             font:13px\/25px Poppins;         }     }  <div class=\"c-w\">     <a href=\"https:\/\/www.whatsapp.com\/channel\/0029Va633PF9WtC4l7XUzh1e\" target=\"_blank\" rel=\"noopener\">         <img decoding=\"async\" src=\"https:\/\/cadenaser.com\/estaticos\/recursosgraficos\/responsive\/img\/ico-whatsapp.svg\" alt=\"Whatsapp\">         <p>\u00danete al <b>canal de WhatsApp<\/b> de la SER<\/p>     <\/a> <\/div><\/p>   <p>Mejorar la limpieza de la ciudad queda pendiente<\/p>   <p>La segunda de las propuestas m\u00e1s votadas en el Presupuesto Participativo era la mejora del sistema de limpieza y baldeo de la ciudad, \u201cuna petici\u00f3n que no se corresponde con una inversi\u00f3n directa, sino que est\u00e1 ligada a este servicio municipal y que se atender\u00e1 con el nuevo contrato\u201d, aclara el alcalde.<\/p>   <p>El actual lleva a\u00f1os caducado y prorrogado y los pliegos del nuevo se han tenido que rehacer tras una resoluci\u00f3n del tribunal de recursos contractuales.<\/p> ","protected":false},"excerpt":{"rendered":"<p>La mejora de la limpieza, segunda propuesta m\u00e1s votada por los vecinos, tendr\u00e1 que esperar al nuevo contrato municipal<\/p>\n","protected":false},"author":0,"featured_media":7092,"comment_status":"open","ping_status":"open","sticky":false,"template":"","format":"standard","meta":{"_acf_changed":false,"footnotes":""},"categories":[1],"tags":[],"class_list":["post-7091","post","type-post","status-publish","format-standard","has-post-thumbnail","hentry","category-sin-categoria"],"acf":{"ser_id":"XH6VT73LJVAVDPGNEJPTWYTY4I","ser_url":"https:\/\/cadenaser.com\/comunitat-valenciana\/2024\/07\/18\/benidorm-destinara-600000-euros-a-dos-rotondas-en-el-murtal-con-cargo-al-presupuesto-participativo-radio-benidorm\/"},"_links":{"self":[{"href":"https:\/\/serbenidorm.daliisolutions.com\/index.php\/wp-json\/wp\/v2\/posts\/7091","targetHints":{"allow":["GET"]}}],"collection":[{"href":"https:\/\/serbenidorm.daliisolutions.com\/index.php\/wp-json\/wp\/v2\/posts"}],"about":[{"href":"https:\/\/serbenidorm.daliisolutions.com\/index.php\/wp-json\/wp\/v2\/types\/post"}],"replies":[{"embeddable":true,"href":"https:\/\/serbenidorm.daliisolutions.com\/index.php\/wp-json\/wp\/v2\/comments?post=7091"}],"version-history":[{"count":0,"href":"https:\/\/serbenidorm.daliisolutions.com\/index.php\/wp-json\/wp\/v2\/posts\/7091\/revisions"}],"wp:featuredmedia":[{"embeddable":true,"href":"https:\/\/serbenidorm.daliisolutions.com\/index.php\/wp-json\/wp\/v2\/media\/7092"}],"wp:attachment":[{"href":"https:\/\/serbenidorm.daliisolutions.com\/index.php\/wp-json\/wp\/v2\/media?parent=7091"}],"wp:term":[{"taxonomy":"category","embeddable":true,"href":"https:\/\/serbenidorm.daliisolutions.com\/index.php\/wp-json\/wp\/v2\/categories?post=7091"},{"taxonomy":"post_tag","embeddable":true,"href":"https:\/\/serbenidorm.daliisolutions.com\/index.php\/wp-json\/wp\/v2\/tags?post=7091"}],"curies":[{"name":"wp","href":"https:\/\/api.w.org\/{rel}","templated":true}]}}