{"id":7093,"date":"2024-07-19T07:03:14","date_gmt":"2024-07-19T05:03:14","guid":{"rendered":"https:\/\/serbenidorm.daliisolutions.com\/index.php\/2024\/07\/19\/el-filial-del-cf-la-nucia-no-se-ha-inscrito-para-la-lliga-comunitat-2024-25\/"},"modified":"2024-07-19T07:03:14","modified_gmt":"2024-07-19T05:03:14","slug":"el-filial-del-cf-la-nucia-no-se-ha-inscrito-para-la-lliga-comunitat-2024-25","status":"publish","type":"post","link":"https:\/\/serbenidorm.daliisolutions.com\/index.php\/2024\/07\/19\/el-filial-del-cf-la-nucia-no-se-ha-inscrito-para-la-lliga-comunitat-2024-25\/","title":{"rendered":"El filial del CF La Nuc\u00eda no se ha inscrito para la Lliga Comunitat 2024-25"},"content":{"rendered":"  <p>La Nuc\u00eda<\/p>   <p>A falta de mes y medio para que d\u00e9 comienzo una nueva temporada en el grupo sur de la Lliga Comunitat, La Nuc\u00eda B ser\u00e1 una de las ausencias al superar la fecha l\u00edmite y no haberse inscrito.<\/p>   <p>Juan Carlos Ram\u00edrez (propietario del CD Alcoyano y CF La Nuc\u00eda) ya dej\u00f3 dudas acerca del tema en la rueda de prensa que emiti\u00f3 desde El Collao el pasado mes de mayo.<\/p>  <p><p>M\u00e1s informaci\u00f3n<\/p><figure><img loading=\"lazy\" decoding=\"async\" src=\"https:\/\/cadenaser.com\/resizer\/v2\/M4WJTNXHL5AAVERESHXSBLWQOQ.jpeg?auth=d847ead5273610850676dbb9ac7b8f3236239fa8dbf5c0df1c0b65b51cfed415&amp;quality=70&amp;width=360&amp;height=202&amp;smart=true\" width=\"820\" height=\"621\" \/><\/figure><ul><li><a href=\"https:\/\/cadenaser.com\/comunitat-valenciana\/2024\/05\/21\/exclusiva-juan-carlos-ramirez-concede-su-primera-entrevista-tras-su-llegada-al-cf-la-nucia-radio-benidorm\/\"><span>Primera entrevista de Juan Carlos Ram\u00edrez a su llegada a La Nuc\u00eda<\/span><\/a><\/li><\/ul><\/p>   <p>Para el propietario \u201cno ten\u00eda sentido que se contase con un club en Tercera y otro en liga regional, que lo principal en primer lugar en La Nucia era dar continuidad a sus equipos de la escuela del club\u201d.<\/p>   <p><a href=\"https:\/\/cadenaser.com\/tag\/club_futbol_la_nucia\/a\/\" target=\"_blank\" rel=\"noopener\">Tras una salvaci\u00f3n ag\u00f3nica con un punto por encima del descenso la pasada temporada, La Nuc\u00eda B obtuvo su objetivo de la permanencia.<\/a> A d\u00eda de hoy se desconoce el rumbo que tomar\u00e1 el equipo y se espera un comunicado desde el club informando de la situaci\u00f3n.<\/p>   <p>El Paterna CF se coloca como el mejor posicionado para cubrir la vacante que deja libre La Nuc\u00eda B. Los valencianos que quedaron 2\u00bas en su grupo de 1\u00aa federaci\u00f3n valenciana (la antigua regional) la pasada temporada, esperan poder confirmar el ascenso administrativo en cuesti\u00f3n de d\u00edas.<\/p>   <p>     .c-w{         max-width:444px;         width:100%;         margin:16px auto;      background:#00755E;         border-radius:4px;         display:flex;         align-items:center;         justify-content:center;     }     .c-w a{         display:flex;         align-items:center;         justify-content:center;         padding:4px 24px;     }     .c-w img{         width:24px;         margin-right:12px;     }     .c-w p{         font:18px\/25px Poppins;         text-align:center;         color:#fff;         margin:0;     }     @media (max-width:444px){         .c-w a{             padding:4px 12px;         }         .c-w img{             width:24px;             margin-right:8px;         }         .c-w p{             font:14px\/25px Poppins;         }     }     @media (max-width:335px){         .c-w p{             font:13px\/25px Poppins;         }     }  <div class=\"c-w\">     <a href=\"https:\/\/www.whatsapp.com\/channel\/0029Va633PF9WtC4l7XUzh1e\" target=\"_blank\" rel=\"noopener\">         <img decoding=\"async\" src=\"https:\/\/cadenaser.com\/estaticos\/recursosgraficos\/responsive\/img\/ico-whatsapp.svg\" alt=\"Whatsapp\">         <p>\u00danete al <b>canal de WhatsApp<\/b> de la SER<\/p>     <\/a> <\/div><\/p> ","protected":false},"excerpt":{"rendered":"<p>La Nuc\u00eda B deja libre la vacante para la temporada que viene y el CF Paterna es el mejor posicionado para ocuparla<\/p>\n","protected":false},"author":0,"featured_media":7094,"comment_status":"open","ping_status":"open","sticky":false,"template":"","format":"standard","meta":{"_acf_changed":false,"footnotes":""},"categories":[1],"tags":[],"class_list":["post-7093","post","type-post","status-publish","format-standard","has-post-thumbnail","hentry","category-sin-categoria"],"acf":{"ser_id":"5YKQGZUMNBEYNCI7KXY2MJOROE","ser_url":"https:\/\/cadenaser.com\/comunitat-valenciana\/2024\/07\/18\/el-filial-del-cf-la-nucia-no-se-ha-inscrito-para-la-lliga-comunitat-2024-25-radio-benidorm\/"},"_links":{"self":[{"href":"https:\/\/serbenidorm.daliisolutions.com\/index.php\/wp-json\/wp\/v2\/posts\/7093","targetHints":{"allow":["GET"]}}],"collection":[{"href":"https:\/\/serbenidorm.daliisolutions.com\/index.php\/wp-json\/wp\/v2\/posts"}],"about":[{"href":"https:\/\/serbenidorm.daliisolutions.com\/index.php\/wp-json\/wp\/v2\/types\/post"}],"replies":[{"embeddable":true,"href":"https:\/\/serbenidorm.daliisolutions.com\/index.php\/wp-json\/wp\/v2\/comments?post=7093"}],"version-history":[{"count":0,"href":"https:\/\/serbenidorm.daliisolutions.com\/index.php\/wp-json\/wp\/v2\/posts\/7093\/revisions"}],"wp:featuredmedia":[{"embeddable":true,"href":"https:\/\/serbenidorm.daliisolutions.com\/index.php\/wp-json\/wp\/v2\/media\/7094"}],"wp:attachment":[{"href":"https:\/\/serbenidorm.daliisolutions.com\/index.php\/wp-json\/wp\/v2\/media?parent=7093"}],"wp:term":[{"taxonomy":"category","embeddable":true,"href":"https:\/\/serbenidorm.daliisolutions.com\/index.php\/wp-json\/wp\/v2\/categories?post=7093"},{"taxonomy":"post_tag","embeddable":true,"href":"https:\/\/serbenidorm.daliisolutions.com\/index.php\/wp-json\/wp\/v2\/tags?post=7093"}],"curies":[{"name":"wp","href":"https:\/\/api.w.org\/{rel}","templated":true}]}}