{"id":7111,"date":"2024-07-19T13:31:31","date_gmt":"2024-07-19T11:31:31","guid":{"rendered":"https:\/\/serbenidorm.daliisolutions.com\/index.php\/2024\/07\/19\/asi-afecta-a-benidorm-el-plan-de-trazado-ferroviario-que-el-empresariado-alicantino-propone-a-transportes\/"},"modified":"2024-07-19T13:31:31","modified_gmt":"2024-07-19T11:31:31","slug":"asi-afecta-a-benidorm-el-plan-de-trazado-ferroviario-que-el-empresariado-alicantino-propone-a-transportes","status":"publish","type":"post","link":"https:\/\/serbenidorm.daliisolutions.com\/index.php\/2024\/07\/19\/asi-afecta-a-benidorm-el-plan-de-trazado-ferroviario-que-el-empresariado-alicantino-propone-a-transportes\/","title":{"rendered":"As\u00ed afecta a Benidorm el plan de trazado ferroviario que el empresariado alicantino propone a Transportes"},"content":{"rendered":"  <p>Benidorm<\/p>   <p>INECA, CEV, C\u00e1mara de Comercio y HOSBEC proponen un trazado ferroviario que vertebra la provincia con tres actuaciones clave, una de ellas relativa a la conectividad con Benidorm y la Marina Baixa.<\/p>   <p><a href=\"https:\/\/cadenaser.com\/tag\/comarca_la_marina_baixa\/a\/\" target=\"_blank\" rel=\"noopener\">El estudio, que propone un ahorro de casi mil millones de euros a las previsiones realizadas por el Ministerio de Transportes para 2033, impulsar\u00e1 la movilidad sostenible y conectar\u00e1 las comarcas<\/a>, seg\u00fan han explicado los distintos representantes empresariales.<\/p>   <p>La tercera gran actuaci\u00f3n consistir\u00eda en la conversi\u00f3n de la parada de la Universidad de Alicante en la Estaci\u00f3n de Alicante Norte y la ejecuci\u00f3n de un ramal de un kil\u00f3metro que enlazar\u00eda la l\u00ednea de alta velocidad procedente de Madrid con el Tren de la Costa. <\/p>   <p>Todos los trenes destino Benidorm tendr\u00edan parada en Alicante Norte, con lo que sumar\u00edan una demanda adicional correspondiente al \u00c1rea Metropolitana de Alicante, en lugar de separarla, aumentando significativamente la eficiencia del sistema. <\/p>   <p>Una nueva estaci\u00f3n en Benidorm<\/p>   <p>Se propone que la estaci\u00f3n t\u00e9rmino de Benidorm se ubique junto a la estaci\u00f3n de autobuses (Avda. de la Comunidad Europea), donde tambi\u00e9n se localiza una estaci\u00f3n del TRAM en aras a favorecer la intermodalidad. <\/p>   <p>     .c-w{         max-width:444px;         width:100%;         margin:16px auto;      background:#00755E;         border-radius:4px;         display:flex;         align-items:center;         justify-content:center;     }     .c-w a{         display:flex;         align-items:center;         justify-content:center;         padding:4px 24px;     }     .c-w img{         width:24px;         margin-right:12px;     }     .c-w p{         font:18px\/25px Poppins;         text-align:center;         color:#fff;         margin:0;     }     @media (max-width:444px){         .c-w a{             padding:4px 12px;         }         .c-w img{             width:24px;             margin-right:8px;         }         .c-w p{             font:14px\/25px Poppins;         }     }     @media (max-width:335px){         .c-w p{             font:13px\/25px Poppins;         }     }  <div class=\"c-w\">     <a href=\"https:\/\/www.whatsapp.com\/channel\/0029Va633PF9WtC4l7XUzh1e\" target=\"_blank\" rel=\"noopener\">         <img decoding=\"async\" src=\"https:\/\/cadenaser.com\/estaticos\/recursosgraficos\/responsive\/img\/ico-whatsapp.svg\" alt=\"Whatsapp\">         <p>\u00danete al <b>canal de WhatsApp<\/b> de la SER<\/p>     <\/a> <\/div><\/p>   <p>Asimismo, para salvar el pernicioso efecto barrera tanto del TRAM como del Tren de la Costa y que la ciudad pueda desarrollarse urban\u00edsticamente, se propone un trazado en que ambas cinco infraestructuras discurran paralelas aprovechando para soterrarlas en forma de falso t\u00fanel permitiendo la integraci\u00f3n ferroviaria del Tren de la Costa. <\/p>   <p>Ante estos par\u00e1metros de oferta de servicios, trazado y localizaci\u00f3n de estaciones, la estimaci\u00f3n de la demanda de viajeros en la futura estaci\u00f3n de Benidorm ascender\u00eda a unos cuatro millones de usuarios anuales en 2033 en el primer a\u00f1o de servicio del tren de la costa, <a href=\"https:\/\/cadenaser.com\/tag\/benidorm\/a\/\" target=\"_blank\" rel=\"noopener\">lo que posicionar\u00eda a Benidorm entre las diez primeras estaciones con m\u00e1s viajeros de largo recorrido de Espa\u00f1a<\/a>.<\/p> ","protected":false},"excerpt":{"rendered":"<p>El estudio contempla una inversi\u00f3n de 788 millones de euros en el tren de la costa entre Alicante y Benidorm <\/p>\n","protected":false},"author":0,"featured_media":7112,"comment_status":"open","ping_status":"open","sticky":false,"template":"","format":"standard","meta":{"_acf_changed":false,"footnotes":""},"categories":[1],"tags":[],"class_list":["post-7111","post","type-post","status-publish","format-standard","has-post-thumbnail","hentry","category-sin-categoria"],"acf":{"ser_id":"5MWYNPBLKJHXVNBB324XGZJ3AQ","ser_url":"https:\/\/cadenaser.com\/comunitat-valenciana\/2024\/07\/19\/asi-afecta-a-benidorm-el-plan-de-trazado-ferroviario-que-el-empresariado-alicantino-propone-a-transportes-radio-benidorm\/"},"_links":{"self":[{"href":"https:\/\/serbenidorm.daliisolutions.com\/index.php\/wp-json\/wp\/v2\/posts\/7111","targetHints":{"allow":["GET"]}}],"collection":[{"href":"https:\/\/serbenidorm.daliisolutions.com\/index.php\/wp-json\/wp\/v2\/posts"}],"about":[{"href":"https:\/\/serbenidorm.daliisolutions.com\/index.php\/wp-json\/wp\/v2\/types\/post"}],"replies":[{"embeddable":true,"href":"https:\/\/serbenidorm.daliisolutions.com\/index.php\/wp-json\/wp\/v2\/comments?post=7111"}],"version-history":[{"count":0,"href":"https:\/\/serbenidorm.daliisolutions.com\/index.php\/wp-json\/wp\/v2\/posts\/7111\/revisions"}],"wp:featuredmedia":[{"embeddable":true,"href":"https:\/\/serbenidorm.daliisolutions.com\/index.php\/wp-json\/wp\/v2\/media\/7112"}],"wp:attachment":[{"href":"https:\/\/serbenidorm.daliisolutions.com\/index.php\/wp-json\/wp\/v2\/media?parent=7111"}],"wp:term":[{"taxonomy":"category","embeddable":true,"href":"https:\/\/serbenidorm.daliisolutions.com\/index.php\/wp-json\/wp\/v2\/categories?post=7111"},{"taxonomy":"post_tag","embeddable":true,"href":"https:\/\/serbenidorm.daliisolutions.com\/index.php\/wp-json\/wp\/v2\/tags?post=7111"}],"curies":[{"name":"wp","href":"https:\/\/api.w.org\/{rel}","templated":true}]}}