{"id":7121,"date":"2024-07-19T13:57:22","date_gmt":"2024-07-19T11:57:22","guid":{"rendered":"https:\/\/serbenidorm.daliisolutions.com\/index.php\/2024\/07\/19\/todo-listo-para-la-pretemporada-del-tm-benidorm-conoce-las-fechas-y-rivales-de-los-amistosos\/"},"modified":"2024-07-19T13:57:22","modified_gmt":"2024-07-19T11:57:22","slug":"todo-listo-para-la-pretemporada-del-tm-benidorm-conoce-las-fechas-y-rivales-de-los-amistosos","status":"publish","type":"post","link":"https:\/\/serbenidorm.daliisolutions.com\/index.php\/2024\/07\/19\/todo-listo-para-la-pretemporada-del-tm-benidorm-conoce-las-fechas-y-rivales-de-los-amistosos\/","title":{"rendered":"Todo listo para la pretemporada del TM Benidorm: conoce las fechas y rivales de los amistosos"},"content":{"rendered":"  <p>Benidorm<\/p>   <p>El TM Benidorm ya tiene fecha de vuelta a las pistas: ser\u00e1 el 31 de Julio y comenzar\u00e1 con una recepci\u00f3n de autoridades en el Palau d\u2019Esports l\u2019Illa de la capital tur\u00edstica. <a href=\"https:\/\/cadenaser.com\/tag\/benidorm\/a\/\" target=\"_blank\" rel=\"noopener\">Adem\u00e1s, ese mismo mi\u00e9rcoles los jugadores tomar\u00e1n contacto con la pista por  primera vez esta temporada<\/a>.<\/p>   <p>Los encuentros amistosos previstos del conjunto liderado por Sergio Carballeira para este mes de agosto se jugar\u00e1n el domingo 11 ante el Trasmapi UD Ibiza en el Palau d\u2019Esports. <\/p>  <p><p>M\u00e1s informaci\u00f3n<\/p><figure><img loading=\"lazy\" decoding=\"async\" src=\"https:\/\/cadenaser.com\/resizer\/v2\/H6FAWLACQBAPLB7DSMEXJWBG7Q.jpg?auth=bdf2bf19d2a60006acf30521e8e39af95b644112929d28b863fc2eabfb59873a&amp;quality=70&amp;width=360&amp;height=202&amp;smart=true\" width=\"820\" height=\"621\" \/><\/figure><ul><li><a href=\"https:\/\/cadenaser.com\/comunitat-valenciana\/2024\/04\/03\/esta-sera-la-plantilla-del-tm-benidorm-para-la-temporada-2024-2025-radio-benidorm\/\"><span>Esta ser\u00e1 la plantilla del TM Benidorm para la temporada 2024-2025<\/span><\/a><\/li><\/ul><\/p>   <p>El fin de semana del 17\/18 se disputa el Torneo GTH en Puerto de Sagunto y los  equipos participantes adem\u00e1s del Club Balonmano Benidorm, ser\u00e1n el Povoa de la Primera Divisi\u00f3n portuguesa, el Houten holand\u00e9s y el Fertiberia Puerto Sagunto. <\/p>   <p>El mi\u00e9rcoles 21 en Benidorm ante Fundaci\u00f3n Agustinos de  Alicante, el s\u00e1bado 24 viajar\u00e1n a Ciudad Real a enfrentarse al ID Energy Caser\u00edo y el viernes 30 \u00faltimo amistoso de agosto en casa del E\u00f3n Alicante.<\/p> ","protected":false},"excerpt":{"rendered":"<p>La preparaci\u00f3n arranca el 31 de julio<\/p>\n","protected":false},"author":0,"featured_media":7122,"comment_status":"open","ping_status":"open","sticky":false,"template":"","format":"standard","meta":{"_acf_changed":false,"footnotes":""},"categories":[16],"tags":[],"class_list":["post-7121","post","type-post","status-publish","format-standard","has-post-thumbnail","hentry","category-deportes"],"acf":{"ser_id":"73VKLFBKXRBYZJSKIT2ATY7PTE","ser_url":"https:\/\/cadenaser.com\/comunitat-valenciana\/2024\/07\/19\/todo-listo-para-la-pretemporada-del-tm-benidorm-detalles-y-fecha-de-los-amistosos-radio-benidorm\/"},"_links":{"self":[{"href":"https:\/\/serbenidorm.daliisolutions.com\/index.php\/wp-json\/wp\/v2\/posts\/7121","targetHints":{"allow":["GET"]}}],"collection":[{"href":"https:\/\/serbenidorm.daliisolutions.com\/index.php\/wp-json\/wp\/v2\/posts"}],"about":[{"href":"https:\/\/serbenidorm.daliisolutions.com\/index.php\/wp-json\/wp\/v2\/types\/post"}],"replies":[{"embeddable":true,"href":"https:\/\/serbenidorm.daliisolutions.com\/index.php\/wp-json\/wp\/v2\/comments?post=7121"}],"version-history":[{"count":0,"href":"https:\/\/serbenidorm.daliisolutions.com\/index.php\/wp-json\/wp\/v2\/posts\/7121\/revisions"}],"wp:featuredmedia":[{"embeddable":true,"href":"https:\/\/serbenidorm.daliisolutions.com\/index.php\/wp-json\/wp\/v2\/media\/7122"}],"wp:attachment":[{"href":"https:\/\/serbenidorm.daliisolutions.com\/index.php\/wp-json\/wp\/v2\/media?parent=7121"}],"wp:term":[{"taxonomy":"category","embeddable":true,"href":"https:\/\/serbenidorm.daliisolutions.com\/index.php\/wp-json\/wp\/v2\/categories?post=7121"},{"taxonomy":"post_tag","embeddable":true,"href":"https:\/\/serbenidorm.daliisolutions.com\/index.php\/wp-json\/wp\/v2\/tags?post=7121"}],"curies":[{"name":"wp","href":"https:\/\/api.w.org\/{rel}","templated":true}]}}