{"id":7123,"date":"2024-07-19T15:04:04","date_gmt":"2024-07-19T13:04:04","guid":{"rendered":"https:\/\/serbenidorm.daliisolutions.com\/index.php\/2024\/07\/19\/las-viviendas-turisticas-de-la-comunitat-valenciana-tendran-hasta-el-31-de-diciembre-para-comunicar-su-referencia-catastral\/"},"modified":"2024-07-19T15:04:04","modified_gmt":"2024-07-19T13:04:04","slug":"las-viviendas-turisticas-de-la-comunitat-valenciana-tendran-hasta-el-31-de-diciembre-para-comunicar-su-referencia-catastral","status":"publish","type":"post","link":"https:\/\/serbenidorm.daliisolutions.com\/index.php\/2024\/07\/19\/las-viviendas-turisticas-de-la-comunitat-valenciana-tendran-hasta-el-31-de-diciembre-para-comunicar-su-referencia-catastral\/","title":{"rendered":"Las viviendas tur\u00edsticas de la Comunitat Valenciana tendr\u00e1n hasta el 31 de diciembre para comunicar su referencia catastral"},"content":{"rendered":"  <p>Benidorm<\/p>   <p>Las viviendas de uso tur\u00edstico de la Comunitat Valenciana tendr\u00e1n que comunicar su n\u00famero de referencia catastral, de forma improrrogable, como mucho a fecha de 31 de diciembre si no quieren causar \u201cbaja inmediata\u201d en el registro de viviendas regladas de la Generalitat y ver cancelada su licencia.<\/p>   <p>Ser\u00e1 una de las condiciones recogidas en el nuevo decreto ley que regula la actividad de las viviendas tur\u00edsticas que prepara el Consell y que ver\u00e1 la luz \u201cen un par de semanas\u201d. As\u00ed lo ha asegurado a <a href=\"https:\/\/cadenaser.com\/tag\/benidorm\/a\/\" target=\"_blank\" rel=\"noopener\">Radio Benidorm<\/a> la consellera de Turismo, Industria, Comercio  e Innovaci\u00f3n, Nuria Montes en el d\u00eda que se cumple un a\u00f1o de que jurara el cargo.<\/p>   <p>Montes ha recordado en <a href=\"https:\/\/cadenaser.com\/tag\/comarca_la_marina_baixa\/a\/\" target=\"_blank\" rel=\"noopener\">Hoy por Hoy Benidorm<\/a> que ya existe la obligaci\u00f3n de comunicar la inscripci\u00f3n registral en en el Catastro por parte de las viviendas tur\u00edsticas pero \u201cmuchas no lo hab\u00edan hecho y es lo que nos permite identificar claramente cu\u00e1l es la vivienda, d\u00f3nde est\u00e1 y quien es su titular\u201d.<\/p>  <p><p>M\u00e1s informaci\u00f3n<\/p><figure><img loading=\"lazy\" decoding=\"async\" src=\"https:\/\/cadenaser.com\/resizer\/v2\/HNSTUATFOIUJYA6AN5GCZBMJZ4.jpg?auth=dd504d09feb250fdeabaa89a4adcb50683a8dc04ea80796215b37c90a3f9ee89&amp;quality=70&amp;width=360&amp;height=202&amp;smart=true\" width=\"820\" height=\"621\" \/><\/figure><ul><li><a href=\"https:\/\/cadenaser.com\/comunitat-valenciana\/2024\/07\/18\/la-ocupacion-hotelera-de-benidorm-en-la-primera-quincena-de-julio-fue-casi-dos-puntos-mas-baja-que-en-2023-radio-benidorm\/\"><span>La ocupaci\u00f3n hotelera de Benidorm en la primera quincena de julio fue casi dos puntos m\u00e1s baja que en 2023<\/span><\/a><\/li><\/ul><\/p>   <p>Por ello el nuevo decreto establecer\u00e1 de fecha tope el 31 de diciembre y se retirar\u00e1 la licencia a las que no lo hayan hecho.<\/p>   <p>El decreto, del que el Consell anunciar\u00e1 los detalles en unas semanas, pretende, en palabras de la consellera, \u201cestablecer un marco legal que nos permita controlar todo aquello que pueda convertirse en econom\u00eda  sumergida, que es lo que verdaderamente perjudica y lo que verdaderamente crea problemas\u201d. Adem\u00e1s Montes asegura que goza \u201cdel acuerdo un\u00e1nime de toda la representaci\u00f3n empresarial, no solamente de las viviendas tur\u00edsticas, sino tambi\u00e9n, por ejemplo, de la  parte hotelera, incluso de la promoci\u00f3n inmobiliaria\u201d.<\/p>   <p>     .c-w{         max-width:444px;         width:100%;         margin:16px auto;      background:#00755E;         border-radius:4px;         display:flex;         align-items:center;         justify-content:center;     }     .c-w a{         display:flex;         align-items:center;         justify-content:center;         padding:4px 24px;     }     .c-w img{         width:24px;         margin-right:12px;     }     .c-w p{         font:18px\/25px Poppins;         text-align:center;         color:#fff;         margin:0;     }     @media (max-width:444px){         .c-w a{             padding:4px 12px;         }         .c-w img{             width:24px;             margin-right:8px;         }         .c-w p{             font:14px\/25px Poppins;         }     }     @media (max-width:335px){         .c-w p{             font:13px\/25px Poppins;         }     }  <div class=\"c-w\">     <a href=\"https:\/\/www.whatsapp.com\/channel\/0029Va633PF9WtC4l7XUzh1e\" target=\"_blank\" rel=\"noopener\">         <img decoding=\"async\" src=\"https:\/\/cadenaser.com\/estaticos\/recursosgraficos\/responsive\/img\/ico-whatsapp.svg\" alt=\"Whatsapp\">         <p>\u00danete al <b>canal de WhatsApp<\/b> de la SER<\/p>     <\/a> <\/div><\/p>   <p>Una norma adaptada a cada municipio<\/p>   <p>Asimismo explica que ha tenido en cuenta a los 71 municipios tur\u00edsticos de la Comunitat Valenciana y que tendr\u00e1 en cuenta las particularidades de cada uno de ellos. \u201cNo podemos hacer una regulaci\u00f3n que trate por igual una gran ciudad que un peque\u00f1o pueblo de interior. Porque hay pueblos del interior que, gracias al turismo y gracias a las viviendas tur\u00edsticas, han encontrado una fuente de ingresos y una estrategia econ\u00f3mica para esas comarcas que estaban en grave riesgo de despoblaci\u00f3n. As\u00ed que, generalizar o pretender que tengamos que establecer una prohibici\u00f3n gen\u00e9rica, es una  equivocaci\u00f3n\u201d, indica.<\/p>   <p>La normativa seguir\u00e1 exigiendo el informe de compatibilidad urban\u00edstica que deber\u00e1 conceder cada Ayuntamiento para poder ejercer la actividad. \u201cLos municipios tendr\u00e1n mucho que decidir porque deber\u00e1n certificar, bien directamente o bien a trav\u00e9s de un informe espec\u00edfico, el uso de vivienda tur\u00edstica est\u00e1 permitido por los instrumentos urban\u00edsticos o los planes generales de cada uno\u201d, a\u00f1ade.<\/p>   <p>Tambi\u00e9n se incorpora, a petici\u00f3n del Tribunal Supremo, la posibilidad de decisi\u00f3n de las comunidades de propietarios. \u201cHay comunidades que pueden modificar sus estatutos para prohibir el uso de las viviendas como viviendas de uso tur\u00edstico, por ello, haremos que las licencias de viviendas de uso tur\u00edstico caduquen cada cinco a\u00f1os y que tengan que renovar el cumplimiento de los requisitos legales y, entre ellos, estar\u00e1 que en la comunidad de propietarios se permita este uso\u201d adelanta Montes.<\/p>   <p>La consellera tambi\u00e9n ha hecho balance de este primer a\u00f1o en el cargo que define como \u201cmuy positivo y muy intenso a nivel personal y  profesional\u201d y ha valorado este 2024 como el a\u00f1o \u201cque esta llamado a ser uno de los grandes a\u00f1os del turismo\u201d con un incremento de el gasto por turista por encima del 30%.<\/p> ","protected":false},"excerpt":{"rendered":"<p>Nuria Montes hace balance en Hoy por Hoy Benidorm de su primer a\u00f1o como consellera de Turismo<\/p>\n","protected":false},"author":0,"featured_media":7124,"comment_status":"open","ping_status":"open","sticky":false,"template":"","format":"standard","meta":{"_acf_changed":false,"footnotes":""},"categories":[1],"tags":[],"class_list":["post-7123","post","type-post","status-publish","format-standard","has-post-thumbnail","hentry","category-sin-categoria"],"acf":{"ser_id":"DRN7A3PSSNAVLN4Z62WP5BPRQQ","ser_url":"https:\/\/cadenaser.com\/comunitat-valenciana\/2024\/07\/19\/las-viviendas-turisticas-de-la-comunitat-valenciana-tendran-hasta-el-31-de-diciembre-para-comunicar-su-referencia-catastral-radio-benidorm\/"},"_links":{"self":[{"href":"https:\/\/serbenidorm.daliisolutions.com\/index.php\/wp-json\/wp\/v2\/posts\/7123","targetHints":{"allow":["GET"]}}],"collection":[{"href":"https:\/\/serbenidorm.daliisolutions.com\/index.php\/wp-json\/wp\/v2\/posts"}],"about":[{"href":"https:\/\/serbenidorm.daliisolutions.com\/index.php\/wp-json\/wp\/v2\/types\/post"}],"replies":[{"embeddable":true,"href":"https:\/\/serbenidorm.daliisolutions.com\/index.php\/wp-json\/wp\/v2\/comments?post=7123"}],"version-history":[{"count":0,"href":"https:\/\/serbenidorm.daliisolutions.com\/index.php\/wp-json\/wp\/v2\/posts\/7123\/revisions"}],"wp:featuredmedia":[{"embeddable":true,"href":"https:\/\/serbenidorm.daliisolutions.com\/index.php\/wp-json\/wp\/v2\/media\/7124"}],"wp:attachment":[{"href":"https:\/\/serbenidorm.daliisolutions.com\/index.php\/wp-json\/wp\/v2\/media?parent=7123"}],"wp:term":[{"taxonomy":"category","embeddable":true,"href":"https:\/\/serbenidorm.daliisolutions.com\/index.php\/wp-json\/wp\/v2\/categories?post=7123"},{"taxonomy":"post_tag","embeddable":true,"href":"https:\/\/serbenidorm.daliisolutions.com\/index.php\/wp-json\/wp\/v2\/tags?post=7123"}],"curies":[{"name":"wp","href":"https:\/\/api.w.org\/{rel}","templated":true}]}}