{"id":7170,"date":"2024-07-22T12:24:38","date_gmt":"2024-07-22T10:24:38","guid":{"rendered":"https:\/\/serbenidorm.daliisolutions.com\/index.php\/2024\/07\/22\/el-pp-de-altea-denuncia-la-peligrosidad-y-mala-imagen-de-las-obras-inacabadas-de-sant-pere\/"},"modified":"2024-07-22T12:24:38","modified_gmt":"2024-07-22T10:24:38","slug":"el-pp-de-altea-denuncia-la-peligrosidad-y-mala-imagen-de-las-obras-inacabadas-de-sant-pere","status":"publish","type":"post","link":"https:\/\/serbenidorm.daliisolutions.com\/index.php\/2024\/07\/22\/el-pp-de-altea-denuncia-la-peligrosidad-y-mala-imagen-de-las-obras-inacabadas-de-sant-pere\/","title":{"rendered":"El PP de Altea denuncia la peligrosidad y mala imagen de las obras \u00abinacabadas\u00bb de Sant Pere"},"content":{"rendered":"  <p>Altea<\/p>   <p>La portavoz del Partido Popular de Altea, Roc\u00edo G\u00f3mez, ha reclamado  que se solucione \u00abde forma definitiva\u00bb la situaci\u00f3n de la calle Sant Pere \u00abeliminando el vallado y reponiendo el suelo\u00bb.<\/p>   <p>G\u00f3mez ha criticado que \u00ab<a href=\"https:\/\/cadenaser.com\/tag\/altea\/a\/\" target=\"_blank\" rel=\"noopener\">se llev\u00f3 a cabo la inauguraci\u00f3n del paseo en diciembre del 2022, con meros fines electorales, con prisas y materiales de menor calidad y con parte de las obras sin finalizar<\/a>, encontr\u00e1ndose paralizadas desde aquel momento, concretamente se trata de la actuaci\u00f3n para la instalaci\u00f3n de unos contenedores de basura soterrados, quedando en un primer lugar el hueco con el peligro que ello supon\u00eda\u00bb.<\/p>  <p><p>M\u00e1s informaci\u00f3n<\/p><figure><img loading=\"lazy\" decoding=\"async\" src=\"https:\/\/cadenaser.com\/resizer\/v2\/S5XTPHIGDNFRJB47XL7AOZEG74.jpeg?auth=2323ef151d1c96f61327cd3dd15ab8b1ffc3d67c4b57f504d595977843618dfd&amp;quality=70&amp;width=360&amp;height=202&amp;smart=true\" width=\"820\" height=\"621\" \/><\/figure><ul><li><a href=\"https:\/\/cadenaser.com\/comunitat-valenciana\/2024\/07\/22\/polop-estudia-ceder-un-terreno-para-la-construccion-de-un-nuevo-ecoparque-del-consorci-mare-radio-benidorm\/\"><span>Polop estudia ceder un terreno para la construcci\u00f3n de un nuevo ecoparque del Consorci Mare<\/span><\/a><\/li><\/ul><\/p>   <p>Los populares aseguran haber recibido multitud de quejas de vecinos, negocios de la zona y de visitantes y lamentan que, pese haber trasladado las reivindicaciones en Comisiones y otros \u00f3rganos internos del Ayuntamiento, no se ha recibido ninguna respuesta.<\/p>   <p>\u00abDos veranos ya con una imagen lamentable de nuestro frente litoral, con unas obras inacabadas, con la sensaci\u00f3n de tener un gallinero justo enfrente de los negocios y viviendas de primera l\u00ednea. Una imagen que no merece Altea ni merecemos los alteanos\u00bb, ha incidido la portavoz.<\/p>   <p>Roc\u00edo G\u00f3mez tambi\u00e9n ha insistido en que \u00abla soluci\u00f3n elegida por Comprom\u00eds y PSOE de simplemente vallar no era la soluci\u00f3n correcta, es como tratar de tapar el sol con un dedo, creando no s\u00f3lo una imagen deplorable de nuestro paseo y recordando d\u00eda tras d\u00eda que se inaugur\u00f3 sin haber finalizado las obras, sino que adem\u00e1s suponen un peligro para los ciudadanos, tanto para peatones como para bicis y veh\u00edculos que pasan por la zona\u00bb.<\/p>   <p>     .c-w{         max-width:444px;         width:100%;         margin:16px auto;      background:#00755E;         border-radius:4px;         display:flex;         align-items:center;         justify-content:center;     }     .c-w a{         display:flex;         align-items:center;         justify-content:center;         padding:4px 24px;     }     .c-w img{         width:24px;         margin-right:12px;     }     .c-w p{         font:18px\/25px Poppins;         text-align:center;         color:#fff;         margin:0;     }     @media (max-width:444px){         .c-w a{             padding:4px 12px;         }         .c-w img{             width:24px;             margin-right:8px;         }         .c-w p{             font:14px\/25px Poppins;         }     }     @media (max-width:335px){         .c-w p{             font:13px\/25px Poppins;         }     }  <div class=\"c-w\">     <a href=\"https:\/\/www.whatsapp.com\/channel\/0029Va633PF9WtC4l7XUzh1e\" target=\"_blank\" rel=\"noopener\">         <img decoding=\"async\" src=\"https:\/\/cadenaser.com\/estaticos\/recursosgraficos\/responsive\/img\/ico-whatsapp.svg\" alt=\"Whatsapp\">         <p>\u00danete al <b>canal de WhatsApp<\/b> de la SER<\/p>     <\/a> <\/div><\/p> ","protected":false},"excerpt":{"rendered":"<p>Pide que se retire el vallado<\/p>\n","protected":false},"author":0,"featured_media":7171,"comment_status":"open","ping_status":"open","sticky":false,"template":"","format":"standard","meta":{"_acf_changed":false,"footnotes":""},"categories":[1],"tags":[],"class_list":["post-7170","post","type-post","status-publish","format-standard","has-post-thumbnail","hentry","category-sin-categoria"],"acf":{"ser_id":"FQ3CPDDHBNEQXAVIR73DBHVZB4","ser_url":"https:\/\/cadenaser.com\/comunitat-valenciana\/2024\/07\/22\/el-pp-de-altea-denuncia-la-peligrosidad-y-mala-imagen-de-las-obras-inacabadas-de-sant-pere-radio-benidorm\/"},"_links":{"self":[{"href":"https:\/\/serbenidorm.daliisolutions.com\/index.php\/wp-json\/wp\/v2\/posts\/7170","targetHints":{"allow":["GET"]}}],"collection":[{"href":"https:\/\/serbenidorm.daliisolutions.com\/index.php\/wp-json\/wp\/v2\/posts"}],"about":[{"href":"https:\/\/serbenidorm.daliisolutions.com\/index.php\/wp-json\/wp\/v2\/types\/post"}],"replies":[{"embeddable":true,"href":"https:\/\/serbenidorm.daliisolutions.com\/index.php\/wp-json\/wp\/v2\/comments?post=7170"}],"version-history":[{"count":0,"href":"https:\/\/serbenidorm.daliisolutions.com\/index.php\/wp-json\/wp\/v2\/posts\/7170\/revisions"}],"wp:featuredmedia":[{"embeddable":true,"href":"https:\/\/serbenidorm.daliisolutions.com\/index.php\/wp-json\/wp\/v2\/media\/7171"}],"wp:attachment":[{"href":"https:\/\/serbenidorm.daliisolutions.com\/index.php\/wp-json\/wp\/v2\/media?parent=7170"}],"wp:term":[{"taxonomy":"category","embeddable":true,"href":"https:\/\/serbenidorm.daliisolutions.com\/index.php\/wp-json\/wp\/v2\/categories?post=7170"},{"taxonomy":"post_tag","embeddable":true,"href":"https:\/\/serbenidorm.daliisolutions.com\/index.php\/wp-json\/wp\/v2\/tags?post=7170"}],"curies":[{"name":"wp","href":"https:\/\/api.w.org\/{rel}","templated":true}]}}