{"id":7172,"date":"2024-07-22T12:24:38","date_gmt":"2024-07-22T10:24:38","guid":{"rendered":"https:\/\/serbenidorm.daliisolutions.com\/index.php\/2024\/07\/22\/cuenta-atras-para-los-moros-y-cristianos-de-villajoyosa\/"},"modified":"2024-07-22T12:24:38","modified_gmt":"2024-07-22T10:24:38","slug":"cuenta-atras-para-los-moros-y-cristianos-de-villajoyosa","status":"publish","type":"post","link":"https:\/\/serbenidorm.daliisolutions.com\/index.php\/2024\/07\/22\/cuenta-atras-para-los-moros-y-cristianos-de-villajoyosa\/","title":{"rendered":"Cuenta atr\u00e1s para los Moros y Cristianos de Villajoyosa"},"content":{"rendered":"  <p>La Vila Joiosa<\/p>   <p>Villajoyosa ya cuenta las horas para vivir su semana grande. Alrededor de 4000 festeros participar\u00e1n en las fiestas patronales de Moros y Cristianos en honor a Santa Marta declaradas de Inter\u00e9s Tur\u00edstico Internacional. Este a\u00f1o las fiestas presentan varias novedades. <\/p>   <p>Por primera vez, los desfiles moro y cristiano ser\u00e1n retransmitidos por \u00c0 Punt, la televisi\u00f3n p\u00fablica valenciana. La tarde del viernes, 26 de julio, se emitir\u00e1 el desfile moro a partir de las 17.45 horas y, a continuaci\u00f3n, a las 21.45 horas, se retransmitir\u00e1 en directo el desfile cristiano.<\/p>   <p>Otra novedad llegar\u00e1 la noche del Desembarc. Un espect\u00e1culo audiovisual de video mapping del Desembarc se proyectar\u00e1 sobre el Torrej\u00f3 de la muralla renacentista que recorre la Costera de la Mar. <a href=\"https:\/\/cadenaser.com\/tag\/vila_joiosa\/a\/\" target=\"_blank\" rel=\"noopener\">De las 00.00 a las 03.00 horas el p\u00fablico se sumergir\u00e1 en los hechos acontecidos la madrugada del 29 de julio de 1538 mediante una combinaci\u00f3n de animaci\u00f3n, luces, im\u00e1genes reales y 3D y sonido<\/a>. El Torrej\u00f3 contar\u00e1 en primera persona su testimonio de los hechos hist\u00f3ricos que fundamentan la fiesta y que se representan en el Desembarc. <\/p>  <p><figure><img loading=\"lazy\" decoding=\"async\" src=\"https:\/\/cadenaser.com\/resizer\/v2\/SUF57XLV7ZE7HLSPKXKJIKV6GQ.jpg?auth=4a2994aef5d9b96e877f7d9746d1c90ffc073c7a69e4e297a7e73b4ca06624af&amp;quality=70&amp;width=360&amp;height=202&amp;smart=true\" alt=\"Los festeros de La Vila Joiosa cargan contra el nuevo castillo de Moros y Cristianos y la pol\u00e9mica llega al pleno\" width=\"240\" height=\"135\" \/><\/figure><div><a href=\"https:\/\/cadenaser.com\/comunitat-valenciana\/2024\/07\/18\/los-festeros-de-la-vila-joiosa-cargan-contra-el-nuevo-castillo-de-moros-y-cristianos-y-la-polemica-llega-al-pleno-radio-benidorm\/\">Los festeros de La Vila Joiosa cargan contra el nuevo castillo de Moros y Cristianos y la pol\u00e9mica llega al pleno<\/a><p><\/p><\/div><\/p>   <p>Se crear\u00e1 un efecto art\u00edstico en un escenario inmersivo con el que el p\u00fablico interactuar\u00e1 a la vez que conocer\u00e1 el origen de nuestras. Esta actuaci\u00f3n, que fusiona el arte con la historia y la tecnolog\u00eda, est\u00e1 financiada por Turisme Comunitat Valenciana. La locuci\u00f3n corre a cargo de Ximo Bald\u00f3, festero y autor de la portada de la revista de las fiestas 2024, el Rey Cristiano, Maties Rom\u00e0, y el Embajador Moro, Juan Vicente Llinares.<\/p>   <p>Otras novedades de este a\u00f1o es que la bajada del ej\u00e9rcito cristiano a la playa por la Costera de la Mar a las 05.00 horas ser\u00e1 precedida por un terremoto pirot\u00e9cnico que indicar\u00e1 el toque de alarma a la poblaci\u00f3n. Previamente, el espect\u00e1culo pirot\u00e9cnico desde el mar, arrancar\u00e1 a las 03.00 horas con el disparo constante de fuegos desde 5 plataformas sobre el agua, adem\u00e1s desde los dos espigones ubicados a los dos extremos de la playa centro, cuyo efecto recrear\u00e1 a\u00fan m\u00e1s si cabe el escenario b\u00e9lico de la playa. <\/p>   <p>     .c-w{         max-width:444px;         width:100%;         margin:16px auto;      background:#00755E;         border-radius:4px;         display:flex;         align-items:center;         justify-content:center;     }     .c-w a{         display:flex;         align-items:center;         justify-content:center;         padding:4px 24px;     }     .c-w img{         width:24px;         margin-right:12px;     }     .c-w p{         font:18px\/25px Poppins;         text-align:center;         color:#fff;         margin:0;     }     @media (max-width:444px){         .c-w a{             padding:4px 12px;         }         .c-w img{             width:24px;             margin-right:8px;         }         .c-w p{             font:14px\/25px Poppins;         }     }     @media (max-width:335px){         .c-w p{             font:13px\/25px Poppins;         }     }  <div class=\"c-w\">     <a href=\"https:\/\/www.whatsapp.com\/channel\/0029Va633PF9WtC4l7XUzh1e\" target=\"_blank\" rel=\"noopener\">         <img decoding=\"async\" src=\"https:\/\/cadenaser.com\/estaticos\/recursosgraficos\/responsive\/img\/ico-whatsapp.svg\" alt=\"Whatsapp\">         <p>\u00danete al <b>canal de WhatsApp<\/b> de la SER<\/p>     <\/a> <\/div><\/p>   <p>El edil de Fiestas y de Seguridad Ciudadana, Jaime Santamar\u00eda, expone que \u201chemos trabajado a lo largo del a\u00f1o con la Asociaci\u00f3n Santa Marta para mejorar cada acto de nuestras fiestas y, sobre todo, hemos apostado por dinamizar el acto estrella e identificativo de nuestras fiestas, el Desembarc, que presentar\u00e1 novedades en cuanto a iluminaci\u00f3n y pirotecnia. Este a\u00f1o, nuestro acto m\u00e1s emblem\u00e1tico se celebrar\u00e1 la madrugada de s\u00e1bado a domingo, por lo que esperamos una mayor afluencia de p\u00fablico\u201d.<\/p>   <p>Seguridad<\/p>   <p>M\u00e1s de 200 efectivos velar\u00e1n por la seguridad de los miles de festeros y visitantes. Cada acto dispone de un plan de seguridad y emergencia, controlado por un puesto de mando avanzado en el que intervienen agentes de la Polic\u00eda Local, Guardia Civil, Servicio Mar\u00edtimo Provincial, Polic\u00eda Nacional, GEOS, Protecci\u00f3n Civil, Puntos Violeta, Bomberos, sanitarios y operarios de servicios t\u00e9cnicos y mantenimiento del Ayuntamiento de Villajoyosa. <\/p>   <p>Santamar\u00eda expone que \u201chemos reforzado a\u00fan m\u00e1s si cabe el dispositivo de seguridad y durante los d\u00edas de fiestas las calles Col\u00f3n y Constituci\u00f3n permanecer\u00e1n cerradas al tr\u00e1fico desde las 02.00 y hasta las 06.00 horas, adem\u00e1s de ampliar el servicio de limpieza viaria para garantizar a festeros y vecinos unas fiestas limpias y seguras\u201d.<\/p>   <p>Actos por streaming<\/p>   <p>Adem\u00e1s, el Ayuntamiento de Villajoyosa repartir\u00e1 entre los festeros vasos reutilizables con el fin de reducir el gasto de pl\u00e1sticos durante las fiestas y ofrecer\u00e1 todos los actos desde el 25 al 28 de julio en directo por el canal de Youtube corporativo.<\/p>   <p>El programa de actos arrancar\u00e1 la noche del 24 de julio con la entrada de bandas, en la que desfilar\u00e1n los m\u00e1s de 500 m\u00fasicos que participan en las fiestas. Los d\u00edas 25 y 26 se celebran los desfiles moro y cristiano respectivamente, que este a\u00f1o empiezan a las 21.00 horas. Las compa\u00f1\u00edas Moros del Riff y Pirates Corsaris cerrar\u00e1n sus correspondientes desfiles con unos boatos que acompa\u00f1ar\u00e1n al Rey Moro, Pablo de Torre Soler, y al Rey Cristiano, Maties Rom\u00e0 Mayor.<\/p>   <p>El s\u00e1bado 27 empezar\u00e1n los actos en la playa centro, en los son protagonistas la p\u00f3lvora y el mar. Por la tarde tendr\u00e1 lugar el Alijo de Piratas Corsarios y Contrabandistas, y la posterior Embajada Contrabandista, en la que se estrenar\u00e1 el nuevo castillo y la nueva embajadora contrabandista Claudia P\u00e9rez. A continuaci\u00f3n, se organizar\u00e1 el desfile de presentaci\u00f3n de las tropas de la media luna al Rey Moro, que concluir\u00e1 frente al castillo, donde tendr\u00e1 lugar la Embajada Beduina. En esta embajada actuar\u00e1, por primera vez, una mujer representando el cargo de embajadora beduina, Paula Lloret de Torre.<\/p>   <p>Llegada la medianoche, empezar\u00e1 la noche m\u00e1gica del Desembarc, un espect\u00e1culo de luces, fuegos, m\u00fasica y arcabuces en la playa centro que recrea los hechos acontecidos hace 486 a\u00f1os frente a la costa vilera. 25 embarcaciones sarracenas llegar\u00e1n a tierra tras la indicaci\u00f3n del Emisario del Rey Moro, representado este a\u00f1o por el moro del Riff, Miguel Lloret P\u00e9rez. Y tras el Desembarco, se celebrar\u00e1 la Embajada Mora.<\/p>   <p>Por la tarde, volver\u00e1 la contienda en la playa entre los ej\u00e9rcitos moro y cristiano y, con la Embajada Cristiana, los cristianos reconquistar\u00e1n la villa. Despu\u00e9s, todos los festeros subir\u00e1n a la iglesia de Nuestra Se\u00f1ora de la Asunci\u00f3n para dar gracias a la patrona Santa Marta por su protecci\u00f3n y explosionar\u00e1n 21 salvas en su honor.<\/p>   <p>El d\u00eda 29, festividad de Santa Marta, se celebrar\u00e1n los actos religiosos, la misa mayor y la procesi\u00f3n en la que la imagen de la patrona recorrer\u00e1 las calles del centro hist\u00f3rico. Un espectacular castillo de fuegos artificiales a las 00.30 horas pondr\u00e1 el broche final al d\u00eda grande. El d\u00eda 30 tendr\u00e1 lugar el popular concurso de paellas en el que participan las 22 compa\u00f1\u00edas, esta vez en la avenida de Benidorm, y el d\u00eda 31 los protagonistas ser\u00e1n los m\u00e1s peque\u00f1os en el desfile infantil de carrozas.<\/p>   <p>El Alcalde Marcos Zaragoza agradece la gran dedicaci\u00f3n de los miembros de la Asociaci\u00f3n Santa Marta en la organizaci\u00f3n de los actos y desea a festeros, vecinos y visitantes que disfruten de esta semana grande de las fiestas patronales que arrancar\u00e1 el mi\u00e9rcoles en el municipio.<\/p> ","protected":false},"excerpt":{"rendered":"<p>Miles de festeros se preparan para su semana grande<\/p>\n","protected":false},"author":0,"featured_media":7173,"comment_status":"open","ping_status":"open","sticky":false,"template":"","format":"standard","meta":{"_acf_changed":false,"footnotes":""},"categories":[1],"tags":[],"class_list":["post-7172","post","type-post","status-publish","format-standard","has-post-thumbnail","hentry","category-sin-categoria"],"acf":{"ser_id":"LNLON6I4KBG73DZ7TVOWPRVBOI","ser_url":"https:\/\/cadenaser.com\/comunitat-valenciana\/2024\/07\/22\/cuenta-atras-para-los-moros-y-cristianos-de-villajoyosa-radio-benidorm\/"},"_links":{"self":[{"href":"https:\/\/serbenidorm.daliisolutions.com\/index.php\/wp-json\/wp\/v2\/posts\/7172","targetHints":{"allow":["GET"]}}],"collection":[{"href":"https:\/\/serbenidorm.daliisolutions.com\/index.php\/wp-json\/wp\/v2\/posts"}],"about":[{"href":"https:\/\/serbenidorm.daliisolutions.com\/index.php\/wp-json\/wp\/v2\/types\/post"}],"replies":[{"embeddable":true,"href":"https:\/\/serbenidorm.daliisolutions.com\/index.php\/wp-json\/wp\/v2\/comments?post=7172"}],"version-history":[{"count":0,"href":"https:\/\/serbenidorm.daliisolutions.com\/index.php\/wp-json\/wp\/v2\/posts\/7172\/revisions"}],"wp:featuredmedia":[{"embeddable":true,"href":"https:\/\/serbenidorm.daliisolutions.com\/index.php\/wp-json\/wp\/v2\/media\/7173"}],"wp:attachment":[{"href":"https:\/\/serbenidorm.daliisolutions.com\/index.php\/wp-json\/wp\/v2\/media?parent=7172"}],"wp:term":[{"taxonomy":"category","embeddable":true,"href":"https:\/\/serbenidorm.daliisolutions.com\/index.php\/wp-json\/wp\/v2\/categories?post=7172"},{"taxonomy":"post_tag","embeddable":true,"href":"https:\/\/serbenidorm.daliisolutions.com\/index.php\/wp-json\/wp\/v2\/tags?post=7172"}],"curies":[{"name":"wp","href":"https:\/\/api.w.org\/{rel}","templated":true}]}}