{"id":7175,"date":"2024-07-22T15:31:34","date_gmt":"2024-07-22T13:31:34","guid":{"rendered":"https:\/\/serbenidorm.daliisolutions.com\/index.php\/2024\/07\/22\/benidorm-y-la-nucia-entre-las-subsedes-para-el-mundial-2030\/"},"modified":"2024-07-22T15:31:34","modified_gmt":"2024-07-22T13:31:34","slug":"benidorm-y-la-nucia-entre-las-subsedes-para-el-mundial-2030","status":"publish","type":"post","link":"https:\/\/serbenidorm.daliisolutions.com\/index.php\/2024\/07\/22\/benidorm-y-la-nucia-entre-las-subsedes-para-el-mundial-2030\/","title":{"rendered":"Benidorm y La Nuc\u00eda, entre las subsedes para el Mundial 2030"},"content":{"rendered":"  <p>La Marina Baixa tendr\u00e1 presencia en el Mundial de f\u00fatbol de 2030. La Federaci\u00f3n Espa\u00f1ola ha publicado el dosier de escenarios y el <a href=\"https:\/\/cadenaser.com\/tag\/benidorm\/a\/\" target=\"_blank\" rel=\"noopener\">Villaitana Football Center de Benidorm<\/a> junto a la <a href=\"https:\/\/cadenaser.com\/tag\/la_nucia\/a\/\" target=\"_blank\" rel=\"noopener\">Ciudad Deportiva Camilo Cano de La Nuc\u00eda<\/a> se cuelan entre las subsedes del torneo.<\/p>   <p>Ambos espacios, que ya han sido sedes de pretemporada para equipos como Alav\u00e9s, Stoke City, Al-Ittihad o la selecci\u00f3n de Qatar, volver\u00e1n a acoger dentro de 6 a\u00f1os a selecciones mundialistas -todav\u00eda por concretar- para preparar el torneo.<\/p>   <p>Adem\u00e1s de las dos instalaciones de la Marina Baixa, la provincia de Alicante suma una tercera subsede desde Elche con la \u201cNueva Ciudad Deportiva del Elche\u201d; por su parte Valencia cuenta con tres subsedes y Castell\u00f3n con una.<\/p>   <p>Entre los 20 estadios en los que se disputar\u00e1 dicho Mundial, Espa\u00f1a contar\u00e1 con 11, Marruecos con 6 y Portugal con 3; adem\u00e1s de las casi 50 subsedes espa\u00f1olas propuestas que puedes consultar en la web de la RFEF.<\/p>   <p>Pese a que los estadios propuestos en las candidaturas los tiene que aprobar la FIFA a finales de a\u00f1o, la Generalitat contin\u00faa exigiendo que se valore la presencia del estadio de Mestalla entre las 11 sedes espa\u00f1olas.<\/p>   <p>     .c-w{         max-width:444px;         width:100%;         margin:16px auto;      background:#00755E;         border-radius:4px;         display:flex;         align-items:center;         justify-content:center;     }     .c-w a{         display:flex;         align-items:center;         justify-content:center;         padding:4px 24px;     }     .c-w img{         width:24px;         margin-right:12px;     }     .c-w p{         font:18px\/25px Poppins;         text-align:center;         color:#fff;         margin:0;     }     @media (max-width:444px){         .c-w a{             padding:4px 12px;         }         .c-w img{             width:24px;             margin-right:8px;         }         .c-w p{             font:14px\/25px Poppins;         }     }     @media (max-width:335px){         .c-w p{             font:13px\/25px Poppins;         }     }  <div class=\"c-w\">     <a href=\"https:\/\/www.whatsapp.com\/channel\/0029Va633PF9WtC4l7XUzh1e\" target=\"_blank\" rel=\"noopener\">         <img decoding=\"async\" src=\"https:\/\/cadenaser.com\/estaticos\/recursosgraficos\/responsive\/img\/ico-whatsapp.svg\" alt=\"Whatsapp\">         <p>\u00danete al <b>canal de WhatsApp<\/b> de la SER<\/p>     <\/a> <\/div><\/p> ","protected":false},"excerpt":{"rendered":"<p>La RFEF ha publicado las sedes y subsedes donde todas las comunidades de Espa\u00f1a est\u00e1n representadas<\/p>\n","protected":false},"author":0,"featured_media":7176,"comment_status":"open","ping_status":"open","sticky":false,"template":"","format":"standard","meta":{"_acf_changed":false,"footnotes":""},"categories":[1],"tags":[],"class_list":["post-7175","post","type-post","status-publish","format-standard","has-post-thumbnail","hentry","category-sin-categoria"],"acf":{"ser_id":"U4Z7DAVEPVENVGPLXLE476K5NQ","ser_url":"https:\/\/cadenaser.com\/comunitat-valenciana\/2024\/07\/22\/benidorm-y-la-nucia-entre-las-subsedes-para-el-mundial-2030-radio-benidorm\/"},"_links":{"self":[{"href":"https:\/\/serbenidorm.daliisolutions.com\/index.php\/wp-json\/wp\/v2\/posts\/7175","targetHints":{"allow":["GET"]}}],"collection":[{"href":"https:\/\/serbenidorm.daliisolutions.com\/index.php\/wp-json\/wp\/v2\/posts"}],"about":[{"href":"https:\/\/serbenidorm.daliisolutions.com\/index.php\/wp-json\/wp\/v2\/types\/post"}],"replies":[{"embeddable":true,"href":"https:\/\/serbenidorm.daliisolutions.com\/index.php\/wp-json\/wp\/v2\/comments?post=7175"}],"version-history":[{"count":0,"href":"https:\/\/serbenidorm.daliisolutions.com\/index.php\/wp-json\/wp\/v2\/posts\/7175\/revisions"}],"wp:featuredmedia":[{"embeddable":true,"href":"https:\/\/serbenidorm.daliisolutions.com\/index.php\/wp-json\/wp\/v2\/media\/7176"}],"wp:attachment":[{"href":"https:\/\/serbenidorm.daliisolutions.com\/index.php\/wp-json\/wp\/v2\/media?parent=7175"}],"wp:term":[{"taxonomy":"category","embeddable":true,"href":"https:\/\/serbenidorm.daliisolutions.com\/index.php\/wp-json\/wp\/v2\/categories?post=7175"},{"taxonomy":"post_tag","embeddable":true,"href":"https:\/\/serbenidorm.daliisolutions.com\/index.php\/wp-json\/wp\/v2\/tags?post=7175"}],"curies":[{"name":"wp","href":"https:\/\/api.w.org\/{rel}","templated":true}]}}