{"id":719,"date":"2023-12-18T15:15:41","date_gmt":"2023-12-18T14:15:41","guid":{"rendered":"https:\/\/serbenidorm.daliisolutions.com\/index.php\/2023\/12\/18\/la-nucia-recibira-2024-con-el-inicio-de-las-obras-del-3o-colegio-el-2o-instituto-y-el-desarrollo-del-sector-serreta\/"},"modified":"2023-12-18T15:15:41","modified_gmt":"2023-12-18T14:15:41","slug":"la-nucia-recibira-2024-con-el-inicio-de-las-obras-del-3o-colegio-el-2o-instituto-y-el-desarrollo-del-sector-serreta","status":"publish","type":"post","link":"https:\/\/serbenidorm.daliisolutions.com\/index.php\/2023\/12\/18\/la-nucia-recibira-2024-con-el-inicio-de-las-obras-del-3o-colegio-el-2o-instituto-y-el-desarrollo-del-sector-serreta\/","title":{"rendered":"La Nuc\u00eda recibir\u00e1 2024 con el inicio de las obras del 3\u00ba colegio, el 2\u00ba instituto y el desarrollo del Sector Serreta"},"content":{"rendered":"  <p>La Nuc\u00eda<\/p>   <p>La Nuc\u00eda arrancar\u00e1 2024 con el inicio de las obras del tercer colegio p\u00fablico del municipio y el segundo instituto. As\u00ed lo ha confirmado <a href=\"https:\/\/cadenaser.com\/comunitat-valenciana\/2023\/05\/10\/bernabe-cano-lo-mas-importante-es-la-gestion-economica-radio-benidorm\/\" target=\"_blank\" rel=\"noopener\">el alcalde, Bernab\u00e9 Cano<\/a>, durante su encuentro con los medios para hacer balance del a\u00f1o.<\/p>   <p>El a\u00f1o que viene tambi\u00e9n ser\u00e1 el a\u00f1o en el se inicie la construcci\u00f3n del colegio privado \u201cEl Valle\u201d que estar\u00e1 ubicado en la <a href=\"https:\/\/cadenaser.com\/comunitat-valenciana\/2023\/12\/18\/la-nucia-fulmina-a-kiko-lacasa-radio-benidorm\/\" target=\"_blank\" rel=\"noopener\">Ciutat Esportiva Camilo Cano.<\/a> De hecho el alcalde afirma que, cuando est\u00e9 terminado el proyecto, la Ciutat Esportiva ser\u00e1 \u201cel \u00fanico centro deportivo de toda Espa\u00f1a\u201d en contar  con centros educativos, tanto p\u00fablicos como privados, para todos los tramos educativos. \u201cEn nuestro pa\u00eds solo tiene algo parecido la Escuela de Rafa Nadal y son solo centros privados\u201d, ha apuntado el alcalde.<\/p>   <p>2024 tambi\u00e9n ser\u00e1 \u201cel a\u00f1o clave\u201d para el desarrollo del Sector Serreta que contar\u00e1 con tres zonas comerciales de medias superficies que generar\u00e1n m\u00e1s de <a href=\"https:\/\/cadenaser.com\/comunitat-valenciana\/2023\/05\/18\/bernabe-cano-pp-presenta-el-programa-mas-social-de-la-historia-de-la-nucia-radio-benidorm\/\" target=\"_blank\" rel=\"noopener\">700 puestos de trabajo,<\/a> un complejo \u201cSenior Living\u201d con 175 viviendas, la Piscina de Olas para practicar Surf, un Complejo Deportivo Canino, un Centro de Tecnificaci\u00f3n de Golf y el desarrollo de una zona residencial que cambiar\u00e1 la fisonom\u00eda del municipio. \u201cSer\u00e1 como otra Nucia, con una extensi\u00f3n equivalente a toda la zona de El Albir\u201d, compara Cano.<\/p>   <p>En materia de infraestructuras el pr\u00f3ximo ejercicio finalizar\u00e1n las obras del nuevo dep\u00f3sito de la Red de Agua Potable de La Nuc\u00eda, la ampliaci\u00f3n de la Planta Potabilizadora, la rotonda del Tossal y la rehabilitaci\u00f3n del Cam\u00ed del Campisano.<\/p>   <p>Por \u00faltimo, Bernab\u00e9 Cano,  ha destacado otros proyectos importantes que continuar\u00e1n el a\u00f1o pr\u00f3ximo como la rehabilitacion del inmueble que albergar\u00e1 el Casal Fester o el Museo Etnogr\u00e1fico en el Captivador.  Tambi\u00e9n entrar\u00e1 en funcionamiento el Consultorio Auxiliar de Salud de Bello Horizonte, el Hotel Residencia para Deportistas y el Edificio del Esport situado junto al Estadi Olimpic. <\/p> ","protected":false},"excerpt":{"rendered":"<p>El alcalde, Bernab\u00e9 Cano, destaca que entrar\u00e1 en funcionamiento el Consultorio de Bello Horizonte y el Residencia de Deportistas<\/p>\n","protected":false},"author":0,"featured_media":720,"comment_status":"open","ping_status":"open","sticky":false,"template":"","format":"standard","meta":{"_acf_changed":false,"footnotes":""},"categories":[1],"tags":[],"class_list":["post-719","post","type-post","status-publish","format-standard","has-post-thumbnail","hentry","category-sin-categoria"],"acf":{"ser_id":"JH7L4POXF5EGFLFAWJ5XCOM7LQ","ser_url":""},"_links":{"self":[{"href":"https:\/\/serbenidorm.daliisolutions.com\/index.php\/wp-json\/wp\/v2\/posts\/719","targetHints":{"allow":["GET"]}}],"collection":[{"href":"https:\/\/serbenidorm.daliisolutions.com\/index.php\/wp-json\/wp\/v2\/posts"}],"about":[{"href":"https:\/\/serbenidorm.daliisolutions.com\/index.php\/wp-json\/wp\/v2\/types\/post"}],"replies":[{"embeddable":true,"href":"https:\/\/serbenidorm.daliisolutions.com\/index.php\/wp-json\/wp\/v2\/comments?post=719"}],"version-history":[{"count":0,"href":"https:\/\/serbenidorm.daliisolutions.com\/index.php\/wp-json\/wp\/v2\/posts\/719\/revisions"}],"wp:featuredmedia":[{"embeddable":true,"href":"https:\/\/serbenidorm.daliisolutions.com\/index.php\/wp-json\/wp\/v2\/media\/720"}],"wp:attachment":[{"href":"https:\/\/serbenidorm.daliisolutions.com\/index.php\/wp-json\/wp\/v2\/media?parent=719"}],"wp:term":[{"taxonomy":"category","embeddable":true,"href":"https:\/\/serbenidorm.daliisolutions.com\/index.php\/wp-json\/wp\/v2\/categories?post=719"},{"taxonomy":"post_tag","embeddable":true,"href":"https:\/\/serbenidorm.daliisolutions.com\/index.php\/wp-json\/wp\/v2\/tags?post=719"}],"curies":[{"name":"wp","href":"https:\/\/api.w.org\/{rel}","templated":true}]}}