{"id":7203,"date":"2024-07-23T12:48:55","date_gmt":"2024-07-23T10:48:55","guid":{"rendered":"https:\/\/serbenidorm.daliisolutions.com\/index.php\/2024\/07\/23\/asi-van-a-afectar-los-moros-y-cristianos-de-villajoyosa-al-trafico-dia-a-dia\/"},"modified":"2024-07-23T12:48:55","modified_gmt":"2024-07-23T10:48:55","slug":"asi-van-a-afectar-los-moros-y-cristianos-de-villajoyosa-al-trafico-dia-a-dia","status":"publish","type":"post","link":"https:\/\/serbenidorm.daliisolutions.com\/index.php\/2024\/07\/23\/asi-van-a-afectar-los-moros-y-cristianos-de-villajoyosa-al-trafico-dia-a-dia\/","title":{"rendered":"As\u00ed van a afectar los Moros y Cristianos de Villajoyosa al tr\u00e1fico d\u00eda a d\u00eda"},"content":{"rendered":"  <p>Villajoyosa<\/p>   <p>Durante los d\u00edas de las fiestas patronales de Moros y Cristianos habr\u00e1 diversas calles del centro urbano de Villajoyosa cortadas al tr\u00e1fico, cambio de direcciones, zonas de reserva de espacio y prohibiciones de estacionamiento debido a la instalaci\u00f3n de carpas junto a los cuarteles festeros, as\u00ed como durante la celebraci\u00f3n de los diferentes actos del programa de fiestas. <\/p>   <p>Empezando por uno de los temas m\u00e1s complicados, hay varias zonas de aparcamiento a las que se han sumado las tres nuevas parcelas en <a href=\"https:\/\/cadenaser.com\/tag\/vila_joiosa\/a\/\" target=\"_blank\" rel=\"noopener\">Barberes Sur, Poble Nou y junto al IES La Malladeta<\/a> donde se pueden estacionar alrededor de 1.000 veh\u00edculos. <\/p>  <p><figure><img loading=\"lazy\" decoding=\"async\" src=\"https:\/\/cadenaser.com\/resizer\/v2\/7GZH4F6EGNFS5NMYGXA47Q6KPU.jpg?auth=8a2c3ce4d574c737cf388cbc10dac85bb1a593167389526f323b1d5e0d492cbd&amp;quality=70&amp;width=360&amp;height=202&amp;smart=true\" alt=\"Cuenta atr\u00e1s para los Moros y Cristianos de Villajoyosa: estas son las novedades\" width=\"240\" height=\"135\" \/><\/figure><div><a href=\"https:\/\/cadenaser.com\/comunitat-valenciana\/2024\/07\/22\/cuenta-atras-para-los-moros-y-cristianos-de-villajoyosa-radio-benidorm\/\">Cuenta atr\u00e1s para los Moros y Cristianos de Villajoyosa: estas son las novedades<\/a><p><\/p><\/div><\/p>   <p>Adem\u00e1s, el servicio de transporte urbano se ampliar\u00e1 los d\u00edas 25 y 26 de julio para facilitar la asistencia del p\u00fablico a los desfiles moro y cristiano. Con motivo de la instalaci\u00f3n de las gradas para presenciar los desfiles la parada de taxis ubicada en la avenida Pa\u00eds Valenci\u00e0 se ha trasladado a la calle Huit de Maig.<\/p>   <p>Cortes<\/p>   <p>Debido a la instalaci\u00f3n de carpas junto a los cuarteles festeros permanecer\u00e1n cortadas al tr\u00e1fico la calle Ibiza, la avenida Presidente Adolfo Su\u00e1rez, la calle M\u00fasic Tito desde la calle Beata \u00c1ngeles de San Jos\u00e9, la plaza de la Comunitat n\u00ba 17 y 18, la calle F\u00e9lix Rodr\u00edguez de la Fuente, n\u00ba 5 y 7, el tramo de la calle Constituci\u00f3n comprendido entre las calles Pati Fosc i Mestre Quico Serrano,  el tramo de la calle Amadorio, desde la avenida Pianista Gonzalo Soriano y hasta la calle Jes\u00fas Urrios, el tramo de la calle Aitana desde la calle Constituci\u00f3n hasta Ram\u00f3n y Cajal y el tramo de la calle Alacant desde la intersecci\u00f3n con la avenida de Altea y la calle Jaume I. <\/p>   <p>Adem\u00e1s, se habilitar\u00e1 el \u00e1rea de estacionamiento como vial de circulaci\u00f3n en el tramo de la calle Constituci\u00f3n desde la calle Barranquet hasta la calle Pati Fosc, la calle Diputada \u00c1ngela Llinares desde la avenida Ensenyants de la Vila y la calle Alcalde Jer\u00f3nimo Rom\u00e1. Asimismo, la calle Metge Jorge Torregrosa quedar\u00e1 habilitada con doble sentido de circulaci\u00f3n al disponer de la l\u00ednea de aparcamiento como vial de circulaci\u00f3n.<\/p>   <p>     .c-w{         max-width:444px;         width:100%;         margin:16px auto;      background:#00755E;         border-radius:4px;         display:flex;         align-items:center;         justify-content:center;     }     .c-w a{         display:flex;         align-items:center;         justify-content:center;         padding:4px 24px;     }     .c-w img{         width:24px;         margin-right:12px;     }     .c-w p{         font:18px\/25px Poppins;         text-align:center;         color:#fff;         margin:0;     }     @media (max-width:444px){         .c-w a{             padding:4px 12px;         }         .c-w img{             width:24px;             margin-right:8px;         }         .c-w p{             font:14px\/25px Poppins;         }     }     @media (max-width:335px){         .c-w p{             font:13px\/25px Poppins;         }     }  <div class=\"c-w\">     <a href=\"https:\/\/www.whatsapp.com\/channel\/0029Va633PF9WtC4l7XUzh1e\" target=\"_blank\" rel=\"noopener\">         <img decoding=\"async\" src=\"https:\/\/cadenaser.com\/estaticos\/recursosgraficos\/responsive\/img\/ico-whatsapp.svg\" alt=\"Whatsapp\">         <p>\u00danete al <b>canal de WhatsApp<\/b> de la SER<\/p>     <\/a> <\/div><\/p>   <p>Con el fin de garantizar la seguridad de los festeros y visitantes, las calles Col\u00f3n y Constituci\u00f3n permanecer\u00e1n cerradas al tr\u00e1fico desde las 02.00 y hasta las 06.00 horas los d\u00edas del 24 al 28 de julio.<\/p>   <p>Cambios y cortes del mi\u00e9rcoles 24<\/p>   <p>De manera puntual y debido a la celebraci\u00f3n de los diversos actos, se cortar\u00e1n temporalmente distintas calles. El d\u00eda 24 de julio, con motivo de la Entrada de Bandas, permanecer\u00e1n cortadas las calles Ciutat de Val\u00e8ncia, avenida de Pa\u00eds Valenci\u00e0 y Barranquet desde las 19.00 y hasta las 22.00 horas. Para facilitar la accesibilidad, cambiar\u00e1 de sentido de circulaci\u00f3n la calle Pizarro durante el transcurso del evento.<\/p>   <p>Cambios y cortes del jueves y viernes<\/p>   <p>Los d\u00edas 25 y 26 de julio, cuando se celebran los desfiles moro y cristiano respectivamente, se cortar\u00e1n al tr\u00e1fico las calles Col\u00f3n y avenida del Pa\u00eds Valenci\u00e0 desde las 17.00 horas y hasta la finalizaci\u00f3n de ambos desfiles, por lo que los veh\u00edculos que circulen desde el Poble Nou en direcci\u00f3n a Benidorm, acceder\u00e1n por la calle Cervantes a la calle Antoneta para circular por el paseo de la playa centro en direcci\u00f3n contraria hacia Benidorm. <\/p>   <p>El tr\u00e1fico procedente de Benidorm se desviar\u00e1 desde la rotonda del pol\u00edgono industrial El Torres, hacia la carretera AP-1740, que discurre por el colegio p\u00fablico Hispanitat que, a su vez, facilita el acceso al centro urbano por la avenida Pianista Gonzalo Soriano y, tambi\u00e9n, a la CN-332 y A-7.<\/p>   <p>Cambios y cortes del s\u00e1bado 27<\/p>   <p>El d\u00eda 27 de julio, con motivo de la celebraci\u00f3n del Alijo de Contrabandistas y Piratas Corsarios, la Embajada Contrabandistas, el desfile de presentaci\u00f3n de las tropas al Rey Moro y la Embajada Beduina, quedar\u00e1n cortadas al tr\u00e1fico desde las 19.00 y hasta las 00.00 horas, las calles Costera de la Mar, avenida Varadero, calle Arsenal, avenida Jos\u00e9 Mar\u00eda Esquerdo y la playa centro desde la avenida Varadero hasta la calle Pelayo. <\/p>   <p>El tr\u00e1fico por las avenidas Pa\u00eds Valenci\u00e0 y del Puerto se cortar\u00e1 temporalmente durante los traslados de los festeros al puerto.<\/p>   <p>El Desembarco, en la madrugada del s\u00e1bado al domingo<\/p>   <p>La madrugada del 28 de julio empezar\u00e1n los pre\u00e1mbulos del Desembarc y la Costera de la Mar permanecer\u00e1 cerrada desde las 00.00 horas ya que de 00.00 a 03.00 horas se proyectar\u00e1 un espect\u00e1culo audiovisual de video mapping sobre el Torrej\u00f3 de la muralla.  Desde las 01.00 y hasta las 09.00 horas, se cortar\u00e1n al tr\u00e1fico las avenidas Varadero, Jos\u00e9 Mar\u00eda Esquerdo y del Port y la calle Arsenal. <\/p>   <p>El tr\u00e1fico por la avenida Pa\u00eds Valenci\u00e0 s\u00f3lo se ver\u00e1 afectado puntualmente a partir de las 03.00 horas debido al traslado de las tropas al puerto y a la Costera de la Mar. Por la tarde, con motivo de la celebraci\u00f3n de la Embajada Cristiana en la playa centro se cortar\u00e1n al tr\u00e1fico la Costera de la Mar, calle Arsenal y las avenidas Varadero y Jos\u00e9 Mar\u00eda Esquerdo desde las 19.00 y hasta las 22.00 horas. <\/p>   <p>La avenida del Pa\u00eds Valenci\u00e0 se cortar\u00e1 puntualmente con motivo de la bajada y subida de los festeros entre la playa y el centro urbano.<\/p>   <p>Cambios y cortes del lunes 29<\/p>   <p>El d\u00eda 29, festividad de Santa Marta, se cortar\u00e1 el tr\u00e1fico con motivo del recorrido de la procesi\u00f3n religiosa en honor a la patrona a partir de las 20.00 horas por la Costera de la Mar, plaza de la Generalitat, calle Arsenal y avenida Jos\u00e9 Mar\u00eda Esquerdo. <\/p>   <p>Y por la noche, con la explosi\u00f3n del castillo de fuegos artificiales, permanecer\u00e1n cortadas de 23.00 a 02.00 horas la Costera la Mar, la avenida Jos\u00e9 Mar\u00eda Esquerdo y la avenida Antoneta desde la calle Puntes del Moro.<\/p>   <p>Cambios y cortes del martes 30<\/p>   <p>El d\u00eda 30 de julio, se celebrar\u00e1 el concurso de paellas en la avenida Benidorm, que quedar\u00e1 cortada al tr\u00e1fico desde la calle Pati Fosc, desde las 11.00 y hasta las 17.00 horas.<\/p>   <p>Cambios y cortes del mi\u00e9rcoles 31<\/p>   <p>Finalmente, el d\u00eda 31 de julio, con motivo del desfile infantil de carrozas, se cortar\u00e1n, de las 20.00 a las 22.00 horas la avenida Ciudad de Requena, la calle Col\u00f3n desde la avenida Benidorm hasta Pa\u00eds Valenci\u00e0, que tambi\u00e9n estar\u00e1 cortada hasta el cruce con la calle Pizarro, la avenida Joan Carles I, Germans Aragon\u00e9s y Huit de Maig<\/p> ","protected":false},"excerpt":{"rendered":"<p>Se cortan calles, se modifica la circulaci\u00f3n de algunos viales y se cambia de ubicaci\u00f3n la parada de taxis<\/p>\n","protected":false},"author":0,"featured_media":7204,"comment_status":"open","ping_status":"open","sticky":false,"template":"","format":"standard","meta":{"_acf_changed":false,"footnotes":""},"categories":[1],"tags":[],"class_list":["post-7203","post","type-post","status-publish","format-standard","has-post-thumbnail","hentry","category-sin-categoria"],"acf":{"ser_id":"JU7VFKJSPZE2JIAW74DROOVKAA","ser_url":"https:\/\/cadenaser.com\/comunitat-valenciana\/2024\/07\/23\/asi-van-a-afectar-los-moros-y-cristianos-de-villajoyosa-al-trafico-dia-a-dia-radio-benidorm\/"},"_links":{"self":[{"href":"https:\/\/serbenidorm.daliisolutions.com\/index.php\/wp-json\/wp\/v2\/posts\/7203","targetHints":{"allow":["GET"]}}],"collection":[{"href":"https:\/\/serbenidorm.daliisolutions.com\/index.php\/wp-json\/wp\/v2\/posts"}],"about":[{"href":"https:\/\/serbenidorm.daliisolutions.com\/index.php\/wp-json\/wp\/v2\/types\/post"}],"replies":[{"embeddable":true,"href":"https:\/\/serbenidorm.daliisolutions.com\/index.php\/wp-json\/wp\/v2\/comments?post=7203"}],"version-history":[{"count":0,"href":"https:\/\/serbenidorm.daliisolutions.com\/index.php\/wp-json\/wp\/v2\/posts\/7203\/revisions"}],"wp:featuredmedia":[{"embeddable":true,"href":"https:\/\/serbenidorm.daliisolutions.com\/index.php\/wp-json\/wp\/v2\/media\/7204"}],"wp:attachment":[{"href":"https:\/\/serbenidorm.daliisolutions.com\/index.php\/wp-json\/wp\/v2\/media?parent=7203"}],"wp:term":[{"taxonomy":"category","embeddable":true,"href":"https:\/\/serbenidorm.daliisolutions.com\/index.php\/wp-json\/wp\/v2\/categories?post=7203"},{"taxonomy":"post_tag","embeddable":true,"href":"https:\/\/serbenidorm.daliisolutions.com\/index.php\/wp-json\/wp\/v2\/tags?post=7203"}],"curies":[{"name":"wp","href":"https:\/\/api.w.org\/{rel}","templated":true}]}}