{"id":7209,"date":"2024-07-23T13:06:41","date_gmt":"2024-07-23T11:06:41","guid":{"rendered":"https:\/\/serbenidorm.daliisolutions.com\/index.php\/2024\/07\/23\/un-hombre-de-85-anos-muere-en-la-playa-de-levante-de-benidorm\/"},"modified":"2024-07-23T13:06:41","modified_gmt":"2024-07-23T11:06:41","slug":"un-hombre-de-85-anos-muere-en-la-playa-de-levante-de-benidorm","status":"publish","type":"post","link":"https:\/\/serbenidorm.daliisolutions.com\/index.php\/2024\/07\/23\/un-hombre-de-85-anos-muere-en-la-playa-de-levante-de-benidorm\/","title":{"rendered":"Un hombre de 85 a\u00f1os muere en la playa de Levante de Benidorm"},"content":{"rendered":"  <p>Benidorm<\/p>   <p>Un hombre de 85 a\u00f1os ha fallecido este martes a primera hora de la ma\u00f1ana en la playa de Levante de Benidorm seg\u00fan ha confirmado a esta redacci\u00f3n la Conselleria de Sanidad. Aunque habr\u00e1 que esperar al examen forense para conocer la causa del deceso, la principal hip\u00f3tesis es que sufri\u00f3 un ahogamiento a causa de un fallo cardiaco.<\/p>   <p>El suceso, han explicado desde el servicio de Salvamento y Socorrismo de la capital tur\u00edstica, <a href=\"https:\/\/cadenaser.com\/tag\/benidorm\/a\/\" target=\"_blank\" rel=\"noopener\">ha tenido lugar unos minutos antes del inicio de la jornada para sus efectivos<\/a>, que al recibir la llamada del 112 informando del accidente, se han trasladado con celeridad a la orilla del Rinc\u00f3n de Loix para atender a la v\u00edctima.<\/p>   <p>Los socorristas han practicado al hombre la maniobra de reanimaci\u00f3n cardiopulmonar (RCP) asistidos por un desfibrilador. Los sanitarios de Emergencias han confirmado finalmente su fallecimiento.<\/p> ","protected":false},"excerpt":{"rendered":"<p>El suceso ha sido a primera hora de la ma\u00f1ana en el Rinc\u00f3n de Loix<\/p>\n","protected":false},"author":0,"featured_media":7210,"comment_status":"open","ping_status":"open","sticky":false,"template":"","format":"standard","meta":{"_acf_changed":false,"footnotes":""},"categories":[1],"tags":[],"class_list":["post-7209","post","type-post","status-publish","format-standard","has-post-thumbnail","hentry","category-sin-categoria"],"acf":{"ser_id":"73E7NTZ4XJCCZPLXXXAB4LXRII","ser_url":"https:\/\/cadenaser.com\/comunitat-valenciana\/2024\/07\/23\/un-hombre-de-85-anos-muere-en-la-playa-de-levante-de-benidorm-radio-benidorm\/"},"_links":{"self":[{"href":"https:\/\/serbenidorm.daliisolutions.com\/index.php\/wp-json\/wp\/v2\/posts\/7209","targetHints":{"allow":["GET"]}}],"collection":[{"href":"https:\/\/serbenidorm.daliisolutions.com\/index.php\/wp-json\/wp\/v2\/posts"}],"about":[{"href":"https:\/\/serbenidorm.daliisolutions.com\/index.php\/wp-json\/wp\/v2\/types\/post"}],"replies":[{"embeddable":true,"href":"https:\/\/serbenidorm.daliisolutions.com\/index.php\/wp-json\/wp\/v2\/comments?post=7209"}],"version-history":[{"count":0,"href":"https:\/\/serbenidorm.daliisolutions.com\/index.php\/wp-json\/wp\/v2\/posts\/7209\/revisions"}],"wp:featuredmedia":[{"embeddable":true,"href":"https:\/\/serbenidorm.daliisolutions.com\/index.php\/wp-json\/wp\/v2\/media\/7210"}],"wp:attachment":[{"href":"https:\/\/serbenidorm.daliisolutions.com\/index.php\/wp-json\/wp\/v2\/media?parent=7209"}],"wp:term":[{"taxonomy":"category","embeddable":true,"href":"https:\/\/serbenidorm.daliisolutions.com\/index.php\/wp-json\/wp\/v2\/categories?post=7209"},{"taxonomy":"post_tag","embeddable":true,"href":"https:\/\/serbenidorm.daliisolutions.com\/index.php\/wp-json\/wp\/v2\/tags?post=7209"}],"curies":[{"name":"wp","href":"https:\/\/api.w.org\/{rel}","templated":true}]}}