{"id":7211,"date":"2024-07-23T14:54:00","date_gmt":"2024-07-23T12:54:00","guid":{"rendered":"https:\/\/serbenidorm.daliisolutions.com\/index.php\/2024\/07\/23\/los-trabajadores-de-la-residencia-y-centro-de-dia-de-benidorm-retoman-las-protestas-hartos-de-sus-condiciones\/"},"modified":"2024-07-23T14:54:00","modified_gmt":"2024-07-23T12:54:00","slug":"los-trabajadores-de-la-residencia-y-centro-de-dia-de-benidorm-retoman-las-protestas-hartos-de-sus-condiciones","status":"publish","type":"post","link":"https:\/\/serbenidorm.daliisolutions.com\/index.php\/2024\/07\/23\/los-trabajadores-de-la-residencia-y-centro-de-dia-de-benidorm-retoman-las-protestas-hartos-de-sus-condiciones\/","title":{"rendered":"Los trabajadores de la residencia y centro de d\u00eda de Benidorm retoman las protestas hartos de sus condiciones"},"content":{"rendered":"  <p>Benidorm<\/p>   <p>Las condiciones laborales en la residencia de la tercera edad y centro de d\u00eda de Benidorm, situada en la partida de Foietes, siguen muy por debajo de lo que sus trabajadores consideran justo y vuelven a la protesta.<\/p>   <p>El contrato para su gesti\u00f3n sigue caducado y el proceso de licitaci\u00f3n contin\u00faa bloqueado por la Conselleria de Servicios Sociales, seg\u00fan ha denunciado la presidenta del comit\u00e9 de empresa Macu Valls:<a href=\"https:\/\/cadenaser.com\/tag\/benidorm\/a\/\" target=\"_blank\" rel=\"noopener\"> \u00abEstamos teniendo fuga de trabajadores por unas condiciones muy precarias; estamos muy abandonados y muy olvidados desde Conselleria, sindicatos y patronal\u00bb<\/a>.<\/p>   <p>Los empleados explican que el convenio estuvo bloqueado durante siete a\u00f1os por la patronal y que en la \u00faltima d\u00e9cada los aumentos se han quedado en un cinco por ciento. As\u00ed las cosas, la mayor\u00eda de sueldos no llegan todav\u00eda a los mil euros netos al mes, se pagan nueve euros por noche y los domingos, aseguran, no computan como festivos.<\/p>   <p>Por la equiparaci\u00f3n salarial<\/p>   <p>Valls reivindica adem\u00e1s que la administraci\u00f3n cumpla la equiparaci\u00f3n salarial con los trabajadores de las residencias p\u00fablicas: \u00abHasta que no salga a licitaci\u00f3n y no se adjudique no se puede aplicar esa tabla equiparable a la p\u00fablica; mejorar\u00eda los salarios bastante y algo nos ayudar\u00eda\u00bb, ha precisado, aunque lamenta que la Conselleria no active este proceso que afecta a toda la Comunitat Valenciana.<\/p>   <p>La representante de los trabajadores tambi\u00e9n ha explicado que la plantilla se ha quedado desfasada respecto a las necesidades actuales de este centro de Benidorm que atiende a 120 usuarios.<\/p>   <p>     .c-w{         max-width:444px;         width:100%;         margin:16px auto;      background:#00755E;         border-radius:4px;         display:flex;         align-items:center;         justify-content:center;     }     .c-w a{         display:flex;         align-items:center;         justify-content:center;         padding:4px 24px;     }     .c-w img{         width:24px;         margin-right:12px;     }     .c-w p{         font:18px\/25px Poppins;         text-align:center;         color:#fff;         margin:0;     }     @media (max-width:444px){         .c-w a{             padding:4px 12px;         }         .c-w img{             width:24px;             margin-right:8px;         }         .c-w p{             font:14px\/25px Poppins;         }     }     @media (max-width:335px){         .c-w p{             font:13px\/25px Poppins;         }     }  <div class=\"c-w\">     <a href=\"https:\/\/www.whatsapp.com\/channel\/0029Va633PF9WtC4l7XUzh1e\" target=\"_blank\" rel=\"noopener\">         <img decoding=\"async\" src=\"https:\/\/cadenaser.com\/estaticos\/recursosgraficos\/responsive\/img\/ico-whatsapp.svg\" alt=\"Whatsapp\">         <p>\u00danete al <b>canal de WhatsApp<\/b> de la SER<\/p>     <\/a> <\/div><\/p> ","protected":false},"excerpt":{"rendered":"<p>Los empleados denuncian que la gesti\u00f3n sigue caducada, la Generalitat no la licita y algunos salarios apenas alcanzan los mil euros netos<\/p>\n","protected":false},"author":0,"featured_media":7212,"comment_status":"open","ping_status":"open","sticky":false,"template":"","format":"standard","meta":{"_acf_changed":false,"footnotes":""},"categories":[1],"tags":[],"class_list":["post-7211","post","type-post","status-publish","format-standard","has-post-thumbnail","hentry","category-sin-categoria"],"acf":{"ser_id":"IQ6FGXHXABD2NN3DO7VCMMPZOI","ser_url":"https:\/\/cadenaser.com\/comunitat-valenciana\/2024\/07\/23\/los-trabajadores-de-la-residencia-y-centro-de-dia-de-benidorm-retoman-las-protestas-hartos-de-sus-condiciones-radio-benidorm\/"},"_links":{"self":[{"href":"https:\/\/serbenidorm.daliisolutions.com\/index.php\/wp-json\/wp\/v2\/posts\/7211","targetHints":{"allow":["GET"]}}],"collection":[{"href":"https:\/\/serbenidorm.daliisolutions.com\/index.php\/wp-json\/wp\/v2\/posts"}],"about":[{"href":"https:\/\/serbenidorm.daliisolutions.com\/index.php\/wp-json\/wp\/v2\/types\/post"}],"replies":[{"embeddable":true,"href":"https:\/\/serbenidorm.daliisolutions.com\/index.php\/wp-json\/wp\/v2\/comments?post=7211"}],"version-history":[{"count":0,"href":"https:\/\/serbenidorm.daliisolutions.com\/index.php\/wp-json\/wp\/v2\/posts\/7211\/revisions"}],"wp:featuredmedia":[{"embeddable":true,"href":"https:\/\/serbenidorm.daliisolutions.com\/index.php\/wp-json\/wp\/v2\/media\/7212"}],"wp:attachment":[{"href":"https:\/\/serbenidorm.daliisolutions.com\/index.php\/wp-json\/wp\/v2\/media?parent=7211"}],"wp:term":[{"taxonomy":"category","embeddable":true,"href":"https:\/\/serbenidorm.daliisolutions.com\/index.php\/wp-json\/wp\/v2\/categories?post=7211"},{"taxonomy":"post_tag","embeddable":true,"href":"https:\/\/serbenidorm.daliisolutions.com\/index.php\/wp-json\/wp\/v2\/tags?post=7211"}],"curies":[{"name":"wp","href":"https:\/\/api.w.org\/{rel}","templated":true}]}}