{"id":7243,"date":"2024-07-24T13:31:54","date_gmt":"2024-07-24T11:31:54","guid":{"rendered":"https:\/\/serbenidorm.daliisolutions.com\/index.php\/2024\/07\/24\/raluy-legacy-el-circo-mas-premiado-de-europa-llega-por-primera-vez-a-villajoyosa-para-presentar-su-nueva-produccion\/"},"modified":"2024-07-24T13:31:54","modified_gmt":"2024-07-24T11:31:54","slug":"raluy-legacy-el-circo-mas-premiado-de-europa-llega-por-primera-vez-a-villajoyosa-para-presentar-su-nueva-produccion","status":"publish","type":"post","link":"https:\/\/serbenidorm.daliisolutions.com\/index.php\/2024\/07\/24\/raluy-legacy-el-circo-mas-premiado-de-europa-llega-por-primera-vez-a-villajoyosa-para-presentar-su-nueva-produccion\/","title":{"rendered":"Raluy Legacy,  el circo m\u00e1s premiado de Europa llega por primera vez a Villajoyosa para presentar su nueva producci\u00f3n"},"content":{"rendered":"  <p>La Vila Joiosa<\/p>   <p>El pr\u00f3ximo viernes 2 de agosto, el circo m\u00e1s premiado de Europa, el Raluy Legacy, llega por primera vez a Villajoyosa y lo hace presentando su producci\u00f3n m\u00e1s atrevida y espectacular; In Art we trust que, con una puesta en escena brillante, re\u00fane a los mejores profesionales del mundo para crear arte en todas sus formas.<\/p>   <p>El Circo Raluy Legacyes uno de los \u00fanicos circos museo de Europa y el \u00fanico dirigido por dos mujeres. Cuenta con m\u00e1s de cien a\u00f1os de historia y con seis generaciones dedicadas al circo. <\/p>   <p><a href=\"https:\/\/cadenaser.com\/tag\/vila_joiosa\/a\/\" target=\"_blank\" rel=\"noopener\">Su propuesta nos sumerge en un viaje en el tiempo, a la \u00e9poca dorada del circo, con m\u00e1s de 40 carromatos de principios de 1900, en perfecto estado de restauraci\u00f3n, y un espect\u00e1culo que combina tradici\u00f3n con la m\u00e1s trepidante vanguardia del espect\u00e1culo<\/a>.<\/p>   <p>Recientemente el Circo Raluy Legacy ha sido galardonado con el Big Top Label. Es el \u00fanico circo de Espa\u00f1a en obtener este prestigioso reconocimiento que solo se otorga a los mejores circos de Europa. Con este premio, el Circo Raluy Legacy marca la historia del circo en nuestro pa\u00eds. El Big Top Label reconoce la excelencia y es considerado la \u201cEstrella Michelin\u201d de las artes circenses.<\/p>   <p>Ahora, tras el \u00e9xito sin precedente en su gira por las principales ciudades del pa\u00eds, el Circo Raluy Legacy llega a Villajoyosa con In Art we trust, el espect\u00e1culo que ya han aplaudido m\u00e1s de 350.000 personas.<\/p>   <p>     .c-w{         max-width:444px;         width:100%;         margin:16px auto;      background:#00755E;         border-radius:4px;         display:flex;         align-items:center;         justify-content:center;     }     .c-w a{         display:flex;         align-items:center;         justify-content:center;         padding:4px 24px;     }     .c-w img{         width:24px;         margin-right:12px;     }     .c-w p{         font:18px\/25px Poppins;         text-align:center;         color:#fff;         margin:0;     }     @media (max-width:444px){         .c-w a{             padding:4px 12px;         }         .c-w img{             width:24px;             margin-right:8px;         }         .c-w p{             font:14px\/25px Poppins;         }     }     @media (max-width:335px){         .c-w p{             font:13px\/25px Poppins;         }     }  <div class=\"c-w\">     <a href=\"https:\/\/www.whatsapp.com\/channel\/0029Va633PF9WtC4l7XUzh1e\" target=\"_blank\" rel=\"noopener\">         <img decoding=\"async\" src=\"https:\/\/cadenaser.com\/estaticos\/recursosgraficos\/responsive\/img\/ico-whatsapp.svg\" alt=\"Whatsapp\">         <p>\u00danete al <b>canal de WhatsApp<\/b> de la SER<\/p>     <\/a> <\/div><\/p>   <p>In Art we trust: un show sin precedentes, extravagante, arriesgado y valiente<\/p>   <p>\u00abNos hemos dejado la piel y el coraz\u00f3n en este nuevo espect\u00e1culo. Con esta producci\u00f3n hemos querido rendir homenaje al arte con el que convivimos desde hace m\u00e1s de cien a\u00f1os, las seis generaciones de la familia\u00bb, comenta Niedziela Raluy, artista y quinta generaci\u00f3n de la familia.<\/p>   <p>Ya se ha abierto la preventa de entradas en la web del circo, <a href=\"http:\/\/www.circoraluy.com\/\" rel=\"nofollow\"><u>www.circoraluy.com<\/u><\/a><u>,<\/u> con importantes descuentos.<\/p> ","protected":false},"excerpt":{"rendered":"<p>Se ubicar\u00e1 en la calle Cervantes a partir del 2 de agosto<\/p>\n","protected":false},"author":0,"featured_media":7244,"comment_status":"open","ping_status":"open","sticky":false,"template":"","format":"standard","meta":{"_acf_changed":false,"footnotes":""},"categories":[1],"tags":[],"class_list":["post-7243","post","type-post","status-publish","format-standard","has-post-thumbnail","hentry","category-sin-categoria"],"acf":{"ser_id":"KG2TERVZL5FSLDDCLA2UG3LZSM","ser_url":"https:\/\/cadenaser.com\/comunitat-valenciana\/2024\/07\/24\/raluy-legacy-el-circo-mas-premiado-de-europa-llega-por-primera-vez-a-villajoyosa-para-presentar-su-nueva-produccion-radio-benidorm\/"},"_links":{"self":[{"href":"https:\/\/serbenidorm.daliisolutions.com\/index.php\/wp-json\/wp\/v2\/posts\/7243","targetHints":{"allow":["GET"]}}],"collection":[{"href":"https:\/\/serbenidorm.daliisolutions.com\/index.php\/wp-json\/wp\/v2\/posts"}],"about":[{"href":"https:\/\/serbenidorm.daliisolutions.com\/index.php\/wp-json\/wp\/v2\/types\/post"}],"replies":[{"embeddable":true,"href":"https:\/\/serbenidorm.daliisolutions.com\/index.php\/wp-json\/wp\/v2\/comments?post=7243"}],"version-history":[{"count":0,"href":"https:\/\/serbenidorm.daliisolutions.com\/index.php\/wp-json\/wp\/v2\/posts\/7243\/revisions"}],"wp:featuredmedia":[{"embeddable":true,"href":"https:\/\/serbenidorm.daliisolutions.com\/index.php\/wp-json\/wp\/v2\/media\/7244"}],"wp:attachment":[{"href":"https:\/\/serbenidorm.daliisolutions.com\/index.php\/wp-json\/wp\/v2\/media?parent=7243"}],"wp:term":[{"taxonomy":"category","embeddable":true,"href":"https:\/\/serbenidorm.daliisolutions.com\/index.php\/wp-json\/wp\/v2\/categories?post=7243"},{"taxonomy":"post_tag","embeddable":true,"href":"https:\/\/serbenidorm.daliisolutions.com\/index.php\/wp-json\/wp\/v2\/tags?post=7243"}],"curies":[{"name":"wp","href":"https:\/\/api.w.org\/{rel}","templated":true}]}}