{"id":7245,"date":"2024-07-24T13:41:31","date_gmt":"2024-07-24T11:41:31","guid":{"rendered":"https:\/\/serbenidorm.daliisolutions.com\/index.php\/2024\/07\/24\/vuelve-a-aqua-natura-la-fiesta-de-los-40\/"},"modified":"2024-07-24T13:41:31","modified_gmt":"2024-07-24T11:41:31","slug":"vuelve-a-aqua-natura-la-fiesta-de-los-40","status":"publish","type":"post","link":"https:\/\/serbenidorm.daliisolutions.com\/index.php\/2024\/07\/24\/vuelve-a-aqua-natura-la-fiesta-de-los-40\/","title":{"rendered":"Vuelve a Aqua Natura la Fiesta de los 40"},"content":{"rendered":"  <p>Benidorm<\/p>   <p>Vuelve un a\u00f1o m\u00e1s al parque acu\u00e1tico de Benidorm, Aqua Natura, la fiesta tem\u00e1tica de<a href=\"\/\/radiobenidorm.es\" rel=\"nofollow noopener\" target=\"_blank\"> Los 40 <\/a>en una jornada de diversi\u00f3n acu\u00e1tica para toda la familia y animaci\u00f3n a cargo de los DJ m\u00e1s reconocidos de Los 40.<\/p>   <p>Dani Moreno \u201cel Gallo\u201d, San Bernardino y Aitor Belda vuelve a Benidorm para convertir la piscina central de <a href=\"https:\/\/cadenaser.com\/comunitat-valenciana\/2024\/06\/06\/terra-natura-y-aqua-natura-se-sumergen-en-la-temporada-estival-con-amplia-oferta-para-todos-los-publicos-radio-alcoy\/\" target=\"_blank\" rel=\"noopener\">Aqua Natura<\/a> en una gran pista de baile desde las 11 de la ma\u00f1ana hasta el cierre del parque a las 7 de la tarde.<\/p>   <p>El<a href=\"https:\/\/cadenaser.com\/comunitat-valenciana\/2023\/03\/24\/aqua-natura-benidorm-amplia-sus-instalaciones-con-la-creacion-de-una-nueva-zona-de-aventura-interactiva-familiar-radio-benidorm\/\" target=\"_blank\" rel=\"noopener\"> subdirector del parque, Javier Zapata, <\/a>ha explicado en <a href=\"\/\/radiobenidorm.es\" rel=\"nofollow noopener\" target=\"_blank\">Hoy por Hoy Benidorm<\/a> que se trata de \u201cuna fiesta para toda la familia\u201d en la que habr\u00e1 \u201cmuchas sorpresas\u201d como \u201cuna pista americana, talleres para ni\u00f1os, demostraci\u00f3n de nado de sirenas y tritones y una gran fiesta de la espuma\u201d.<\/p>  <p><figure><img loading=\"lazy\" decoding=\"async\" src=\"https:\/\/cadenaser.com\/resizer\/v2\/SBPQQPPY5VC3TE3OKKDXGIUG4A.jpg?auth=69ecaecb981944e5ea7f38960c1a71ff2edbccd86444b0d4fcf5526dce602420&amp;quality=70&amp;width=650&amp;height=365&amp;smart=true\" width=\"16\" height=\"9\" \/><\/figure><button class=\"bt-am\">Ampliar<\/button><\/p>   <p>Por su parte el DJ de Los 40,<a href=\"https:\/\/cadenaser.com\/audio\/1720527472598\/\" target=\"_blank\" rel=\"noopener\"> Aitor Belda<\/a>, asegura que ya lo tiene \u201ctodo preparado\u201d para animar la pista de baile acu\u00e1tica \u201ccon una m\u00fasica muy fresca que va a gustar a padres e hijos y que va a conseguir cambiar los saltos por chapoteos y donde la diversi\u00f3n est\u00e1 asegurada\u201d.<\/p>   <p>Zapata recomienda acudir al parque con \u201cropa c\u00f3moda, protector solar y muchas ganas de divertirse y pasarlo bien en familia\u201d.<\/p>   <p>     .c-w{         max-width:444px;         width:100%;         margin:16px auto;      background:#00755E;         border-radius:4px;         display:flex;         align-items:center;         justify-content:center;     }     .c-w a{         display:flex;         align-items:center;         justify-content:center;         padding:4px 24px;     }     .c-w img{         width:24px;         margin-right:12px;     }     .c-w p{         font:18px\/25px Poppins;         text-align:center;         color:#fff;         margin:0;     }     @media (max-width:444px){         .c-w a{             padding:4px 12px;         }         .c-w img{             width:24px;             margin-right:8px;         }         .c-w p{             font:14px\/25px Poppins;         }     }     @media (max-width:335px){         .c-w p{             font:13px\/25px Poppins;         }     }  <div class=\"c-w\">     <a href=\"https:\/\/www.whatsapp.com\/channel\/0029Va633PF9WtC4l7XUzh1e\" target=\"_blank\" rel=\"noopener\">         <img decoding=\"async\" src=\"https:\/\/cadenaser.com\/estaticos\/recursosgraficos\/responsive\/img\/ico-whatsapp.svg\" alt=\"Whatsapp\">         <p>\u00danete al <b>canal de WhatsApp<\/b> de la SER<\/p>     <\/a> <\/div><\/p> ","protected":false},"excerpt":{"rendered":"<p>Ese s\u00e1bado 27 Dani Moreno, San Bernardino y Aitor Belda amenizar\u00e1n una jornada familiar en este parque acu\u00e1tico con m\u00fasica y muchas sorpresas<\/p>\n","protected":false},"author":0,"featured_media":7246,"comment_status":"open","ping_status":"open","sticky":false,"template":"","format":"standard","meta":{"_acf_changed":false,"footnotes":""},"categories":[1],"tags":[],"class_list":["post-7245","post","type-post","status-publish","format-standard","has-post-thumbnail","hentry","category-sin-categoria"],"acf":{"ser_id":"HKFYRNOTFBFD3MMZVEZLB44HSI","ser_url":"https:\/\/cadenaser.com\/comunitat-valenciana\/2024\/07\/24\/vuelve-a-aqua-natura-la-fiesta-de-los-40-radio-benidorm\/"},"_links":{"self":[{"href":"https:\/\/serbenidorm.daliisolutions.com\/index.php\/wp-json\/wp\/v2\/posts\/7245","targetHints":{"allow":["GET"]}}],"collection":[{"href":"https:\/\/serbenidorm.daliisolutions.com\/index.php\/wp-json\/wp\/v2\/posts"}],"about":[{"href":"https:\/\/serbenidorm.daliisolutions.com\/index.php\/wp-json\/wp\/v2\/types\/post"}],"replies":[{"embeddable":true,"href":"https:\/\/serbenidorm.daliisolutions.com\/index.php\/wp-json\/wp\/v2\/comments?post=7245"}],"version-history":[{"count":0,"href":"https:\/\/serbenidorm.daliisolutions.com\/index.php\/wp-json\/wp\/v2\/posts\/7245\/revisions"}],"wp:featuredmedia":[{"embeddable":true,"href":"https:\/\/serbenidorm.daliisolutions.com\/index.php\/wp-json\/wp\/v2\/media\/7246"}],"wp:attachment":[{"href":"https:\/\/serbenidorm.daliisolutions.com\/index.php\/wp-json\/wp\/v2\/media?parent=7245"}],"wp:term":[{"taxonomy":"category","embeddable":true,"href":"https:\/\/serbenidorm.daliisolutions.com\/index.php\/wp-json\/wp\/v2\/categories?post=7245"},{"taxonomy":"post_tag","embeddable":true,"href":"https:\/\/serbenidorm.daliisolutions.com\/index.php\/wp-json\/wp\/v2\/tags?post=7245"}],"curies":[{"name":"wp","href":"https:\/\/api.w.org\/{rel}","templated":true}]}}