{"id":7250,"date":"2024-07-24T14:53:24","date_gmt":"2024-07-24T12:53:24","guid":{"rendered":"https:\/\/serbenidorm.daliisolutions.com\/index.php\/2024\/07\/24\/benidorm-celebra-el-dia-de-sant-jaume-presentado-el-cartel-anunciador-de-las-proximas-fiestas-patronales\/"},"modified":"2024-07-24T14:53:24","modified_gmt":"2024-07-24T12:53:24","slug":"benidorm-celebra-el-dia-de-sant-jaume-presentado-el-cartel-anunciador-de-las-proximas-fiestas-patronales","status":"publish","type":"post","link":"https:\/\/serbenidorm.daliisolutions.com\/index.php\/2024\/07\/24\/benidorm-celebra-el-dia-de-sant-jaume-presentado-el-cartel-anunciador-de-las-proximas-fiestas-patronales\/","title":{"rendered":"Benidorm celebra el d\u00eda de Sant Jaume presentado el cartel anunciador de las pr\u00f3ximas Fiestas Patronales"},"content":{"rendered":"  <p>Benidorm<\/p>   <p>Benidorm celebrar\u00e1 ma\u00f1ana jueves el d\u00eda de Sant Jaume, patr\u00f3n de la ciudad junto con la Virgen del Sufragio, con un programa de actos que servir\u00e1 para presentar el cartel anunciador de las que ser\u00e1n <a href=\"https:\/\/cadenaser.com\/tag\/benidorm\/a\/\" target=\"_blank\" rel=\"noopener\">las pr\u00f3ximas Fiestas Mayores Patronales de la ciudad que se celebran el segundo fin de semana del mes de noviembre<\/a>.<\/p>   <p>Los actos conmemorativos de la festividad de Sant Jaume Ap\u00f2stol, organizados por la Comissi\u00f3 de Festes Majors Patronals, en colaboraci\u00f3n con la Concejal\u00eda de Fiestas arrancar\u00e1n con un pasacalles a las 11.30 horas que partir\u00e1 desde la Casa del Fester hasta la plaza de la Senyor\u00eda junto a la iglesia de Sant Jaume i Santa Anna. All\u00ed se realizar\u00e1 un volteo general de campanas con disparo de bombardeo a\u00e9reo para anunciar la jornada festiva.<\/p>   <p>A las 18:30 horas se retomar\u00e1 la actividad con otro pasacalles desde la Casa del Fester hasta la sede la Asociaci\u00f3n Cultural y Recreativa La  Barqueta, donde los mayorales recoger\u00e1n la imagen de Sant Jaume para llevarla en pasacalles por el centro de la ciudad.<\/p>   <p>A las 19.30 horas, todo el cortejo har\u00e1 una parada en la plaza del Torrej\u00f3, lugar en el que se dar\u00e1 a conocer el cartel anunciador de las Festes Majors Patronals, que se celebran del 9 al 13 de noviembre. Esta imagen adem\u00e1s ser\u00e1 la que la Comissi\u00f3 utilizar\u00e1 como portada de la Revista Oficial de las fiestas de 2024.<\/p>   <p>Estampeta y Peuet<\/p>   <p>La jornada continuar\u00e1 con una misa a las 20.30 horas en la iglesia de  Sant Jaume y Santa Anna, el encendido de la \u201cEstampeta\u201d en honor al  atr\u00f3n, el tradicional \u201cball del Peuet\u201d por parte de las damas y reinas de las fiestas y el disparo de un castillo de fuegos artificiales.<\/p>   <p>     .c-w{         max-width:444px;         width:100%;         margin:16px auto;      background:#00755E;         border-radius:4px;         display:flex;         align-items:center;         justify-content:center;     }     .c-w a{         display:flex;         align-items:center;         justify-content:center;         padding:4px 24px;     }     .c-w img{         width:24px;         margin-right:12px;     }     .c-w p{         font:18px\/25px Poppins;         text-align:center;         color:#fff;         margin:0;     }     @media (max-width:444px){         .c-w a{             padding:4px 12px;         }         .c-w img{             width:24px;             margin-right:8px;         }         .c-w p{             font:14px\/25px Poppins;         }     }     @media (max-width:335px){         .c-w p{             font:13px\/25px Poppins;         }     }  <div class=\"c-w\">     <a href=\"https:\/\/www.whatsapp.com\/channel\/0029Va633PF9WtC4l7XUzh1e\" target=\"_blank\" rel=\"noopener\">         <img decoding=\"async\" src=\"https:\/\/cadenaser.com\/estaticos\/recursosgraficos\/responsive\/img\/ico-whatsapp.svg\" alt=\"Whatsapp\">         <p>\u00danete al <b>canal de WhatsApp<\/b> de la SER<\/p>     <\/a> <\/div><\/p>   <p>El programa de actos en honor a Sant Jaume finalizar\u00e1 con una verbena popular en El Castell, organizada por los mayorales de la Comissi\u00f3 de Festes.<\/p>   <p>Tras la jornada festiva del jueves, se pondr\u00e1 punto y final a las celebraciones el pr\u00f3ximo s\u00e1bado, 3 de agosto, con un concierto conmemorativo que la ACR La Barqueta dedicar\u00e1 a San Jaime Ap\u00f3stol, en la iglesia de Sant Jaume y Santa Anna.<\/p> ","protected":false},"excerpt":{"rendered":"<p>Jueves de tradiciones en la capital tur\u00edstica que rematar\u00e1 una verbena en El Castell<\/p>\n","protected":false},"author":0,"featured_media":7251,"comment_status":"open","ping_status":"open","sticky":false,"template":"","format":"standard","meta":{"_acf_changed":false,"footnotes":""},"categories":[1],"tags":[],"class_list":["post-7250","post","type-post","status-publish","format-standard","has-post-thumbnail","hentry","category-sin-categoria"],"acf":{"ser_id":"JJREKVD5EBANJJRRE3MZ7D24FU","ser_url":"https:\/\/cadenaser.com\/comunitat-valenciana\/2024\/07\/24\/benidorm-celebra-el-dia-de-sant-jaume-presentado-el-cartel-anunciador-de-las-proximas-fiestas-patronales-radio-benidorm\/"},"_links":{"self":[{"href":"https:\/\/serbenidorm.daliisolutions.com\/index.php\/wp-json\/wp\/v2\/posts\/7250","targetHints":{"allow":["GET"]}}],"collection":[{"href":"https:\/\/serbenidorm.daliisolutions.com\/index.php\/wp-json\/wp\/v2\/posts"}],"about":[{"href":"https:\/\/serbenidorm.daliisolutions.com\/index.php\/wp-json\/wp\/v2\/types\/post"}],"replies":[{"embeddable":true,"href":"https:\/\/serbenidorm.daliisolutions.com\/index.php\/wp-json\/wp\/v2\/comments?post=7250"}],"version-history":[{"count":0,"href":"https:\/\/serbenidorm.daliisolutions.com\/index.php\/wp-json\/wp\/v2\/posts\/7250\/revisions"}],"wp:featuredmedia":[{"embeddable":true,"href":"https:\/\/serbenidorm.daliisolutions.com\/index.php\/wp-json\/wp\/v2\/media\/7251"}],"wp:attachment":[{"href":"https:\/\/serbenidorm.daliisolutions.com\/index.php\/wp-json\/wp\/v2\/media?parent=7250"}],"wp:term":[{"taxonomy":"category","embeddable":true,"href":"https:\/\/serbenidorm.daliisolutions.com\/index.php\/wp-json\/wp\/v2\/categories?post=7250"},{"taxonomy":"post_tag","embeddable":true,"href":"https:\/\/serbenidorm.daliisolutions.com\/index.php\/wp-json\/wp\/v2\/tags?post=7250"}],"curies":[{"name":"wp","href":"https:\/\/api.w.org\/{rel}","templated":true}]}}