{"id":7270,"date":"2024-07-25T12:50:10","date_gmt":"2024-07-25T10:50:10","guid":{"rendered":"https:\/\/serbenidorm.daliisolutions.com\/index.php\/2024\/07\/25\/benidorm-quinto-destino-de-espana-con-mas-pernoctaciones-en-el-primer-semestre-del-ano\/"},"modified":"2024-07-25T12:50:10","modified_gmt":"2024-07-25T10:50:10","slug":"benidorm-quinto-destino-de-espana-con-mas-pernoctaciones-en-el-primer-semestre-del-ano","status":"publish","type":"post","link":"https:\/\/serbenidorm.daliisolutions.com\/index.php\/2024\/07\/25\/benidorm-quinto-destino-de-espana-con-mas-pernoctaciones-en-el-primer-semestre-del-ano\/","title":{"rendered":"Benidorm, quinto destino de Espa\u00f1a con m\u00e1s pernoctaciones en el primer semestre del a\u00f1o"},"content":{"rendered":"  <p>Benidorm<\/p>   <p>Con m\u00e1s de cinco millones de pernoctaciones Benidorm se posicion\u00f3 como quinto destino nacional durante el primer semestre del a\u00f1o. As\u00ed lo reflejo el informe final de la patronal hotelera Hosbec.<\/p>   <p>Un informe que refleja un incremento del 8,5 % en la capital tur\u00edstica de la Comunitat Valenciana respecto al mismo periodo del a\u00f1o anterior. <a href=\"https:\/\/cadenaser.com\/tag\/benidorm\/a\/\" target=\"_blank\" rel=\"noopener\">De enero hasta junio el mercado internacional tir\u00f3 de ese aumento creciendo hasta un 15 % y representando aproximadamente el 55 % del total de viajeros hospedados en los hoteles de la ciudad<\/a>. <\/p>  <p><p>M\u00e1s informaci\u00f3n<\/p><figure><img loading=\"lazy\" decoding=\"async\" src=\"https:\/\/cadenaser.com\/resizer\/v2\/HNSTUATFOIUJYA6AN5GCZBMJZ4.jpg?auth=dd504d09feb250fdeabaa89a4adcb50683a8dc04ea80796215b37c90a3f9ee89&amp;quality=70&amp;width=360&amp;height=202&amp;smart=true\" width=\"820\" height=\"621\" \/><\/figure><ul><li><a href=\"https:\/\/cadenaser.com\/comunitat-valenciana\/2024\/07\/18\/la-ocupacion-hotelera-de-benidorm-en-la-primera-quincena-de-julio-fue-casi-dos-puntos-mas-baja-que-en-2023-radio-benidorm\/\"><span>La ocupaci\u00f3n hotelera de Benidorm en la primera quincena de julio fue casi dos puntos m\u00e1s baja que en 2023<\/span><\/a><\/li><\/ul><\/p>   <p>Maite Garc\u00eda, secretaria general de Hosbec, ha celebrado los pasos que se van dando hacia la desestacionalizaci\u00f3n: \u00abM\u00e1s de 4,6 millones de turistas han escogido los hoteles de la Comunidad Valenciana para alojarse durante los seis primeros meses del 2024, incrementando los datos del ejercicio anterior en un 5,4 %\u00bb.<\/p>   <p>Hoteles menos rentables que la media nacional<\/p>   <p>No obstante, los datos medios del primer semestre de la Comunitat Valenciana, explican desde Hosbec, todav\u00eda se encuentran alejados de los datos nacionales con tarifas medias inferiores al 20% e ingresos por habitaci\u00f3n inferiores al 18%.<\/p> ","protected":false},"excerpt":{"rendered":"<p>M\u00e1s de cinco millones de alojamientos en hoteles de enero a junio<\/p>\n","protected":false},"author":0,"featured_media":7271,"comment_status":"open","ping_status":"open","sticky":false,"template":"","format":"standard","meta":{"_acf_changed":false,"footnotes":""},"categories":[1],"tags":[],"class_list":["post-7270","post","type-post","status-publish","format-standard","has-post-thumbnail","hentry","category-sin-categoria"],"acf":{"ser_id":"CQCSUK6CLJD7RNZVZZPC7OQHIE","ser_url":"https:\/\/cadenaser.com\/comunitat-valenciana\/2024\/07\/25\/benidorm-quinto-destino-de-espana-con-mas-pernoctaciones-en-el-primer-semestre-del-ano-radio-benidorm\/"},"_links":{"self":[{"href":"https:\/\/serbenidorm.daliisolutions.com\/index.php\/wp-json\/wp\/v2\/posts\/7270","targetHints":{"allow":["GET"]}}],"collection":[{"href":"https:\/\/serbenidorm.daliisolutions.com\/index.php\/wp-json\/wp\/v2\/posts"}],"about":[{"href":"https:\/\/serbenidorm.daliisolutions.com\/index.php\/wp-json\/wp\/v2\/types\/post"}],"replies":[{"embeddable":true,"href":"https:\/\/serbenidorm.daliisolutions.com\/index.php\/wp-json\/wp\/v2\/comments?post=7270"}],"version-history":[{"count":0,"href":"https:\/\/serbenidorm.daliisolutions.com\/index.php\/wp-json\/wp\/v2\/posts\/7270\/revisions"}],"wp:featuredmedia":[{"embeddable":true,"href":"https:\/\/serbenidorm.daliisolutions.com\/index.php\/wp-json\/wp\/v2\/media\/7271"}],"wp:attachment":[{"href":"https:\/\/serbenidorm.daliisolutions.com\/index.php\/wp-json\/wp\/v2\/media?parent=7270"}],"wp:term":[{"taxonomy":"category","embeddable":true,"href":"https:\/\/serbenidorm.daliisolutions.com\/index.php\/wp-json\/wp\/v2\/categories?post=7270"},{"taxonomy":"post_tag","embeddable":true,"href":"https:\/\/serbenidorm.daliisolutions.com\/index.php\/wp-json\/wp\/v2\/tags?post=7270"}],"curies":[{"name":"wp","href":"https:\/\/api.w.org\/{rel}","templated":true}]}}