{"id":7273,"date":"2024-07-25T14:50:48","date_gmt":"2024-07-25T12:50:48","guid":{"rendered":"https:\/\/serbenidorm.daliisolutions.com\/index.php\/2024\/07\/25\/el-low-festival-calienta-motores-en-benidorm-con-un-dispositivo-de-seguridad-de-mas-de-200-efectivos\/"},"modified":"2024-07-25T14:50:48","modified_gmt":"2024-07-25T12:50:48","slug":"el-low-festival-calienta-motores-en-benidorm-con-un-dispositivo-de-seguridad-de-mas-de-200-efectivos","status":"publish","type":"post","link":"https:\/\/serbenidorm.daliisolutions.com\/index.php\/2024\/07\/25\/el-low-festival-calienta-motores-en-benidorm-con-un-dispositivo-de-seguridad-de-mas-de-200-efectivos\/","title":{"rendered":"El Low Festival calienta motores en Benidorm con un dispositivo de seguridad de m\u00e1s de 200 efectivos"},"content":{"rendered":"  <p>Benidorm<\/p>   <p>Un dispositivo con m\u00e1s de 200 efectivos velar\u00e1 por la seguridad del Low Festival que se celebra este fin de semana del 26 al 28 de julio en Benidorm en la Ciudad Deportiva Guillermo Amor.<\/p>   <p>As\u00ed lo ha explicado el<a href=\"https:\/\/cadenaser.com\/comunitat-valenciana\/2024\/02\/05\/el-ayuntamiento-busca-a-medio-plazo-una-nueva-ubicacion-para-el-benidorm-fest-radio-benidorm\/\" target=\"_blank\" rel=\"noopener\"> edil de Eventos, Jes\u00fas Carrobles<\/a>, a Hoy por Hoy Benidorm tras la reuni\u00f3n celebrada por la Junta de Seguridad Local. Un dispositivo en el que, por primera vez, participa la Polic\u00eda Auton\u00f3mica y que supondr\u00e1 un refuerzo en la Polic\u00eda Local que duplicar\u00e1 efectivos en cada servicio ademas del utilizar agentes caninos y la unidad de drones. Tambi\u00e9n velar\u00e1 por la seguridad un dispositivo especial de la Unidad de Prevenci\u00f3n y Reacci\u00f3n y el Grupo de Respuesta y Prevenci\u00f3n de la Polic\u00eda Nacional, voluntarios de Protecci\u00f3n Civil y efectivos del Consorcio Provincial de Bomberos.<\/p>   <p>Adem\u00e1s el dispositivo incluye la presencia de 28 vigilantes de seguridad privada, 108 auxiliares, cuatro ambulancias, dos m\u00e9dicos y cuatro enfermeros para prestar atenci\u00f3n en los diferentes escenarios, dos socorristas en la zona de la piscinas, 9 SEAS (Servicio Espec\u00edfico de Admisi\u00f3n) y un plan de autoprotecci\u00f3n dise\u00f1ado espec\u00edficamente para el evento.<\/p>   <p>Una edici\u00f3n del Low Festival por la que se espera que pasen m\u00e1s de 23.000 personas cada una de las tres jornadas de conciertos. El recinto contar\u00e1 con cuatro escenarios, uno de ellos bautizado como \u201cI Love Benidorm\u201d y patrocinado por el Ayuntamiento de la ciudad, dedicado a m\u00fasica de DJ. Por los otros tres escenarios pasar\u00e1n bandas tan reconocidas como Pixies, Amaral, Mikel Izal, Arde Bogot\u00e1, Ojete Calor, Sidonie, La La Love You, Suede, La Casa Azul o Ni\u00f1os Mutantes, entre muchos otros.<\/p>   <p><a href=\"https:\/\/cadenaser.com\/comunitat-valenciana\/2023\/12\/20\/low-festival-2024-en-benidorm-arde-bogota-o-sidonie-se-suman-al-cartel-radio-benidorm\/\" target=\"_blank\" rel=\"noopener\">M\u00e1s de 20 actuaciones diarias <\/a>para deleitar a los \u201clowers\u201d que tambi\u00e9n contar\u00e1n con zonas de descanso, \u00e1rea food truck, zona de merchandising y una piscina para los que hayan adquirido el abono Vip Pool.<\/p>   <p>     .c-w{         max-width:444px;         width:100%;         margin:16px auto;      background:#00755E;         border-radius:4px;         display:flex;         align-items:center;         justify-content:center;     }     .c-w a{         display:flex;         align-items:center;         justify-content:center;         padding:4px 24px;     }     .c-w img{         width:24px;         margin-right:12px;     }     .c-w p{         font:18px\/25px Poppins;         text-align:center;         color:#fff;         margin:0;     }     @media (max-width:444px){         .c-w a{             padding:4px 12px;         }         .c-w img{             width:24px;             margin-right:8px;         }         .c-w p{             font:14px\/25px Poppins;         }     }     @media (max-width:335px){         .c-w p{             font:13px\/25px Poppins;         }     }  <div class=\"c-w\">     <a href=\"https:\/\/www.whatsapp.com\/channel\/0029Va633PF9WtC4l7XUzh1e\" target=\"_blank\" rel=\"noopener\">         <img decoding=\"async\" src=\"https:\/\/cadenaser.com\/estaticos\/recursosgraficos\/responsive\/img\/ico-whatsapp.svg\" alt=\"Whatsapp\">         <p>\u00danete al <b>canal de WhatsApp<\/b> de la SER<\/p>     <\/a> <\/div><\/p>   <p>Este a\u00f1o el festival ha reforzado su apuesta por la sostenibilidad incrementando el n\u00famero de placas solares con las que se abastecer\u00e1 de energ\u00eda parte del escenario 2 y parte del alumbrado del recinto. Ademas el evento est\u00e1 aumentado cada vez m\u00e1s el n\u00famero de ba\u00f1os conectados a la red de saneamiento, para poder ir retirando ba\u00f1os qu\u00edmicos, y fomenta la reutilizaci\u00f3n de vasos para evitar un consumo excesivo de pl\u00e1stico, adem\u00e1s de colocar fuentes de agua en detrimento del agua embotellada.<\/p> ","protected":false},"excerpt":{"rendered":"<p>M\u00e1s de 23.000 \u00ablowers\u00bb pasar\u00e1n diariamente por los cuatro escenarios ubicados en la Ciudad Deportiva Guillermo Amor del 26 al 28 de julio<\/p>\n","protected":false},"author":0,"featured_media":7274,"comment_status":"open","ping_status":"open","sticky":false,"template":"","format":"standard","meta":{"_acf_changed":false,"footnotes":""},"categories":[1],"tags":[],"class_list":["post-7273","post","type-post","status-publish","format-standard","has-post-thumbnail","hentry","category-sin-categoria"],"acf":{"ser_id":"PHHF7UMA5JCQ5MIZWZNQTP77LA","ser_url":"https:\/\/cadenaser.com\/comunitat-valenciana\/2024\/07\/25\/el-low-festival-calienta-motores-en-benidorm-con-un-dispositivo-de-seguridad-de-mas-de-200-efectivos-radio-benidorm\/"},"_links":{"self":[{"href":"https:\/\/serbenidorm.daliisolutions.com\/index.php\/wp-json\/wp\/v2\/posts\/7273","targetHints":{"allow":["GET"]}}],"collection":[{"href":"https:\/\/serbenidorm.daliisolutions.com\/index.php\/wp-json\/wp\/v2\/posts"}],"about":[{"href":"https:\/\/serbenidorm.daliisolutions.com\/index.php\/wp-json\/wp\/v2\/types\/post"}],"replies":[{"embeddable":true,"href":"https:\/\/serbenidorm.daliisolutions.com\/index.php\/wp-json\/wp\/v2\/comments?post=7273"}],"version-history":[{"count":0,"href":"https:\/\/serbenidorm.daliisolutions.com\/index.php\/wp-json\/wp\/v2\/posts\/7273\/revisions"}],"wp:featuredmedia":[{"embeddable":true,"href":"https:\/\/serbenidorm.daliisolutions.com\/index.php\/wp-json\/wp\/v2\/media\/7274"}],"wp:attachment":[{"href":"https:\/\/serbenidorm.daliisolutions.com\/index.php\/wp-json\/wp\/v2\/media?parent=7273"}],"wp:term":[{"taxonomy":"category","embeddable":true,"href":"https:\/\/serbenidorm.daliisolutions.com\/index.php\/wp-json\/wp\/v2\/categories?post=7273"},{"taxonomy":"post_tag","embeddable":true,"href":"https:\/\/serbenidorm.daliisolutions.com\/index.php\/wp-json\/wp\/v2\/tags?post=7273"}],"curies":[{"name":"wp","href":"https:\/\/api.w.org\/{rel}","templated":true}]}}