{"id":7284,"date":"2024-07-25T17:55:31","date_gmt":"2024-07-25T15:55:31","guid":{"rendered":"https:\/\/serbenidorm.daliisolutions.com\/index.php\/2024\/07\/25\/benidorm-homenajea-a-lluis-duart-en-el-dia-mundial-de-la-arqueologia\/"},"modified":"2024-07-25T17:55:31","modified_gmt":"2024-07-25T15:55:31","slug":"benidorm-homenajea-a-lluis-duart-en-el-dia-mundial-de-la-arqueologia","status":"publish","type":"post","link":"https:\/\/serbenidorm.daliisolutions.com\/index.php\/2024\/07\/25\/benidorm-homenajea-a-lluis-duart-en-el-dia-mundial-de-la-arqueologia\/","title":{"rendered":"Benidorm homenajea a Lluis Duart en el D\u00eda Mundial de la Arqueolog\u00eda"},"content":{"rendered":"  <p>El pr\u00f3ximo domingo 28 Benidorm celebrar\u00e1 el D\u00eda Mundial de la Arqueolog\u00eda conmemorando con dos actos la figura de Lluis Duart i Albarta, el que fue durante m\u00e1s de 30 a\u00f1os sacerdote e historiador en la ciudad.<\/p>   <p>El primero de esos dos actos ser\u00e1 a las 11:30 de la ma\u00f1ana, para dar denominaci\u00f3n \u201cLluis Duart\u201d al pasaje con vistas a la playa de Mal Pas que comunica la plaza Castelar con la plaza de la Se\u00f1or\u00eda.<\/p>   <p>Un rato m\u00e1s tarde, a la una del mediod\u00eda, tendr\u00e1 lugar la apertura de la sala Lluis Duart en el Museo Municipal Boca del Calvari.<\/p>   <p>El alcalde Toni P\u00e9rez, ha declarado que lo del domingo es <a href=\"https:\/\/cadenaser.com\/tag\/benidorm\/a\/\" target=\"_blank\" rel=\"noopener\">\u201cun reconocimiento a su aportaci\u00f3n a la arqueolog\u00eda e historia local, una deuda que ten\u00eda Benidorm con Don Lluis Duart i Alabarta\u201d.<\/a><\/p>   <p>En dicha sala del museo se expondr\u00e1n piezas que nunca han sido antes exhibidas y datan entre el neol\u00edtico y el siglo XX.<\/p>   <p>     .c-w{         max-width:444px;         width:100%;         margin:16px auto;      background:#00755E;         border-radius:4px;         display:flex;         align-items:center;         justify-content:center;     }     .c-w a{         display:flex;         align-items:center;         justify-content:center;         padding:4px 24px;     }     .c-w img{         width:24px;         margin-right:12px;     }     .c-w p{         font:18px\/25px Poppins;         text-align:center;         color:#fff;         margin:0;     }     @media (max-width:444px){         .c-w a{             padding:4px 12px;         }         .c-w img{             width:24px;             margin-right:8px;         }         .c-w p{             font:14px\/25px Poppins;         }     }     @media (max-width:335px){         .c-w p{             font:13px\/25px Poppins;         }     }  <div class=\"c-w\">     <a href=\"https:\/\/www.whatsapp.com\/channel\/0029Va633PF9WtC4l7XUzh1e\" target=\"_blank\" rel=\"noopener\">         <img decoding=\"async\" src=\"https:\/\/cadenaser.com\/estaticos\/recursosgraficos\/responsive\/img\/ico-whatsapp.svg\" alt=\"Whatsapp\">         <p>\u00danete al <b>canal de WhatsApp<\/b> de la SER<\/p>     <\/a> <\/div><\/p> ","protected":false},"excerpt":{"rendered":"<p>La ciudad celebrar\u00e1 dos actos en torno a una de sus figuras hist\u00f3ricas m\u00e1s relevantes<\/p>\n","protected":false},"author":0,"featured_media":7285,"comment_status":"open","ping_status":"open","sticky":false,"template":"","format":"standard","meta":{"_acf_changed":false,"footnotes":""},"categories":[1],"tags":[],"class_list":["post-7284","post","type-post","status-publish","format-standard","has-post-thumbnail","hentry","category-sin-categoria"],"acf":{"ser_id":"EBRU4ZSQWVF3XGMPG4RV2AXIBY","ser_url":"https:\/\/cadenaser.com\/comunitat-valenciana\/2024\/07\/25\/benidorm-homenajea-a-lluis-duart-en-el-dia-mundial-de-la-arqueologia-radio-benidorm\/"},"_links":{"self":[{"href":"https:\/\/serbenidorm.daliisolutions.com\/index.php\/wp-json\/wp\/v2\/posts\/7284","targetHints":{"allow":["GET"]}}],"collection":[{"href":"https:\/\/serbenidorm.daliisolutions.com\/index.php\/wp-json\/wp\/v2\/posts"}],"about":[{"href":"https:\/\/serbenidorm.daliisolutions.com\/index.php\/wp-json\/wp\/v2\/types\/post"}],"replies":[{"embeddable":true,"href":"https:\/\/serbenidorm.daliisolutions.com\/index.php\/wp-json\/wp\/v2\/comments?post=7284"}],"version-history":[{"count":0,"href":"https:\/\/serbenidorm.daliisolutions.com\/index.php\/wp-json\/wp\/v2\/posts\/7284\/revisions"}],"wp:featuredmedia":[{"embeddable":true,"href":"https:\/\/serbenidorm.daliisolutions.com\/index.php\/wp-json\/wp\/v2\/media\/7285"}],"wp:attachment":[{"href":"https:\/\/serbenidorm.daliisolutions.com\/index.php\/wp-json\/wp\/v2\/media?parent=7284"}],"wp:term":[{"taxonomy":"category","embeddable":true,"href":"https:\/\/serbenidorm.daliisolutions.com\/index.php\/wp-json\/wp\/v2\/categories?post=7284"},{"taxonomy":"post_tag","embeddable":true,"href":"https:\/\/serbenidorm.daliisolutions.com\/index.php\/wp-json\/wp\/v2\/tags?post=7284"}],"curies":[{"name":"wp","href":"https:\/\/api.w.org\/{rel}","templated":true}]}}