{"id":7286,"date":"2024-07-25T17:55:32","date_gmt":"2024-07-25T15:55:32","guid":{"rendered":"https:\/\/serbenidorm.daliisolutions.com\/index.php\/2024\/07\/25\/el-ministro-de-consumo-pide-desde-denia-a-la-generalitat-valenciana-medidas-contra-los-pisos-turisticos-ilegales\/"},"modified":"2024-07-25T17:55:32","modified_gmt":"2024-07-25T15:55:32","slug":"el-ministro-de-consumo-pide-desde-denia-a-la-generalitat-valenciana-medidas-contra-los-pisos-turisticos-ilegales","status":"publish","type":"post","link":"https:\/\/serbenidorm.daliisolutions.com\/index.php\/2024\/07\/25\/el-ministro-de-consumo-pide-desde-denia-a-la-generalitat-valenciana-medidas-contra-los-pisos-turisticos-ilegales\/","title":{"rendered":"El ministro de Consumo pide desde D\u00e9nia a la Generalitat Valenciana medidas contra los pisos tur\u00edsticos ilegales"},"content":{"rendered":"  <p>D\u00e9nia \/ Altea<\/p>   <p>El ministro de Consumo, Pablo Bustinduy, se ha desplazado hoy a la Marina Alta y la Marina Baixa en el marco de una iniciativa del Ministerio de Consumo destinada a supervisar y controlar las viviendas tur\u00edsticas que operan sin licencia, as\u00ed como a perseguir los anuncios que promueven estos alojamientos ilegales.<\/p>   <p>En la provincia de Alicante hay cerca de 73.000 pisos registrados, lo que supone un 69,2% del total en toda la comunidad Valenciana.<\/p>   <p>Bustinduy se ha dirigido a los medios en D\u00e9nia para abordar la creciente preocupaci\u00f3n sobre los pisos tur\u00edsticos sin licencia. En una rueda de prensa junto al alcalde de D\u00e9nia, Vicent Grimalt, el ministro ha destacado que este fen\u00f3meno est\u00e1 exacerbando la dificultad de acceso a la vivienda para los j\u00f3venes y las familias trabajadoras, especialmente en la Comunidad Valenciana y en la provincia de Alicante, donde se concentra el 70% de estos pisos en la Comunitat Valenciana.<\/p>   <p>El ministro ha subrayado que en algunos lugares la oferta de pisos tur\u00edsticos supera a la de alquileres convencionales, calificando la situaci\u00f3n de \u00abdescontrolada\u00bb y urgi\u00f3 a todas las instituciones a actuar. Ha elogiado la iniciativa de la Direcci\u00f3n General de Consumo de perseguir la publicidad de estos pisos sin licencia, y ha anunciado la reforma de la Ley de Propiedad Horizontal, que permitir\u00e1 a las comunidades de vecinos autorizar la presencia de pisos tur\u00edsticos en sus inmuebles.<\/p>  <p><p class=\"tit\"><span>Ministro Bustinduy  sobre petici\u00f3n a la Generalitat<\/span><\/p> <p class=\"emb\"><iframe loading=\"lazy\" src=\"https:\/\/cadenaser.com\/embed\/audio\/460\/1721913603963\/\" width=\"100%\" height=\"360\" frameborder=\"0\" allowfullscreen><\/iframe><\/p><\/p>   <p>Tambi\u00e9n ha instado a los gobiernos auton\u00f3micos a colaborar m\u00e1s activamente, invitando formalmente al Gobierno de la Generalitat Valenciana a unirse a la iniciativa de Consumo y a reinstaurar las tasas tur\u00edsticas. Adem\u00e1s, ha pedido que se movilice la vivienda vac\u00eda y se incremente el parque de alquiler social, y ha criticado al presidente de la Generalitat, Carlos Maz\u00f3n, por no aplicar la Ley de Vivienda, la cual permitir\u00eda bajar los precios de alquiler en zonas tensionadas.<\/p>   <p>     .c-w{         max-width:444px;         width:100%;         margin:16px auto;      background:#00755E;         border-radius:4px;         display:flex;         align-items:center;         justify-content:center;     }     .c-w a{         display:flex;         align-items:center;         justify-content:center;         padding:4px 24px;     }     .c-w img{         width:24px;         margin-right:12px;     }     .c-w p{         font:18px\/25px Poppins;         text-align:center;         color:#fff;         margin:0;     }     @media (max-width:444px){         .c-w a{             padding:4px 12px;         }         .c-w img{             width:24px;             margin-right:8px;         }         .c-w p{             font:14px\/25px Poppins;         }     }     @media (max-width:335px){         .c-w p{             font:13px\/25px Poppins;         }     }  <div class=\"c-w\">     <a href=\"https:\/\/www.whatsapp.com\/channel\/0029Va633PF9WtC4l7XUzh1e\" target=\"_blank\" rel=\"noopener\">         <img decoding=\"async\" src=\"https:\/\/cadenaser.com\/estaticos\/recursosgraficos\/responsive\/img\/ico-whatsapp.svg\" alt=\"Whatsapp\">         <p>\u00danete al <b>canal de WhatsApp<\/b> de la SER<\/p>     <\/a> <\/div><\/p>   <p>El ministro ha resaltado que la problem\u00e1tica de los pisos tur\u00edsticos no es exclusiva de la Comunitat Valenciana, pero la situaci\u00f3n en la provincia de Alicante es especialmente grave. Ha expresado su deseo de que se logre una cooperaci\u00f3n efectiva entre todos los niveles institucionales para abordar este problema estructural que afecta a millones de personas en Espa\u00f1a.<\/p>   <p>Posteriormente el ministro se ha trasladado hasta Altea para reunirse con su alcalde de la localidad Diego Zaragoz\u00ed y conocer la problem\u00e1tica de los pisos tur\u00edstico en Altea.<\/p> ","protected":false},"excerpt":{"rendered":"<p>La proliferaci\u00f3n descontrolada de pisos tur\u00edsticos sin licencia en la provincia de Alicante agrava el acceso a la vivienda<\/p>\n","protected":false},"author":0,"featured_media":7287,"comment_status":"open","ping_status":"open","sticky":false,"template":"","format":"standard","meta":{"_acf_changed":false,"footnotes":""},"categories":[1],"tags":[],"class_list":["post-7286","post","type-post","status-publish","format-standard","has-post-thumbnail","hentry","category-sin-categoria"],"acf":{"ser_id":"JYFFHL3A2NHGXC6TLJGNKSQDBM","ser_url":"https:\/\/cadenaser.com\/comunitat-valenciana\/2024\/07\/25\/el-ministro-de-consumo-pide-a-la-generalitat-valenciana-medidas-contra-los-pisos-turisticos-ilegales-radio-denia\/"},"_links":{"self":[{"href":"https:\/\/serbenidorm.daliisolutions.com\/index.php\/wp-json\/wp\/v2\/posts\/7286","targetHints":{"allow":["GET"]}}],"collection":[{"href":"https:\/\/serbenidorm.daliisolutions.com\/index.php\/wp-json\/wp\/v2\/posts"}],"about":[{"href":"https:\/\/serbenidorm.daliisolutions.com\/index.php\/wp-json\/wp\/v2\/types\/post"}],"replies":[{"embeddable":true,"href":"https:\/\/serbenidorm.daliisolutions.com\/index.php\/wp-json\/wp\/v2\/comments?post=7286"}],"version-history":[{"count":0,"href":"https:\/\/serbenidorm.daliisolutions.com\/index.php\/wp-json\/wp\/v2\/posts\/7286\/revisions"}],"wp:featuredmedia":[{"embeddable":true,"href":"https:\/\/serbenidorm.daliisolutions.com\/index.php\/wp-json\/wp\/v2\/media\/7287"}],"wp:attachment":[{"href":"https:\/\/serbenidorm.daliisolutions.com\/index.php\/wp-json\/wp\/v2\/media?parent=7286"}],"wp:term":[{"taxonomy":"category","embeddable":true,"href":"https:\/\/serbenidorm.daliisolutions.com\/index.php\/wp-json\/wp\/v2\/categories?post=7286"},{"taxonomy":"post_tag","embeddable":true,"href":"https:\/\/serbenidorm.daliisolutions.com\/index.php\/wp-json\/wp\/v2\/tags?post=7286"}],"curies":[{"name":"wp","href":"https:\/\/api.w.org\/{rel}","templated":true}]}}