{"id":7341,"date":"2024-07-29T13:10:21","date_gmt":"2024-07-29T11:10:21","guid":{"rendered":"https:\/\/serbenidorm.daliisolutions.com\/index.php\/2024\/07\/29\/benidorm-reune-a-casi-70-000-asistentes-durante-la-celebracion-del-low-festival\/"},"modified":"2024-07-29T13:10:21","modified_gmt":"2024-07-29T11:10:21","slug":"benidorm-reune-a-casi-70-000-asistentes-durante-la-celebracion-del-low-festival","status":"publish","type":"post","link":"https:\/\/serbenidorm.daliisolutions.com\/index.php\/2024\/07\/29\/benidorm-reune-a-casi-70-000-asistentes-durante-la-celebracion-del-low-festival\/","title":{"rendered":"Benidorm re\u00fane a casi 70.000 asistentes durante la celebraci\u00f3n del Low Festival"},"content":{"rendered":"  <p>Benidorm<\/p>   <p>Benidorm ha acogido este fin de semana el Low Festival por decimocuarta edici\u00f3n en la Ciudad Deportiva Guillermo Amor durante el fin de semana, reuniendo hasta 69.000 personas a lo largo de los tres d\u00edas.<\/p>   <p>Los grupos de indie, rock alternativo y m\u00fasica electr\u00f3nica han repartido por el recinto hasta en 4 escenarios distintos (Vibra Mahou, Mini Benigar, Radio 3 y I love Benidorm), donde los asistentes han decidido en todo momento de que actuaci\u00f3n disfrutar.<\/p>   <p>Un festival que ha generado un gran ambiente en la ciudad durante un fin de semana en el que los fans han abarrotado el recinto e invadido la ciudad. La diversidad generacional, de vestimentas o seguidores de distintos estilos musicales han contribuido a conseguir un entorno divertido.<\/p>   <p>Los cabezas de cartel han cumplido con las expectativas y Amaral, Izal y Arde Bogot\u00e1 ha sido las actuaciones que m\u00e1s p\u00fablico han reunido, todas ellas en el escenario con mayor aforo, situado en el Estadio Municipal Guillermo Amor (escenario vibra Mahou).<\/p>   <p>El Low Festival ya ha confirmado las que ser\u00e1n sus fechas en 2025 que supondr\u00e1n su 15 aniversario. El Low Festival 2025 tendr\u00e1 lugar los d\u00edas 25, 26 y 27 de julio. Adem\u00e1s, la venta especial para \u00abLowers\u00bb comenzar\u00e1 a partir de este pr\u00f3ximo jueves 1 de agosto.<\/p>   <p>     .c-w{         max-width:444px;         width:100%;         margin:16px auto;      background:#00755E;         border-radius:4px;         display:flex;         align-items:center;         justify-content:center;     }     .c-w a{         display:flex;         align-items:center;         justify-content:center;         padding:4px 24px;     }     .c-w img{         width:24px;         margin-right:12px;     }     .c-w p{         font:18px\/25px Poppins;         text-align:center;         color:#fff;         margin:0;     }     @media (max-width:444px){         .c-w a{             padding:4px 12px;         }         .c-w img{             width:24px;             margin-right:8px;         }         .c-w p{             font:14px\/25px Poppins;         }     }     @media (max-width:335px){         .c-w p{             font:13px\/25px Poppins;         }     }  <div class=\"c-w\">     <a href=\"https:\/\/www.whatsapp.com\/channel\/0029Va633PF9WtC4l7XUzh1e\" target=\"_blank\" rel=\"noopener\">         <img decoding=\"async\" src=\"https:\/\/cadenaser.com\/estaticos\/recursosgraficos\/responsive\/img\/ico-whatsapp.svg\" alt=\"Whatsapp\">         <p>\u00danete al <b>canal de WhatsApp<\/b> de la SER<\/p>     <\/a> <\/div><\/p> ","protected":false},"excerpt":{"rendered":"<p>Amaral, Mikel Izal y Arde Bogot\u00e1 fueron los grupos m\u00e1s aclamados<\/p>\n","protected":false},"author":0,"featured_media":7342,"comment_status":"open","ping_status":"open","sticky":false,"template":"","format":"standard","meta":{"_acf_changed":false,"footnotes":""},"categories":[1],"tags":[],"class_list":["post-7341","post","type-post","status-publish","format-standard","has-post-thumbnail","hentry","category-sin-categoria"],"acf":{"ser_id":"EXBT5WCJMFBWTFBPPDX4EW4PAU","ser_url":"https:\/\/cadenaser.com\/comunitat-valenciana\/2024\/07\/29\/benidorm-reune-a-casi-70000-asistentes-durante-la-celebracion-del-low-festival-radio-benidorm\/"},"_links":{"self":[{"href":"https:\/\/serbenidorm.daliisolutions.com\/index.php\/wp-json\/wp\/v2\/posts\/7341","targetHints":{"allow":["GET"]}}],"collection":[{"href":"https:\/\/serbenidorm.daliisolutions.com\/index.php\/wp-json\/wp\/v2\/posts"}],"about":[{"href":"https:\/\/serbenidorm.daliisolutions.com\/index.php\/wp-json\/wp\/v2\/types\/post"}],"replies":[{"embeddable":true,"href":"https:\/\/serbenidorm.daliisolutions.com\/index.php\/wp-json\/wp\/v2\/comments?post=7341"}],"version-history":[{"count":0,"href":"https:\/\/serbenidorm.daliisolutions.com\/index.php\/wp-json\/wp\/v2\/posts\/7341\/revisions"}],"wp:featuredmedia":[{"embeddable":true,"href":"https:\/\/serbenidorm.daliisolutions.com\/index.php\/wp-json\/wp\/v2\/media\/7342"}],"wp:attachment":[{"href":"https:\/\/serbenidorm.daliisolutions.com\/index.php\/wp-json\/wp\/v2\/media?parent=7341"}],"wp:term":[{"taxonomy":"category","embeddable":true,"href":"https:\/\/serbenidorm.daliisolutions.com\/index.php\/wp-json\/wp\/v2\/categories?post=7341"},{"taxonomy":"post_tag","embeddable":true,"href":"https:\/\/serbenidorm.daliisolutions.com\/index.php\/wp-json\/wp\/v2\/tags?post=7341"}],"curies":[{"name":"wp","href":"https:\/\/api.w.org\/{rel}","templated":true}]}}