{"id":7343,"date":"2024-07-29T13:32:47","date_gmt":"2024-07-29T11:32:47","guid":{"rendered":"https:\/\/serbenidorm.daliisolutions.com\/index.php\/2024\/07\/29\/asi-ha-vivido-la-vila-joiosa-sus-fiestas-de-moros-y-cristianos-en-honor-a-santa-marta\/"},"modified":"2024-07-29T13:32:47","modified_gmt":"2024-07-29T11:32:47","slug":"asi-ha-vivido-la-vila-joiosa-sus-fiestas-de-moros-y-cristianos-en-honor-a-santa-marta","status":"publish","type":"post","link":"https:\/\/serbenidorm.daliisolutions.com\/index.php\/2024\/07\/29\/asi-ha-vivido-la-vila-joiosa-sus-fiestas-de-moros-y-cristianos-en-honor-a-santa-marta\/","title":{"rendered":"As\u00ed ha vivido La Vila Joiosa sus fiestas de Moros y Cristianos en honor a Santa Marta"},"content":{"rendered":"  <p>La Vila Joiosa<\/p>   <p>Las fiestas de Moros y Cristianos en honor a Santa Marta han llenado las calles de La Vila Joiosa de m\u00fasica, desfiles, p\u00f3lvora y multitud de festeros y visitantes que se han dado cita en sus principales actos como el Desembarco o las Entradas Mora y Cristiana.<\/p>   <p>Este domingo, al alba, han llegado a las costa vileras 25 barcazas sarracenas para protagonizar el Desembarco, uno de los actos m\u00e1s multitudinarios en el que se escenifica que representa el ataque que sufri\u00f3 la ciudad costera el 29 de julio de 1538.<\/p>   <p>El s\u00e1bado ha tenido lugar el acto del Alijo de Contrabandistas y Pirates Corsaris, seguida de la Embajada Contrabandista. Tras el acto se celebr\u00f3 un segundo desfile moro en el que se presentan las tropas al Rey Moro y, despu\u00e9s,  la Embajada Beduina.<\/p>   <p>Atr\u00e1s quedan tres d\u00edas de fiestas y de batallas entre las tropas cristianas y las huestes de la media luna. Actos importantes como la Entrada Mora, que cerr\u00f3 el Rey Moro, Pablo de Torre de la compa\u00f1\u00eda Moros del Riff y o la Entrada Cristiana que cerr\u00f3 el Rey Cristiano Mat\u00edes Rom\u00e0 de la compa\u00f1\u00eda Pirates Corsaris.<\/p>   <p>Al margen de los actos oficiales, las calles vileras han cobrado vida en las madrugadas gracias al ambiente en los cuarteles festeros y al continuo ir y venir de festeros, bandas de m\u00fasica, y visitantes, tanto j\u00f3venes como mayores, que han disfrutado bailando y cantando.<\/p>   <p>     .c-w{         max-width:444px;         width:100%;         margin:16px auto;      background:#00755E;         border-radius:4px;         display:flex;         align-items:center;         justify-content:center;     }     .c-w a{         display:flex;         align-items:center;         justify-content:center;         padding:4px 24px;     }     .c-w img{         width:24px;         margin-right:12px;     }     .c-w p{         font:18px\/25px Poppins;         text-align:center;         color:#fff;         margin:0;     }     @media (max-width:444px){         .c-w a{             padding:4px 12px;         }         .c-w img{             width:24px;             margin-right:8px;         }         .c-w p{             font:14px\/25px Poppins;         }     }     @media (max-width:335px){         .c-w p{             font:13px\/25px Poppins;         }     }  <div class=\"c-w\">     <a href=\"https:\/\/www.whatsapp.com\/channel\/0029Va633PF9WtC4l7XUzh1e\" target=\"_blank\" rel=\"noopener\">         <img decoding=\"async\" src=\"https:\/\/cadenaser.com\/estaticos\/recursosgraficos\/responsive\/img\/ico-whatsapp.svg\" alt=\"Whatsapp\">         <p>\u00danete al <b>canal de WhatsApp<\/b> de la SER<\/p>     <\/a> <\/div><\/p>   <p>Hoy lunes se celebra el d\u00eda de su patrona, Santa Marta. Una celebraci\u00f3n que arranca con misa a las doce, a partir de las ocho de la tarde comienza la procesi\u00f3n en honor a la patrona, y pasadas las doce de la noche, las fiestas concluir\u00e1n con el castillo de fuegos artificiales.<\/p> ","protected":false},"excerpt":{"rendered":"<p>El Desembarco y las Entradas  Mora y Cristiana congregan a miles de festeros<\/p>\n","protected":false},"author":0,"featured_media":7344,"comment_status":"open","ping_status":"open","sticky":false,"template":"","format":"standard","meta":{"_acf_changed":false,"footnotes":""},"categories":[1],"tags":[],"class_list":["post-7343","post","type-post","status-publish","format-standard","has-post-thumbnail","hentry","category-sin-categoria"],"acf":{"ser_id":"NWC4O77FZZGEREMLUBFW3OJAJU","ser_url":"https:\/\/cadenaser.com\/comunitat-valenciana\/2024\/07\/29\/asi-ha-vivido-la-vila-joiosa-sus-fiestas-de-moros-y-cristianos-en-honor-a-santa-marta-radio-benidorm\/"},"_links":{"self":[{"href":"https:\/\/serbenidorm.daliisolutions.com\/index.php\/wp-json\/wp\/v2\/posts\/7343","targetHints":{"allow":["GET"]}}],"collection":[{"href":"https:\/\/serbenidorm.daliisolutions.com\/index.php\/wp-json\/wp\/v2\/posts"}],"about":[{"href":"https:\/\/serbenidorm.daliisolutions.com\/index.php\/wp-json\/wp\/v2\/types\/post"}],"replies":[{"embeddable":true,"href":"https:\/\/serbenidorm.daliisolutions.com\/index.php\/wp-json\/wp\/v2\/comments?post=7343"}],"version-history":[{"count":0,"href":"https:\/\/serbenidorm.daliisolutions.com\/index.php\/wp-json\/wp\/v2\/posts\/7343\/revisions"}],"wp:featuredmedia":[{"embeddable":true,"href":"https:\/\/serbenidorm.daliisolutions.com\/index.php\/wp-json\/wp\/v2\/media\/7344"}],"wp:attachment":[{"href":"https:\/\/serbenidorm.daliisolutions.com\/index.php\/wp-json\/wp\/v2\/media?parent=7343"}],"wp:term":[{"taxonomy":"category","embeddable":true,"href":"https:\/\/serbenidorm.daliisolutions.com\/index.php\/wp-json\/wp\/v2\/categories?post=7343"},{"taxonomy":"post_tag","embeddable":true,"href":"https:\/\/serbenidorm.daliisolutions.com\/index.php\/wp-json\/wp\/v2\/tags?post=7343"}],"curies":[{"name":"wp","href":"https:\/\/api.w.org\/{rel}","templated":true}]}}