{"id":7345,"date":"2024-07-29T14:03:43","date_gmt":"2024-07-29T12:03:43","guid":{"rendered":"https:\/\/serbenidorm.daliisolutions.com\/index.php\/2024\/07\/29\/benidorm-aprueba-su-plan-de-senalizacion-direccional-con-una-inversion-de-274-000-euros\/"},"modified":"2024-07-29T14:03:43","modified_gmt":"2024-07-29T12:03:43","slug":"benidorm-aprueba-su-plan-de-senalizacion-direccional-con-una-inversion-de-274-000-euros","status":"publish","type":"post","link":"https:\/\/serbenidorm.daliisolutions.com\/index.php\/2024\/07\/29\/benidorm-aprueba-su-plan-de-senalizacion-direccional-con-una-inversion-de-274-000-euros\/","title":{"rendered":"Benidorm aprueba su Plan de Se\u00f1alizaci\u00f3n Direccional con una inversi\u00f3n de 274.000 euros"},"content":{"rendered":"  <p>Benidorm<\/p>   <p>El Ayuntamiento de Benidorm ha aprobado hoy en pleno el Plan de Se\u00f1alizaci\u00f3n Direccional de la ciudad presentado por la mercantil Impursa. En sesi\u00f3n ordinaria se ha aprobado por mayor\u00eda este plan que supondr\u00e1 una inversi\u00f3n de 274.000 euros y con el que la ciudad pretende garantizar la uniformidad en la se\u00f1alizaci\u00f3n.<\/p>   <p>El documento ha sido elaborado por a adjudicataria del contrato de servicio de instalaci\u00f3n, mantenimiento y explotaci\u00f3n comercial del mobiliario urbano y contempla, entre otras medidas, la colocaci\u00f3n de 141 nuevos postes y 466 cajones. Ha contado tambi\u00e9n con la supervisi\u00f3n del departamento de Ingenier\u00eda del Ayuntamiento y \u201cla participaci\u00f3n de expertos y empresas especializadas del sector\u201d tal y como ha destacado el edil de Movilidad, Francis Mu\u00f1oz, durante la sesi\u00f3n plenaria.<\/p>   <p>Se ha tenido en cuenta el PMUS (Plan de Movilidad Urbana Sostenible), el Plan de Se\u00f1aizaci\u00f3n Inteligente y el Plan Global de Seguridad Vial y se han considerado los 56 puntos de inter\u00e9s establecidos en el Plan de Accesibilidad Universal de Benidorm, as\u00ed como la implantaci\u00f3n de la Zona de Bajas Emisiones, prevista para principios de 2025.<\/p>   <p>Tambi\u00e9n fija 77 puntos de inter\u00e9s prioritarios a los que se a\u00f1ade la se\u00f1alizaci\u00f3n direccional hacia otros municipios. Dichos puntos se dividen en las siguientes categor\u00edas: edificios oficiales, centros funerarios, centros educativos, centros m\u00e9dicos, centros deportivos, centros de transporte, parques y playas, destinos zonales, aparcamientos p\u00fablicos, aparcamientos disuasorios y carreteras o municipios cercanos.<\/p>   <p>Mu\u00f1oz afirma que este Plan de Se\u00f1alizaci\u00f3n Direccional esta orientado a \u201csolventar los problemas de se\u00f1alizaci\u00f3n que presenta una ciudad tur\u00edstica como Benidorm, con el fin de garantizar la uniformidad y continuidad de la se\u00f1alizaci\u00f3n de orientaci\u00f3n, ya que gran parte de los usuarios no conocen la red viaria de la ciudad\u201d. El documento ha tratado de evitar la p\u00e9rdida de continuidad en los itinerarios planteados para acceder a los distintos puntos de inter\u00e9s dentro de la ciudad, \u201ccon el objetivo de que la se\u00f1alizaci\u00f3n informativa urbana no pierda la eficacia que deber\u00eda tener\u201d ha indicado.<\/p>   <p>     .c-w{         max-width:444px;         width:100%;         margin:16px auto;      background:#00755E;         border-radius:4px;         display:flex;         align-items:center;         justify-content:center;     }     .c-w a{         display:flex;         align-items:center;         justify-content:center;         padding:4px 24px;     }     .c-w img{         width:24px;         margin-right:12px;     }     .c-w p{         font:18px\/25px Poppins;         text-align:center;         color:#fff;         margin:0;     }     @media (max-width:444px){         .c-w a{             padding:4px 12px;         }         .c-w img{             width:24px;             margin-right:8px;         }         .c-w p{             font:14px\/25px Poppins;         }     }     @media (max-width:335px){         .c-w p{             font:13px\/25px Poppins;         }     }  <div class=\"c-w\">     <a href=\"https:\/\/www.whatsapp.com\/channel\/0029Va633PF9WtC4l7XUzh1e\" target=\"_blank\" rel=\"noopener\">         <img decoding=\"async\" src=\"https:\/\/cadenaser.com\/estaticos\/recursosgraficos\/responsive\/img\/ico-whatsapp.svg\" alt=\"Whatsapp\">         <p>\u00danete al <b>canal de WhatsApp<\/b> de la SER<\/p>     <\/a> <\/div><\/p>   <p>Por otra parte, el pleno ha aprobado por unanimidad iniciar el procedimiento de concesi\u00f3n de distinciones y condecoraciones por la Generalitat Valenciana, Cruz al M\u00e9rito Policial con distintivo azul, a favor del inspector de Polic\u00eda Local Antonio Gald\u00f3n por sobresalir con notoriedad y perseverancia en el cumplimiento de los deberes de su cargo, constituyendo una conducta ejemplar, haber prestado m\u00e1s de 10 a\u00f1os como Polic\u00eda Local y estar en posesi\u00f3n de dos felicitaciones p\u00fablicas a t\u00edtulo individual.<\/p>   <p>En el turno de despachos extraordinarios ha salido adelante por unanimidad una propuesta del concejal de Ciclo del Agua, Jos\u00e9 Ram\u00f3n Gonz\u00e1lez de Z\u00e1rate, para la integraci\u00f3n del Ayuntamiento en la Comunidad de Usuarios de Vertido de La Vila Joiosa-Orxeta. En la misma se solicita a la CHJ que, una vez se formalice la integraci\u00f3n, se actualice la autorizaci\u00f3n de vertido de dicha entidad para regularizar tanto los vertidos que acceden a la balsa de reutilizaci\u00f3n como los desbordamientos o sobrantes que se emiten al dominio p\u00fablico hidr\u00e1ulico.<\/p> ","protected":false},"excerpt":{"rendered":"<p>Contempla instalar 141 nuevos postes y 466 cajones para \u00abgarantizar la uniformidad\u00bb en la se\u00f1al\u00e9tica<\/p>\n","protected":false},"author":0,"featured_media":7346,"comment_status":"open","ping_status":"open","sticky":false,"template":"","format":"standard","meta":{"_acf_changed":false,"footnotes":""},"categories":[1],"tags":[],"class_list":["post-7345","post","type-post","status-publish","format-standard","has-post-thumbnail","hentry","category-sin-categoria"],"acf":{"ser_id":"ZP6MEFJVEBB4FHXQSAXYNWZ75I","ser_url":"https:\/\/cadenaser.com\/comunitat-valenciana\/2024\/07\/29\/benidorm-aprueba-su-plan-de-senalizacion-direccional-con-una-inversion-de-274000-euros-radio-benidorm\/"},"_links":{"self":[{"href":"https:\/\/serbenidorm.daliisolutions.com\/index.php\/wp-json\/wp\/v2\/posts\/7345","targetHints":{"allow":["GET"]}}],"collection":[{"href":"https:\/\/serbenidorm.daliisolutions.com\/index.php\/wp-json\/wp\/v2\/posts"}],"about":[{"href":"https:\/\/serbenidorm.daliisolutions.com\/index.php\/wp-json\/wp\/v2\/types\/post"}],"replies":[{"embeddable":true,"href":"https:\/\/serbenidorm.daliisolutions.com\/index.php\/wp-json\/wp\/v2\/comments?post=7345"}],"version-history":[{"count":0,"href":"https:\/\/serbenidorm.daliisolutions.com\/index.php\/wp-json\/wp\/v2\/posts\/7345\/revisions"}],"wp:featuredmedia":[{"embeddable":true,"href":"https:\/\/serbenidorm.daliisolutions.com\/index.php\/wp-json\/wp\/v2\/media\/7346"}],"wp:attachment":[{"href":"https:\/\/serbenidorm.daliisolutions.com\/index.php\/wp-json\/wp\/v2\/media?parent=7345"}],"wp:term":[{"taxonomy":"category","embeddable":true,"href":"https:\/\/serbenidorm.daliisolutions.com\/index.php\/wp-json\/wp\/v2\/categories?post=7345"},{"taxonomy":"post_tag","embeddable":true,"href":"https:\/\/serbenidorm.daliisolutions.com\/index.php\/wp-json\/wp\/v2\/tags?post=7345"}],"curies":[{"name":"wp","href":"https:\/\/api.w.org\/{rel}","templated":true}]}}