{"id":7367,"date":"2024-07-30T13:31:00","date_gmt":"2024-07-30T11:31:00","guid":{"rendered":"https:\/\/serbenidorm.daliisolutions.com\/index.php\/2024\/07\/30\/el-psoe-de-benidorm-denuncia-que-la-empresa-que-gestiona-tres-aparcamientos-publicos-despide-a-la-mitad-de-la-plantilla\/"},"modified":"2024-07-30T13:31:00","modified_gmt":"2024-07-30T11:31:00","slug":"el-psoe-de-benidorm-denuncia-que-la-empresa-que-gestiona-tres-aparcamientos-publicos-despide-a-la-mitad-de-la-plantilla","status":"publish","type":"post","link":"https:\/\/serbenidorm.daliisolutions.com\/index.php\/2024\/07\/30\/el-psoe-de-benidorm-denuncia-que-la-empresa-que-gestiona-tres-aparcamientos-publicos-despide-a-la-mitad-de-la-plantilla\/","title":{"rendered":"El PSOE de Benidorm denuncia que la empresa que gestiona tres aparcamientos p\u00fablicos despide a la mitad de la plantilla"},"content":{"rendered":"  <p>Benidorm<\/p>   <p>El Grupo Municipal Socialista en el Ayuntamiento de Benidorm ha denunciado este martes \u00ablos nuevos incumplimientos y las medidas en materia de personal adoptadas\u00bb por la empresa que gestiona los aparcamientos p\u00fablicos de Tom\u00e1s Ortu\u00f1o, Mercado Municipal y Ametlla de Mar.<\/p>   <p>El concejal socialista que fiscaliza el \u00e1rea de Contrataci\u00f3n, Antonio Charco, ha asegurado que <a href=\"https:\/\/cadenaser.com\/tag\/benidorm\/a\/\" target=\"_blank\" rel=\"noopener\">la nueva mercantil no ha tardado ni seis meses en despedir a la mitad de la plantilla y critica que el gobierno local no haya intercedido<\/a>: \u201cNos tem\u00edamos que esto pod\u00eda suceder y nos tememos que estos despidos no van a ser los \u00faltimos, pero no nos esper\u00e1bamos que el PP iba a dejar tirados a los trabajadores\u201d.<\/p>   <p>Charco tambi\u00e9n ha censurado el elevado n\u00famero de incidencias que se registraron el pasado fin de semana con la aplicaci\u00f3n para reservar plazas en estos aparcamientos. Y es que, seg\u00fan ha explicado el concejal, solo el pasado viernes m\u00e1s de 25 veh\u00edculos se quedaron sin plaza en el parking del mercado a pesar de que hab\u00edan reservado y abonado la tarifa.<\/p>  <p><p>M\u00e1s informaci\u00f3n<\/p><figure><img loading=\"lazy\" decoding=\"async\" src=\"https:\/\/cadenaser.com\/resizer\/v2\/UPV5XKCTKNCOHD4E4RTUTEBMR4.jpg?auth=3ff867b2db4e265a287926a9925ce04a5826f4db6e1f3fd99534044c5b884b33&amp;quality=70&amp;width=360&amp;height=202&amp;smart=true\" width=\"820\" height=\"621\" \/><\/figure><ul><li><a href=\"https:\/\/cadenaser.com\/comunitat-valenciana\/2024\/07\/30\/benidorm-invierte-58000-euros-en-seis-puntos-de-control-sanitario-para-monitorizar-el-agua-a-tiempo-realidad-radio-benidorm\/\"><span>Benidorm invierte 58.000 euros en seis nuevos puntos de control de la red de agua potable<\/span><\/a><\/li><\/ul><\/p>   <p>Para los socialistas esta situaci\u00f3n contraviene los pliegos y el reglamento de funcionamiento de estos tres aparcamientos p\u00fablicos puesto que en su articulado fija que se debe evitar cualquier incomodidad o demora al usuario. <\/p>   <p>Asimismo, ha alertado de que la mercantil ha incurrido en otro incumplimiento al eliminar todo tipo de abonos que se ofertaban a los usuarios desde el inicio del servicio, a excepci\u00f3n del anual.<\/p>   <p>     .c-w{         max-width:444px;         width:100%;         margin:16px auto;      background:#00755E;         border-radius:4px;         display:flex;         align-items:center;         justify-content:center;     }     .c-w a{         display:flex;         align-items:center;         justify-content:center;         padding:4px 24px;     }     .c-w img{         width:24px;         margin-right:12px;     }     .c-w p{         font:18px\/25px Poppins;         text-align:center;         color:#fff;         margin:0;     }     @media (max-width:444px){         .c-w a{             padding:4px 12px;         }         .c-w img{             width:24px;             margin-right:8px;         }         .c-w p{             font:14px\/25px Poppins;         }     }     @media (max-width:335px){         .c-w p{             font:13px\/25px Poppins;         }     }  <div class=\"c-w\">     <a href=\"https:\/\/www.whatsapp.com\/channel\/0029Va633PF9WtC4l7XUzh1e\" target=\"_blank\" rel=\"noopener\">         <img decoding=\"async\" src=\"https:\/\/cadenaser.com\/estaticos\/recursosgraficos\/responsive\/img\/ico-whatsapp.svg\" alt=\"Whatsapp\">         <p>\u00danete al <b>canal de WhatsApp<\/b> de la SER<\/p>     <\/a> <\/div><\/p>   <p>Incremento de tarifas<\/p>   <p>Desde la oposici\u00f3n han vuelto a poner el foco adem\u00e1s en el incremento de las tarifas que pretende aplicar la nueva concesionaria en los aparcamientos p\u00fablicos de Tom\u00e1s Ortu\u00f1o, Mercado Municipal y Ametlla de Mar. As\u00ed, Charco ha advertido de que la concesionaria present\u00f3 hace meses una propuesta de subida de las tarifas y que si el ayuntamiento no contestaba en tres meses, estos nuevos precios quedar\u00edan validados autom\u00e1ticamente por silencio administrativo positivo. <\/p>   <p>Con todo, Charco ha lamentado que, de nuevo, \u201cel alcalde y su gobierno parecen m\u00e1s interesados en defender los intereses de la mercantil que los de los trabajadores, vecinos y usuarios de estos aparcamientos municipales\u201d. \u00a0<\/p> ","protected":false},"excerpt":{"rendered":"<p>La oposici\u00f3n sigue criticando nuevos incumplimientos de la multinacional encargada de los parkings de Tom\u00e1s Ortu\u00f1o, Mercado Municipal y Ametlla de Mar<\/p>\n","protected":false},"author":0,"featured_media":7368,"comment_status":"open","ping_status":"open","sticky":false,"template":"","format":"standard","meta":{"_acf_changed":false,"footnotes":""},"categories":[1],"tags":[],"class_list":["post-7367","post","type-post","status-publish","format-standard","has-post-thumbnail","hentry","category-sin-categoria"],"acf":{"ser_id":"OOVH4KCLZBBYXHVUC2WJQX6F6U","ser_url":"https:\/\/cadenaser.com\/comunitat-valenciana\/2024\/07\/30\/el-psoe-de-benidorm-denuncia-que-la-empresa-que-gestiona-tres-aparcamientos-publicos-despide-a-la-mitad-de-la-plantilla-radio-benidorm\/"},"_links":{"self":[{"href":"https:\/\/serbenidorm.daliisolutions.com\/index.php\/wp-json\/wp\/v2\/posts\/7367","targetHints":{"allow":["GET"]}}],"collection":[{"href":"https:\/\/serbenidorm.daliisolutions.com\/index.php\/wp-json\/wp\/v2\/posts"}],"about":[{"href":"https:\/\/serbenidorm.daliisolutions.com\/index.php\/wp-json\/wp\/v2\/types\/post"}],"replies":[{"embeddable":true,"href":"https:\/\/serbenidorm.daliisolutions.com\/index.php\/wp-json\/wp\/v2\/comments?post=7367"}],"version-history":[{"count":0,"href":"https:\/\/serbenidorm.daliisolutions.com\/index.php\/wp-json\/wp\/v2\/posts\/7367\/revisions"}],"wp:featuredmedia":[{"embeddable":true,"href":"https:\/\/serbenidorm.daliisolutions.com\/index.php\/wp-json\/wp\/v2\/media\/7368"}],"wp:attachment":[{"href":"https:\/\/serbenidorm.daliisolutions.com\/index.php\/wp-json\/wp\/v2\/media?parent=7367"}],"wp:term":[{"taxonomy":"category","embeddable":true,"href":"https:\/\/serbenidorm.daliisolutions.com\/index.php\/wp-json\/wp\/v2\/categories?post=7367"},{"taxonomy":"post_tag","embeddable":true,"href":"https:\/\/serbenidorm.daliisolutions.com\/index.php\/wp-json\/wp\/v2\/tags?post=7367"}],"curies":[{"name":"wp","href":"https:\/\/api.w.org\/{rel}","templated":true}]}}