{"id":7387,"date":"2024-07-31T14:07:08","date_gmt":"2024-07-31T12:07:08","guid":{"rendered":"https:\/\/serbenidorm.daliisolutions.com\/index.php\/2024\/07\/31\/los-hoteles-de-benidorm-lideran-las-reservas-para-agosto-de-toda-la-comunitat-valenciana\/"},"modified":"2024-07-31T14:07:08","modified_gmt":"2024-07-31T12:07:08","slug":"los-hoteles-de-benidorm-lideran-las-reservas-para-agosto-de-toda-la-comunitat-valenciana","status":"publish","type":"post","link":"https:\/\/serbenidorm.daliisolutions.com\/index.php\/2024\/07\/31\/los-hoteles-de-benidorm-lideran-las-reservas-para-agosto-de-toda-la-comunitat-valenciana\/","title":{"rendered":"Los hoteles de Benidorm lideran las reservas para agosto de toda la Comunitat Valenciana"},"content":{"rendered":"  <p>Benidorm<\/p>   <p>El mes de agosto empieza en Benidorm con los hoteles en un nivel de reservas del 85,7 % para todo el mes seg\u00fan la estad\u00edstica elaborada por la Generalitat Valenciana.<\/p>   <p>Son casi seis puntos m\u00e1s que la media de todo el litoral de la Comunitat y la consellera del ramo Nuria Montes espera que las cifras sigan aumentando en las pr\u00f3ximas semanas: <a href=\"https:\/\/cadenaser.com\/tag\/benidorm\/a\/\" target=\"_blank\" rel=\"noopener\">\u00abHay que contar con la \u00faltima hora y esta cifra se ver\u00e1 sustancialmente incrementada a final de mes\u00bb<\/a>, ha asegurado.<\/p>  <p><p>M\u00e1s informaci\u00f3n<\/p><figure><img loading=\"lazy\" decoding=\"async\" src=\"https:\/\/cadenaser.com\/resizer\/v2\/VP35DVLRMY33AKTRZEWLCE7HPQ.jpg?auth=4f3c793fbe51df7b92a7eea6fbda7dd295f949c176ab9ef8559c11fb6fd9f81c&amp;quality=70&amp;width=360&amp;height=202&amp;smart=true\" width=\"820\" height=\"621\" \/><\/figure><ul><li><a href=\"https:\/\/cadenaser.com\/comunitat-valenciana\/2024\/07\/25\/el-ministro-de-consumo-pide-a-la-generalitat-valenciana-medidas-contra-los-pisos-turisticos-ilegales-radio-denia\/\"><span>El ministro de Consumo pide desde Altea a la Generalitat medidas contra los pisos tur\u00edsticos ilegales<\/span><\/a><\/li><\/ul><\/p>   <p>Montes ha explicado que las previsiones que dejan los algoritmos de inteligencia artificial empleados en estos c\u00e1lculos aproximan la ocupaci\u00f3n media en el entorno del 86 y el 90 % \u00aby algunos destinos rozar\u00e1n el lleno t\u00e9cnico, con ocupaciones por encima del 95 %\u00bb.<\/p>   <p>Atr\u00e1s queda julio donde, seg\u00fan Turisme y a falta de los datos de la patronal Hosbec, los alojamientos hoteleros de la capital tur\u00edstica habr\u00edan superado el 86 % quedando dos puntos por detr\u00e1s de los apartamentos tur\u00edsticas que alcanzaron el 88 %.<\/p>   <p>Los campings, en cabeza<\/p>   <p>Por su parte, los campings del litoral de la Comunitat Valenciana son los que arrancan agosto con mejores resultados, con el 95 % de los bungalows ocupados y el 90 % de las parcelas.<\/p>   <p>     .c-w{         max-width:444px;         width:100%;         margin:16px auto;      background:#00755E;         border-radius:4px;         display:flex;         align-items:center;         justify-content:center;     }     .c-w a{         display:flex;         align-items:center;         justify-content:center;         padding:4px 24px;     }     .c-w img{         width:24px;         margin-right:12px;     }     .c-w p{         font:18px\/25px Poppins;         text-align:center;         color:#fff;         margin:0;     }     @media (max-width:444px){         .c-w a{             padding:4px 12px;         }         .c-w img{             width:24px;             margin-right:8px;         }         .c-w p{             font:14px\/25px Poppins;         }     }     @media (max-width:335px){         .c-w p{             font:13px\/25px Poppins;         }     }  <div class=\"c-w\">     <a href=\"https:\/\/www.whatsapp.com\/channel\/0029Va633PF9WtC4l7XUzh1e\" target=\"_blank\" rel=\"noopener\">         <img decoding=\"async\" src=\"https:\/\/cadenaser.com\/estaticos\/recursosgraficos\/responsive\/img\/ico-whatsapp.svg\" alt=\"Whatsapp\">         <p>\u00danete al <b>canal de WhatsApp<\/b> de la SER<\/p>     <\/a> <\/div><\/p> ","protected":false},"excerpt":{"rendered":"<p>Las cifras de ocupaci\u00f3n de la capital tur\u00edstica ya superan el 85 % para todo el mes<\/p>\n","protected":false},"author":0,"featured_media":7388,"comment_status":"open","ping_status":"open","sticky":false,"template":"","format":"standard","meta":{"_acf_changed":false,"footnotes":""},"categories":[1],"tags":[],"class_list":["post-7387","post","type-post","status-publish","format-standard","has-post-thumbnail","hentry","category-sin-categoria"],"acf":{"ser_id":"WRZJ4JU7MRBFRDR24HXCYSQIFM","ser_url":"https:\/\/cadenaser.com\/comunitat-valenciana\/2024\/07\/31\/los-hoteles-de-benidorm-lideran-las-reservas-para-agosto-de-toda-la-comunitat-valenciana-radio-benidorm\/"},"_links":{"self":[{"href":"https:\/\/serbenidorm.daliisolutions.com\/index.php\/wp-json\/wp\/v2\/posts\/7387","targetHints":{"allow":["GET"]}}],"collection":[{"href":"https:\/\/serbenidorm.daliisolutions.com\/index.php\/wp-json\/wp\/v2\/posts"}],"about":[{"href":"https:\/\/serbenidorm.daliisolutions.com\/index.php\/wp-json\/wp\/v2\/types\/post"}],"replies":[{"embeddable":true,"href":"https:\/\/serbenidorm.daliisolutions.com\/index.php\/wp-json\/wp\/v2\/comments?post=7387"}],"version-history":[{"count":0,"href":"https:\/\/serbenidorm.daliisolutions.com\/index.php\/wp-json\/wp\/v2\/posts\/7387\/revisions"}],"wp:featuredmedia":[{"embeddable":true,"href":"https:\/\/serbenidorm.daliisolutions.com\/index.php\/wp-json\/wp\/v2\/media\/7388"}],"wp:attachment":[{"href":"https:\/\/serbenidorm.daliisolutions.com\/index.php\/wp-json\/wp\/v2\/media?parent=7387"}],"wp:term":[{"taxonomy":"category","embeddable":true,"href":"https:\/\/serbenidorm.daliisolutions.com\/index.php\/wp-json\/wp\/v2\/categories?post=7387"},{"taxonomy":"post_tag","embeddable":true,"href":"https:\/\/serbenidorm.daliisolutions.com\/index.php\/wp-json\/wp\/v2\/tags?post=7387"}],"curies":[{"name":"wp","href":"https:\/\/api.w.org\/{rel}","templated":true}]}}